{"id":997,"date":"2016-08-29T13:34:28","date_gmt":"2016-08-29T17:34:28","guid":{"rendered":"http:\/\/www.emater.ro.gov.br\/ematerro\/?p=997"},"modified":"2016-09-02T09:54:40","modified_gmt":"2016-09-02T13:54:40","slug":"candeias-leva-primeiro-lugar-no-concurso-leiteiro-da-portoagro","status":"publish","type":"post","link":"http:\/\/www.emater.ro.gov.br\/ematerro\/2016\/08\/29\/candeias-leva-primeiro-lugar-no-concurso-leiteiro-da-portoagro\/","title":{"rendered":"Candeias leva primeiro lugar no concurso leiteiro da Portoagro"},"content":{"rendered":"<p>&nbsp;<\/p>\n<p><img decoding=\"async\" loading=\"lazy\" class=\"alignleft wp-image-999\" src=\"http:\/\/www.emater.ro.gov.br\/ematerro\/wp-content\/uploads\/2016\/08\/DSC_0425-300x199.jpg\" alt=\"DSC_0425\" width=\"350\" height=\"232\" srcset=\"http:\/\/www.emater.ro.gov.br\/ematerro\/wp-content\/uploads\/2016\/08\/DSC_0425-300x199.jpg 300w, http:\/\/www.emater.ro.gov.br\/ematerro\/wp-content\/uploads\/2016\/08\/DSC_0425-768x509.jpg 768w, http:\/\/www.emater.ro.gov.br\/ematerro\/wp-content\/uploads\/2016\/08\/DSC_0425-1024x678.jpg 1024w, http:\/\/www.emater.ro.gov.br\/ematerro\/wp-content\/uploads\/2016\/08\/DSC_0425-480x320.jpg 480w\" sizes=\"(max-width: 350px) 100vw, 350px\" \/><\/p>\n<p>A premia\u00e7\u00e3o e apresenta\u00e7\u00e3o das campe\u00e3s do 1\u00ba Concurso Leiteiro da Portoagro abrilhantou a manh\u00e3 do \u00faltimo dia da grande feira agropecu\u00e1ria de Porto Velho. O torneio leiteiro foi dirigido para produtores da agricultura familiar, o que significa dizer que todos eram micros ou pequenos produtores.<\/p>\n<p>Os nove animais participantes da competi\u00e7\u00e3o de produtividade deram entrada no parque na quarta- feira, quando foi feita a esgota regulamentar e os produtores preparam as vacas para as ordenhas competitivas, e j\u00e1 na primeira ordenha na manh\u00e3 de quinta feira o vaca que viria a se consagrar como campe\u00e3 produziu 10,96 quilos de leite.<\/p>\n<p><img decoding=\"async\" loading=\"lazy\" class=\"alignright wp-image-1001\" src=\"http:\/\/www.emater.ro.gov.br\/ematerro\/wp-content\/uploads\/2016\/08\/DSC_0444-300x199.jpg\" alt=\"DSC_0444\" width=\"300\" height=\"199\" srcset=\"http:\/\/www.emater.ro.gov.br\/ematerro\/wp-content\/uploads\/2016\/08\/DSC_0444-300x199.jpg 300w, http:\/\/www.emater.ro.gov.br\/ematerro\/wp-content\/uploads\/2016\/08\/DSC_0444-768x509.jpg 768w, http:\/\/www.emater.ro.gov.br\/ematerro\/wp-content\/uploads\/2016\/08\/DSC_0444-1024x678.jpg 1024w, http:\/\/www.emater.ro.gov.br\/ematerro\/wp-content\/uploads\/2016\/08\/DSC_0444-480x320.jpg 480w\" sizes=\"(max-width: 300px) 100vw, 300px\" \/><\/p>\n<p>O concurso foi organizado em conjunto, pela Emater-RO e Secret\u00e1ria Municipal de Agricultura de Porto Velho (semagric), e com patroc\u00ednio de varias empresas do comercio de produtos agropecu\u00e1rios.<\/p>\n<p>A m\u00e9dia produzida por animal foi menor que os resultados obtidos em outros torneios leiteiros realizados no interior do Estado, no entanto tem-se que considerar a condi\u00e7\u00e3o de principiantes dos participantes, j\u00e1 que a regi\u00e3o de Porto Velho n\u00e3o tem tradi\u00e7\u00e3o na produ\u00e7\u00e3o de leite com exce\u00e7\u00e3o do munic\u00edpio de Nova Mamor\u00e9, que n\u00e3o participou do concurso.<\/p>\n<p><img decoding=\"async\" loading=\"lazy\" class=\"alignleft wp-image-1002\" src=\"http:\/\/www.emater.ro.gov.br\/ematerro\/wp-content\/uploads\/2016\/08\/DSC_0361-300x199.jpg\" alt=\"DSC_0361\" width=\"300\" height=\"199\" srcset=\"http:\/\/www.emater.ro.gov.br\/ematerro\/wp-content\/uploads\/2016\/08\/DSC_0361-300x199.jpg 300w, http:\/\/www.emater.ro.gov.br\/ematerro\/wp-content\/uploads\/2016\/08\/DSC_0361-768x509.jpg 768w, http:\/\/www.emater.ro.gov.br\/ematerro\/wp-content\/uploads\/2016\/08\/DSC_0361-1024x678.jpg 1024w, http:\/\/www.emater.ro.gov.br\/ematerro\/wp-content\/uploads\/2016\/08\/DSC_0361-480x320.jpg 480w\" sizes=\"(max-width: 300px) 100vw, 300px\" \/><\/p>\n<p>O propriet\u00e1rio da campe\u00e3 \u00e9 o criador Ednilson Pereira da Costa da linha 43 no munic\u00edpio de Candeias do Jamari, participou com sua vaca Andorinha que produziu uma m\u00e9dia di\u00e1ria \u00a0pouquinho menor de 20(19,7) quilos de leite, na media di\u00e1ria do concurso, e \u00a0levou de pr\u00eamio uma novilha girolando do plantel do sitio Dom Henrique, patrocinada pelo latic\u00ednio Leite Fresquinho.<\/p>\n<h6 style=\"text-align: right;\"><\/h6>\n<h6 style=\"text-align: right;\">Enoque de Oliveira<br \/>\nfotos: Robson Paiva<br \/>\nEmater-RO<\/h6>\n<p>&nbsp;<\/p>\n","protected":false},"excerpt":{"rendered":"<p>&nbsp; A premia\u00e7\u00e3o e apresenta\u00e7\u00e3o das campe\u00e3s do 1\u00ba Concurso Leiteiro da Portoagro abrilhantou a manh\u00e3 do \u00faltimo dia da grande feira agropecu\u00e1ria de Porto Velho. O torneio leiteiro foi [&hellip;]<\/p>\n","protected":false},"author":8,"featured_media":0,"comment_status":"closed","ping_status":"closed","sticky":false,"template":"","format":"standard","meta":[],"categories":[9],"tags":[],"_links":{"self":[{"href":"http:\/\/www.emater.ro.gov.br\/ematerro\/wp-json\/wp\/v2\/posts\/997"}],"collection":[{"href":"http:\/\/www.emater.ro.gov.br\/ematerro\/wp-json\/wp\/v2\/posts"}],"about":[{"href":"http:\/\/www.emater.ro.gov.br\/ematerro\/wp-json\/wp\/v2\/types\/post"}],"author":[{"embeddable":true,"href":"http:\/\/www.emater.ro.gov.br\/ematerro\/wp-json\/wp\/v2\/users\/8"}],"replies":[{"embeddable":true,"href":"http:\/\/www.emater.ro.gov.br\/ematerro\/wp-json\/wp\/v2\/comments?post=997"}],"version-history":[{"count":7,"href":"http:\/\/www.emater.ro.gov.br\/ematerro\/wp-json\/wp\/v2\/posts\/997\/revisions"}],"predecessor-version":[{"id":1128,"href":"http:\/\/www.emater.ro.gov.br\/ematerro\/wp-json\/wp\/v2\/posts\/997\/revisions\/1128"}],"wp:attachment":[{"href":"http:\/\/www.emater.ro.gov.br\/ematerro\/wp-json\/wp\/v2\/media?parent=997"}],"wp:term":[{"taxonomy":"category","embeddable":true,"href":"http:\/\/www.emater.ro.gov.br\/ematerro\/wp-json\/wp\/v2\/categories?post=997"},{"taxonomy":"post_tag","embeddable":true,"href":"http:\/\/www.emater.ro.gov.br\/ematerro\/wp-json\/wp\/v2\/tags?post=997"}],"curies":[{"name":"wp","href":"https:\/\/api.w.org\/{rel}","templated":true}]}}