{"id":9901,"date":"2021-04-09T18:23:11","date_gmt":"2021-04-09T22:23:11","guid":{"rendered":"http:\/\/www.emater.ro.gov.br\/ematerro\/?p=9901"},"modified":"2021-04-12T11:09:28","modified_gmt":"2021-04-12T15:09:28","slug":"iniciada-a-oficialmente-a-colheita-do-cafe-em-rondonia","status":"publish","type":"post","link":"http:\/\/www.emater.ro.gov.br\/ematerro\/2021\/04\/09\/iniciada-a-oficialmente-a-colheita-do-cafe-em-rondonia\/","title":{"rendered":"Iniciada  oficialmente a colheita do caf\u00e9 em Rond\u00f4nia"},"content":{"rendered":"<figure id=\"attachment_9904\" aria-describedby=\"caption-attachment-9904\" style=\"width: 1000px\" class=\"wp-caption aligncenter\"><img decoding=\"async\" loading=\"lazy\" class=\"wp-image-9904\" src=\"http:\/\/www.emater.ro.gov.br\/ematerro\/wp-content\/uploads\/2021\/04\/20210409-caf-itapu-abril-2021-foto-irene-mendes-61.jpg\" alt=\"CAF\u00c9 Itapu\u00e3 abril 2021 Foto Irene Mendes (6)(1)\" width=\"1000\" height=\"667\" srcset=\"http:\/\/www.emater.ro.gov.br\/ematerro\/wp-content\/uploads\/2021\/04\/20210409-caf-itapu-abril-2021-foto-irene-mendes-61.jpg 2835w, http:\/\/www.emater.ro.gov.br\/ematerro\/wp-content\/uploads\/2021\/04\/20210409-caf-itapu-abril-2021-foto-irene-mendes-61-300x200.jpg 300w, http:\/\/www.emater.ro.gov.br\/ematerro\/wp-content\/uploads\/2021\/04\/20210409-caf-itapu-abril-2021-foto-irene-mendes-61-768x512.jpg 768w, http:\/\/www.emater.ro.gov.br\/ematerro\/wp-content\/uploads\/2021\/04\/20210409-caf-itapu-abril-2021-foto-irene-mendes-61-1024x683.jpg 1024w, http:\/\/www.emater.ro.gov.br\/ematerro\/wp-content\/uploads\/2021\/04\/20210409-caf-itapu-abril-2021-foto-irene-mendes-61-480x320.jpg 480w\" sizes=\"(max-width: 1000px) 100vw, 1000px\" \/><figcaption id=\"caption-attachment-9904\" class=\"wp-caption-text\"><em>A Emater-RO orienta os cafeicultores desde o preparo da \u00e1rea at\u00e9 a colheita e comercializa\u00e7\u00e3o do produto.<\/em><\/figcaption><\/figure>\n<p>Os produtores de caf\u00e9 em Rond\u00f4nia j\u00e1 podem dar inicio \u00e0 colheita, apoiados na data refer\u00eancia para a colheita do Caf\u00e9 Robusta, o dia 10 de abril. Esta data foi escolhida por agricultores e t\u00e9cnicos do Estado, e oficializada atrav\u00e9s da lei 3.516 de 17 de mar\u00e7o de 2015, por marcar o per\u00edodo em que a maioria das lavouras de caf\u00e9 apresentam \u00edndices de at\u00e9 80% de frutos maduros., o dia de inicio da colheita do caf\u00e9 j\u00e1 faz parte do calend\u00e1rio de datas oficiais do Estado.<\/p>\n<p>Naturalmente que nem todos os cafezais apresentam ponto ideal de colheita na data oficial em que se comemora o inicio da colheita do caf\u00e9, porque a atividade agr\u00edcola tamb\u00e9m \u00e9 regulada pelos elementos e fatores do clima, na regi\u00e3o de Porto Velho e cidades pr\u00f3ximas, os produtores dizem que este ano a matura\u00e7\u00e3o do caf\u00e9 atrasou um pouco, mesmo assim j\u00e1 \u00e9 poss\u00edvel colher as variedades ou clones de caf\u00e9 mais precoces, em Itapu\u00e3 do Oeste o agricultor Leilton de Oliveira Vioto cultiva um plantel de 6 clones de caf\u00e9, dos quais dois j\u00e1 apresentam matura\u00e7\u00e3o adiantada, mas o agricultor diz que ainda vai esperar de 10 a 15 dias para dar inicio \u00e0 colheita de sua produ\u00e7\u00e3o.<\/p>\n<figure id=\"attachment_9905\" aria-describedby=\"caption-attachment-9905\" style=\"width: 417px\" class=\"wp-caption alignright\"><img decoding=\"async\" loading=\"lazy\" class=\"wp-image-9905\" src=\"http:\/\/www.emater.ro.gov.br\/ematerro\/wp-content\/uploads\/2021\/04\/20210409-caf-itapu-abril-2021-foto-irene-mendes-7.jpg\" alt=\"CAF\u00c9 Itapu\u00e3 abril 2021 Foto Irene Mendes (7)\" width=\"417\" height=\"278\" srcset=\"http:\/\/www.emater.ro.gov.br\/ematerro\/wp-content\/uploads\/2021\/04\/20210409-caf-itapu-abril-2021-foto-irene-mendes-7.jpg 2835w, http:\/\/www.emater.ro.gov.br\/ematerro\/wp-content\/uploads\/2021\/04\/20210409-caf-itapu-abril-2021-foto-irene-mendes-7-300x200.jpg 300w, http:\/\/www.emater.ro.gov.br\/ematerro\/wp-content\/uploads\/2021\/04\/20210409-caf-itapu-abril-2021-foto-irene-mendes-7-768x512.jpg 768w, http:\/\/www.emater.ro.gov.br\/ematerro\/wp-content\/uploads\/2021\/04\/20210409-caf-itapu-abril-2021-foto-irene-mendes-7-1024x683.jpg 1024w, http:\/\/www.emater.ro.gov.br\/ematerro\/wp-content\/uploads\/2021\/04\/20210409-caf-itapu-abril-2021-foto-irene-mendes-7-480x320.jpg 480w\" sizes=\"(max-width: 417px) 100vw, 417px\" \/><figcaption id=\"caption-attachment-9905\" class=\"wp-caption-text\"><em>O ponto ideal da colheita \u00e9 quando 80% dos frutos est\u00e3o maduros.<\/em><\/figcaption><\/figure>\n<p>A lavoura do cafeicultor Leilton \u00e9 assistida pelo escrit\u00f3rio local da Entidade Aut\u00e1rquica de Assist\u00eancia T\u00e9cnica e Extens\u00e3o Rural de Rond\u00f4nia (Emater-RO) do munic\u00edpio de Itapu\u00e3 do Oeste, o produtor tem em franca produ\u00e7\u00e3o 4 mil plantas de caf\u00e9 clonal, irrigado no sistema de gotejo com fertiirriga\u00e7\u00e3o, seu cafezal est\u00e1 na segunda safra e a expectativa para esta safra \u00e9 de 120 sacas de caf\u00e9 beneficiado por\u00a0 hectare.\u00a0 A metade das plantas dessa lavoura foi fornecida pelo programa de fomento a produ\u00e7\u00e3o da Secret\u00e1ria de Estado da Agricultura (Seagri) e o restante das mudas foi adquirida de viveiristas locais.<\/p>\n<p>&#8220;O crit\u00e9rio para escolha dos clones leva em conta caracter\u00edsticas desejadas pelos cafeicultores como produtividade elevada, resist\u00eancia ou toler\u00e2ncia a doen\u00e7as, e uma das mais importantes caracter\u00edsticas \u00e9 a uniformidade de matura\u00e7\u00e3o&#8221;, diz Diomazino Sousa de Lima, t\u00e9cnico que orienta o produtor na condu\u00e7\u00e3o da lavoura, e tamb\u00e9m \u00e9 o gerente da Emater-RO no munic\u00edpio.<\/p>\n<p>Quanto ao est\u00e1gio de matura\u00e7\u00e3o os clones s\u00e3o classificados como precoces, medianos e tardios, essas caracter\u00edsticas s\u00e3o muito importantes para facilitar o trabalho da colheita. Como a cultura do caf\u00e9 em Rond\u00f4nia \u00e9 uma atividade predominante da agricultura familiar, com m\u00e9dia de duas a tr\u00eas pessoas da fam\u00edlia trabalhando na lavoura, \u00e9 fundamental o escalonamento da produ\u00e7\u00e3o, para que a fam\u00edlia consiga realizar a colheita no tempo desejado com 80 a 90 por cento dos frutos completamente maduros, diz o t\u00e9cnico.<\/p>\n<p>O ponto ideal da colheita \u00e9 quando 80% dos frutos est\u00e3o maduros. Os benef\u00edcios da colheita do caf\u00e9 quando os frutos est\u00e3o no estagio cereja ou completamente maduros, v\u00e3o da melhoria no rendimento da produ\u00e7\u00e3o, que pode ser elevada em at\u00e9 30%, \u00e0 melhora da qualidade do gr\u00e3o que chega \u00e0s torrefa\u00e7\u00f5es, com reflexos nos valores recebidos pelos produtores.<\/p>\n<h6 style=\"text-align: right;\"><span style=\"color: #008000;\"><em>Texto: Enoque de Oliveira<\/em><\/span><br \/>\n<span style=\"color: #008000;\"><em> Fotos: Irene Mendes<\/em><\/span><br \/>\n<span style=\"color: #008000;\"><em>EMATER-RO<\/em><\/span><\/h6>\n","protected":false},"excerpt":{"rendered":"<p>Os produtores de caf\u00e9 em Rond\u00f4nia j\u00e1 podem dar inicio \u00e0 colheita, apoiados na data refer\u00eancia para a colheita do Caf\u00e9 Robusta, o dia 10 de abril. Esta data foi [&hellip;]<\/p>\n","protected":false},"author":8,"featured_media":9910,"comment_status":"closed","ping_status":"closed","sticky":false,"template":"","format":"standard","meta":[],"categories":[10,9,12],"tags":[173,48],"_links":{"self":[{"href":"http:\/\/www.emater.ro.gov.br\/ematerro\/wp-json\/wp\/v2\/posts\/9901"}],"collection":[{"href":"http:\/\/www.emater.ro.gov.br\/ematerro\/wp-json\/wp\/v2\/posts"}],"about":[{"href":"http:\/\/www.emater.ro.gov.br\/ematerro\/wp-json\/wp\/v2\/types\/post"}],"author":[{"embeddable":true,"href":"http:\/\/www.emater.ro.gov.br\/ematerro\/wp-json\/wp\/v2\/users\/8"}],"replies":[{"embeddable":true,"href":"http:\/\/www.emater.ro.gov.br\/ematerro\/wp-json\/wp\/v2\/comments?post=9901"}],"version-history":[{"count":11,"href":"http:\/\/www.emater.ro.gov.br\/ematerro\/wp-json\/wp\/v2\/posts\/9901\/revisions"}],"predecessor-version":[{"id":9923,"href":"http:\/\/www.emater.ro.gov.br\/ematerro\/wp-json\/wp\/v2\/posts\/9901\/revisions\/9923"}],"wp:featuredmedia":[{"embeddable":true,"href":"http:\/\/www.emater.ro.gov.br\/ematerro\/wp-json\/wp\/v2\/media\/9910"}],"wp:attachment":[{"href":"http:\/\/www.emater.ro.gov.br\/ematerro\/wp-json\/wp\/v2\/media?parent=9901"}],"wp:term":[{"taxonomy":"category","embeddable":true,"href":"http:\/\/www.emater.ro.gov.br\/ematerro\/wp-json\/wp\/v2\/categories?post=9901"},{"taxonomy":"post_tag","embeddable":true,"href":"http:\/\/www.emater.ro.gov.br\/ematerro\/wp-json\/wp\/v2\/tags?post=9901"}],"curies":[{"name":"wp","href":"https:\/\/api.w.org\/{rel}","templated":true}]}}