{"id":985,"date":"2016-08-29T10:41:19","date_gmt":"2016-08-29T14:41:19","guid":{"rendered":"http:\/\/www.emater.ro.gov.br\/ematerro\/?p=985"},"modified":"2016-08-29T10:43:29","modified_gmt":"2016-08-29T14:43:29","slug":"agroindustrias-e-artesanato-movimentaram-mais-de-70-mil-reais-na-portoagro","status":"publish","type":"post","link":"http:\/\/www.emater.ro.gov.br\/ematerro\/2016\/08\/29\/agroindustrias-e-artesanato-movimentaram-mais-de-70-mil-reais-na-portoagro\/","title":{"rendered":"Agroind\u00fastrias e artesanato movimentaram mais de 70 mil reais na Portoagro"},"content":{"rendered":"<p>Foram cinco dias de intenso movimento. A 2\u00aa Feira de Neg\u00f3cios e Tecnologias Rurais Sustent\u00e1veis &#8211; Portoagro, encerrada neste domingo (28), trouxe para as agroind\u00fastrias e artes\u00e3os de Porto Velho e regi\u00e3o um movimento de R$ 78.226,00 e a certeza de que o investimento est\u00e1 trilhando por caminhos certos. Cerca de 30 agroind\u00fastrias e 60 artes\u00e3os participaram do evento e ficaram satisfeitos com as vendas realizadas.<\/p>\n<figure id=\"attachment_988\" aria-describedby=\"caption-attachment-988\" style=\"width: 512px\" class=\"wp-caption alignleft\"><img decoding=\"async\" loading=\"lazy\" class=\"wp-image-988 \" src=\"http:\/\/www.emater.ro.gov.br\/ematerro\/wp-content\/uploads\/2016\/08\/DSC_0018-300x188.jpg\" alt=\"O n\u00famero de agroind\u00fastria legalizadas aumentou com a implanta\u00e7\u00e3o do Prove.\" width=\"512\" height=\"321\" srcset=\"http:\/\/www.emater.ro.gov.br\/ematerro\/wp-content\/uploads\/2016\/08\/DSC_0018-300x188.jpg 300w, http:\/\/www.emater.ro.gov.br\/ematerro\/wp-content\/uploads\/2016\/08\/DSC_0018-768x480.jpg 768w, http:\/\/www.emater.ro.gov.br\/ematerro\/wp-content\/uploads\/2016\/08\/DSC_0018.jpg 800w\" sizes=\"(max-width: 512px) 100vw, 512px\" \/><figcaption id=\"caption-attachment-988\" class=\"wp-caption-text\">O n\u00famero de agroind\u00fastria legalizadas aumentou com a implanta\u00e7\u00e3o do Prove.<\/figcaption><\/figure>\n<p>A iniciativa do governo estadual em fortalecer as agroind\u00fastrias familiares foi uma das mais acertadas. O n\u00famero de mini-ind\u00fastrias devidamente legalizadas e aptas a comercializar produtos dentro e fora do estado deu um salto nos \u00faltimos anos e garantiu a melhorias da qualidade de vida com gera\u00e7\u00e3o e aumento da renda familiar.<\/p>\n<p>&nbsp;<\/p>\n<p>O maior incentivo para que pequenos propriet\u00e1rios rurais come\u00e7assem a produzir, industrializar e comercializar bens sem intermedia\u00e7\u00e3o veio com a institui\u00e7\u00e3o do Programa de Verticaliza\u00e7\u00e3o da Pequena Produ\u00e7\u00e3o Agropecu\u00e1ria (Prove), implantado pelo governo em 2012. Ao agregar valor \u00e0 mat\u00e9ria-prima, o agricultor viu na iniciativa a oportunidade que precisava para permanecer no campo e garantir um futuro para sua fam\u00edlia.<\/p>\n<p>Hoje, o saldo positivo pode ser visto nos resultados que as mesmas v\u00eam obtendo em grandes eventos como Rond\u00f4nia Rural Show, que j\u00e1 caminha para sua sexta edi\u00e7\u00e3o, e mais recentemente, na Portoagro, cuja segunda edi\u00e7\u00e3o foi um grande sucesso.<\/p>\n<figure id=\"attachment_990\" aria-describedby=\"caption-attachment-990\" style=\"width: 362px\" class=\"wp-caption alignright\"><img decoding=\"async\" loading=\"lazy\" class=\"wp-image-990 \" src=\"http:\/\/www.emater.ro.gov.br\/ematerro\/wp-content\/uploads\/2016\/08\/DSC_0020-300x188.jpg\" alt=\"o saldo positivo pode ser visto nos resultados obtidos na Portoagro.\" width=\"362\" height=\"227\" srcset=\"http:\/\/www.emater.ro.gov.br\/ematerro\/wp-content\/uploads\/2016\/08\/DSC_0020-300x188.jpg 300w, http:\/\/www.emater.ro.gov.br\/ematerro\/wp-content\/uploads\/2016\/08\/DSC_0020-768x480.jpg 768w, http:\/\/www.emater.ro.gov.br\/ematerro\/wp-content\/uploads\/2016\/08\/DSC_0020.jpg 800w\" sizes=\"(max-width: 362px) 100vw, 362px\" \/><figcaption id=\"caption-attachment-990\" class=\"wp-caption-text\">O saldo positivo pode ser visto nos resultados obtidos na Portoagro.<\/figcaption><\/figure>\n<p>Segundo o extensionista da Emater-RO, Rodrigo Bruno Loyo Cadette, at\u00e9 a noite de domingo, as 30 agroind\u00fastrias participantes da 2\u00aa Portoagro movimentaram juntas R$ 39.734,00. J\u00e1, no pavilh\u00e3o do artesanato, os cerca de 60 artes\u00e3os presentes, incluindo dois artistas pl\u00e1sticos e dois grupos de artes\u00e3os peruanos, comercializaram R$ 38.492,00 com a venda de seus produtos.<\/p>\n<p>A participa\u00e7\u00e3o dessas agroind\u00fastrias e artes\u00e3os no evento foi viabilizada pela parceria firmada entre a Seagri, Emater-RO e Prefeitura de Porto Velho e tem sido um grande incentivo para o agricultor que quer investir no seu neg\u00f3cio agregando valor ao produto e melhorar a renda da sua fam\u00edlia.<\/p>\n<p>Wania Ressutti<br \/>\nJornalista \u2013 SRTE\/DRT\/RO-959<br \/>\nFotos: Irene Mendes<br \/>\nRep\u00f3rter fotogr\u00e1fica \u2013 SRTE\/DRT\/RO-368<br \/>\nEMATER-RO<\/p>\n","protected":false},"excerpt":{"rendered":"<p>Foram cinco dias de intenso movimento. A 2\u00aa Feira de Neg\u00f3cios e Tecnologias Rurais Sustent\u00e1veis &#8211; Portoagro, encerrada neste domingo (28), trouxe para as agroind\u00fastrias e artes\u00e3os de Porto Velho [&hellip;]<\/p>\n","protected":false},"author":9,"featured_media":987,"comment_status":"closed","ping_status":"closed","sticky":false,"template":"","format":"standard","meta":[],"categories":[10,9,12],"tags":[],"_links":{"self":[{"href":"http:\/\/www.emater.ro.gov.br\/ematerro\/wp-json\/wp\/v2\/posts\/985"}],"collection":[{"href":"http:\/\/www.emater.ro.gov.br\/ematerro\/wp-json\/wp\/v2\/posts"}],"about":[{"href":"http:\/\/www.emater.ro.gov.br\/ematerro\/wp-json\/wp\/v2\/types\/post"}],"author":[{"embeddable":true,"href":"http:\/\/www.emater.ro.gov.br\/ematerro\/wp-json\/wp\/v2\/users\/9"}],"replies":[{"embeddable":true,"href":"http:\/\/www.emater.ro.gov.br\/ematerro\/wp-json\/wp\/v2\/comments?post=985"}],"version-history":[{"count":6,"href":"http:\/\/www.emater.ro.gov.br\/ematerro\/wp-json\/wp\/v2\/posts\/985\/revisions"}],"predecessor-version":[{"id":995,"href":"http:\/\/www.emater.ro.gov.br\/ematerro\/wp-json\/wp\/v2\/posts\/985\/revisions\/995"}],"wp:featuredmedia":[{"embeddable":true,"href":"http:\/\/www.emater.ro.gov.br\/ematerro\/wp-json\/wp\/v2\/media\/987"}],"wp:attachment":[{"href":"http:\/\/www.emater.ro.gov.br\/ematerro\/wp-json\/wp\/v2\/media?parent=985"}],"wp:term":[{"taxonomy":"category","embeddable":true,"href":"http:\/\/www.emater.ro.gov.br\/ematerro\/wp-json\/wp\/v2\/categories?post=985"},{"taxonomy":"post_tag","embeddable":true,"href":"http:\/\/www.emater.ro.gov.br\/ematerro\/wp-json\/wp\/v2\/tags?post=985"}],"curies":[{"name":"wp","href":"https:\/\/api.w.org\/{rel}","templated":true}]}}