{"id":9585,"date":"2021-02-26T11:35:38","date_gmt":"2021-02-26T15:35:38","guid":{"rendered":"http:\/\/www.emater.ro.gov.br\/ematerro\/?p=9585"},"modified":"2021-02-26T11:35:38","modified_gmt":"2021-02-26T15:35:38","slug":"diretoria-executiva-da-anater-parabeniza-reeleicao-do-presidente-da-asbraer-e-rondonia-se-orgulha-de-ter-um-de-seus-representantes-na-vice-presidencia","status":"publish","type":"post","link":"http:\/\/www.emater.ro.gov.br\/ematerro\/2021\/02\/26\/diretoria-executiva-da-anater-parabeniza-reeleicao-do-presidente-da-asbraer-e-rondonia-se-orgulha-de-ter-um-de-seus-representantes-na-vice-presidencia\/","title":{"rendered":"Diretoria Executiva da Anater parabeniza reelei\u00e7\u00e3o do presidente da Asbraer e Rond\u00f4nia se orgulha de ter um de seus representantes na vice-presid\u00eancia"},"content":{"rendered":"<figure id=\"attachment_9586\" aria-describedby=\"caption-attachment-9586\" style=\"width: 1128px\" class=\"wp-caption aligncenter\"><img decoding=\"async\" loading=\"lazy\" class=\"size-full wp-image-9586\" src=\"http:\/\/www.emater.ro.gov.br\/ematerro\/wp-content\/uploads\/2021\/02\/Eleicao-Asbraer-02fev2021-25_foto-Juliana-Silva-3.jpg\" alt=\"A regi\u00e3o Norte tem peculiaridades \u00fanicas, que a diferenciam das demais regi\u00f5es do pa\u00eds.\" width=\"1128\" height=\"710\" srcset=\"http:\/\/www.emater.ro.gov.br\/ematerro\/wp-content\/uploads\/2021\/02\/Eleicao-Asbraer-02fev2021-25_foto-Juliana-Silva-3.jpg 1128w, http:\/\/www.emater.ro.gov.br\/ematerro\/wp-content\/uploads\/2021\/02\/Eleicao-Asbraer-02fev2021-25_foto-Juliana-Silva-3-300x189.jpg 300w, http:\/\/www.emater.ro.gov.br\/ematerro\/wp-content\/uploads\/2021\/02\/Eleicao-Asbraer-02fev2021-25_foto-Juliana-Silva-3-768x483.jpg 768w, http:\/\/www.emater.ro.gov.br\/ematerro\/wp-content\/uploads\/2021\/02\/Eleicao-Asbraer-02fev2021-25_foto-Juliana-Silva-3-1024x645.jpg 1024w\" sizes=\"(max-width: 1128px) 100vw, 1128px\" \/><figcaption id=\"caption-attachment-9586\" class=\"wp-caption-text\"><em>A regi\u00e3o Norte tem peculiaridades \u00fanicas, que a diferenciam das demais regi\u00f5es do pa\u00eds.<\/em><\/figcaption><\/figure>\n<p>A Diretoria Executiva da Ag\u00eancia de Assist\u00eancia T\u00e9cnica e Extens\u00e3o Rural (Direx-Anater) parabeniza a reelei\u00e7\u00e3o do presidente da Associa\u00e7\u00e3o Brasileira das Entidades P\u00fablicas de Assist\u00eancia T\u00e9cnica e Extens\u00e3o Rural (Asbraer). Poeta Nivaldo Magalh\u00e3es segue no comando, tendo como vice-presidente, Luciano Brand\u00e3o (Emater\/RO). A elei\u00e7\u00e3o da diretoria para o bi\u00eanio 2021\/2023 foi realizada, na \u00faltima quarta-feira (24), na 59\u00aa Assembleia Geral da Asbraer.<\/p>\n<p>O presidente da Anater, Ademar Silva J\u00fanior, ressaltou a parceria e desejou mais sucesso \u00e0 frente da Asbraer, de forma que a Assist\u00eancia T\u00e9cnica e Extens\u00e3o Rural P\u00fablica siga avan\u00e7ando no Brasil. \u201cO presidente Nivaldo sempre se mostrou um grande parceiro do Mapa e \u00e9 uma m\u00e3o de apoio \u00e0 nossa gest\u00e3o. Quero n\u00e3o s\u00f3 parabenizar sua merecida recondu\u00e7\u00e3o, mas tamb\u00e9m reconhecer esse apoio e vis\u00e3o estrat\u00e9gica dele para juntos mantermos um forte compromisso com a Ater P\u00fablica. Parab\u00e9ns a ele e equipe\u201d.<\/p>\n<p><strong>FORTALECIMENTO DA ATER NA REGI\u00c3O NORTE DO BRASIL<\/strong><\/p>\n<figure id=\"attachment_9588\" aria-describedby=\"caption-attachment-9588\" style=\"width: 300px\" class=\"wp-caption alignleft\"><img decoding=\"async\" loading=\"lazy\" class=\"wp-image-9588\" src=\"http:\/\/www.emater.ro.gov.br\/ematerro\/wp-content\/uploads\/2021\/02\/Luciano_002.jpg\" alt=\"Essa \u00e9 a primeira vez que a regi\u00e3o norte tem um representante em um cargo de tamanha responsabilidade dentro da Asbraer .\" width=\"300\" height=\"400\" srcset=\"http:\/\/www.emater.ro.gov.br\/ematerro\/wp-content\/uploads\/2021\/02\/Luciano_002.jpg 750w, http:\/\/www.emater.ro.gov.br\/ematerro\/wp-content\/uploads\/2021\/02\/Luciano_002-225x300.jpg 225w\" sizes=\"(max-width: 300px) 100vw, 300px\" \/><figcaption id=\"caption-attachment-9588\" class=\"wp-caption-text\"><em>Essa \u00e9 a primeira vez que a regi\u00e3o norte tem um representante em um cargo de tamanha responsabilidade dentro da Asbraer .<\/em><\/figcaption><\/figure>\n<p>A elei\u00e7\u00e3o de um representante da regi\u00e3o Norte para ocupar um cargo no primeiro escal\u00e3o da diretoria da Asbraer \u00e9 um marco muito importante, pois demonstra o crescimento e a maturidade com que a regi\u00e3o amaz\u00f4nica vem conduzindo os servi\u00e7os de assist\u00eancia t\u00e9cnica local. \u201cEssa \u00e9 a primeira vez que a regi\u00e3o norte tem um representante em um cargo de tamanha responsabilidade dentro da Asbraer e n\u00f3s faremos jus \u00e0 essa confian\u00e7a que nos foi depositada\u201d, diz o diretor presidente da Emater-RO, agora como vice-presidente da Asbraer, Luciano Brand\u00e3o.<\/p>\n<p>A regi\u00e3o Norte tem peculiaridades \u00fanicas, que a diferenciam das demais regi\u00f5es do pa\u00eds. Dificuldades de acesso a lugares distantes, estradas intrafeg\u00e1veis, acesso \u00e0 internet de boa qualidade, s\u00e3o apenas alguns dos obst\u00e1culos enfrentados pelas entidades de Ater que atuam nos estados daquela regi\u00e3o.<\/p>\n<p>Por\u00e9m, nada disso impede que os servi\u00e7os prestados pela\u00a0 Ater p\u00fablica esteja presente em todos os lugares. S\u00e3o muitas as iniciativas levadas atrav\u00e9s dos milhares de extensionistas que atuam diretamente com a fam\u00edlia rural que trabalham com afinco para melhorar, n\u00e3o somente a produ\u00e7\u00e3o e produtividade no campo, mas garantindo t\u00e9cnicas e viabilizando a produ\u00e7\u00e3o sustent\u00e1vel para dar dignidade \u00e0 fam\u00edlia rural.<\/p>\n<p>A composi\u00e7\u00e3o dos conselhos diretor e fiscal ficou assim definida:<\/p>\n<p><strong>CONSELHO DIRETOR<\/strong><br \/>\nPresidente Nacional, Nivaldo Magalh\u00e3es (Empaer\/PB)<br \/>\nVice-presidente Nacional Luciano Brand\u00e3o (Emater\/RO)<br \/>\nVice-presidente da Regi\u00e3o Norte, Valdenor Cardoso (IDAM\/AM) , suplente Cleide Amorim (Emater\/PA)<br \/>\nVice-presidente da Regi\u00e3o Nordeste, Ant\u00f4nio Amorim (Ematerce\/CE), suplente Francisco Guedes (Emater\/PI)<br \/>\nVice-presidente da Regi\u00e3o Centro-Oeste, Pedro Leonardo (Emater\/GO), suplente Denise Fonseca (Emater\/DF)<br \/>\nVice-presidente da Regi\u00e3o Sudeste, Lu\u00edsa Barreto (Emater\/MG), suplente Marcelo Monteiro (Emater\/RJ)<br \/>\nVice-presidente da Regi\u00e3o Sul, Natalino Avance (IDR-Paran\u00e1), suplente Geraldo Sandri (Emater\/RS).<\/p>\n<p><strong>CONSELHO FISC<\/strong>AL<br \/>\nDiniz Dias (IDR-Paran\u00e1), Cl\u00e1udio Bortolini (Emater\/MG), Loislene Trindade (Emater\/DF), para titulares, tendo o Cl\u00e1udio Bortoline como presidente do Conselho e para supl\u00eancia, Humberto Bicca (Epagri\/SC), Antelmo Teixeira (Emater\/GO) e Lais da Cruz das Neves (Bahiater).<\/p>\n<p>A elei\u00e7\u00e3o foi realizada de forma virtual, no dia 24 de fevereiro deste ano, com a participa\u00e7\u00e3o dos presidentes das entidades de Ater do pa\u00eds e o mandato da nova diretoria ser\u00e1 no per\u00edodo de 01\/05\/2021 \u00e0 30\/04\/2023.<\/p>\n<h6 style=\"text-align: right;\">\n<span style=\"color: #008000;\"><em>Fonte: Asbraer e Anater<\/em><\/span><br \/>\n<span style=\"color: #008000;\"><em>Texto: Wania Ressutti<\/em><\/span><br \/>\n<span style=\"color: #008000;\"><em>Jornalista \u2013 MTE-1744\/RO<\/em><\/span><br \/>\n<span style=\"color: #008000;\"><em>Fotos: Irene Mendes, \u00c9sio Mendes e Asbraer<\/em><\/span><br \/>\n<span style=\"color: #008000;\"><em>EMATER-RO<\/em><\/span><\/h6>\n","protected":false},"excerpt":{"rendered":"<p>A Diretoria Executiva da Ag\u00eancia de Assist\u00eancia T\u00e9cnica e Extens\u00e3o Rural (Direx-Anater) parabeniza a reelei\u00e7\u00e3o do presidente da Associa\u00e7\u00e3o Brasileira das Entidades P\u00fablicas de Assist\u00eancia T\u00e9cnica e Extens\u00e3o Rural (Asbraer). [&hellip;]<\/p>\n","protected":false},"author":9,"featured_media":9590,"comment_status":"closed","ping_status":"closed","sticky":false,"template":"","format":"standard","meta":[],"categories":[10,9,12],"tags":[],"_links":{"self":[{"href":"http:\/\/www.emater.ro.gov.br\/ematerro\/wp-json\/wp\/v2\/posts\/9585"}],"collection":[{"href":"http:\/\/www.emater.ro.gov.br\/ematerro\/wp-json\/wp\/v2\/posts"}],"about":[{"href":"http:\/\/www.emater.ro.gov.br\/ematerro\/wp-json\/wp\/v2\/types\/post"}],"author":[{"embeddable":true,"href":"http:\/\/www.emater.ro.gov.br\/ematerro\/wp-json\/wp\/v2\/users\/9"}],"replies":[{"embeddable":true,"href":"http:\/\/www.emater.ro.gov.br\/ematerro\/wp-json\/wp\/v2\/comments?post=9585"}],"version-history":[{"count":1,"href":"http:\/\/www.emater.ro.gov.br\/ematerro\/wp-json\/wp\/v2\/posts\/9585\/revisions"}],"predecessor-version":[{"id":9591,"href":"http:\/\/www.emater.ro.gov.br\/ematerro\/wp-json\/wp\/v2\/posts\/9585\/revisions\/9591"}],"wp:featuredmedia":[{"embeddable":true,"href":"http:\/\/www.emater.ro.gov.br\/ematerro\/wp-json\/wp\/v2\/media\/9590"}],"wp:attachment":[{"href":"http:\/\/www.emater.ro.gov.br\/ematerro\/wp-json\/wp\/v2\/media?parent=9585"}],"wp:term":[{"taxonomy":"category","embeddable":true,"href":"http:\/\/www.emater.ro.gov.br\/ematerro\/wp-json\/wp\/v2\/categories?post=9585"},{"taxonomy":"post_tag","embeddable":true,"href":"http:\/\/www.emater.ro.gov.br\/ematerro\/wp-json\/wp\/v2\/tags?post=9585"}],"curies":[{"name":"wp","href":"https:\/\/api.w.org\/{rel}","templated":true}]}}