{"id":951,"date":"2016-08-25T11:52:05","date_gmt":"2016-08-25T15:52:05","guid":{"rendered":"http:\/\/www.emater.ro.gov.br\/ematerro\/?p=951"},"modified":"2016-08-25T12:19:40","modified_gmt":"2016-08-25T16:19:40","slug":"portoagro-reune-o-melhor-do-agronegocio-da-regiao","status":"publish","type":"post","link":"http:\/\/www.emater.ro.gov.br\/ematerro\/2016\/08\/25\/portoagro-reune-o-melhor-do-agronegocio-da-regiao\/","title":{"rendered":"Portoagro re\u00fane o melhor do agroneg\u00f3cio da regi\u00e3o"},"content":{"rendered":"<p style=\"text-align: center;\"><strong>Emater apoia os agricultores familiares durante o evento<\/strong><\/p>\n<p>Realizada ontem (24), no Parque dos Tanques, em Porto Velho, a abertura da 2\u00aa Portoagro reuniu autoridades e representantes dos diversos setores da economia do estado. Agricultores familiares, pecuaristas, artes\u00e3os, institui\u00e7\u00f5es financeiras, representantes de m\u00e1quinas, equipamentos e implementos agr\u00edcolas e com\u00e9rcio em geral estar\u00e3o mostrando at\u00e9 domingo (28), o que h\u00e1 de melhor em produ\u00e7\u00e3o, produtividade e agroneg\u00f3cio na regi\u00e3o. S\u00e3o 120 expositores e uma expectativa de neg\u00f3cios de R$ 250 milh\u00f5es durante os cinco dias de evento.<\/p>\n<figure id=\"attachment_956\" aria-describedby=\"caption-attachment-956\" style=\"width: 1024px\" class=\"wp-caption aligncenter\"><img decoding=\"async\" loading=\"lazy\" class=\"wp-image-956 size-large\" src=\"http:\/\/www.emater.ro.gov.br\/ematerro\/wp-content\/uploads\/2016\/08\/Portoagro-reune-o-melhor-do-agronegocio-da-regiao_001-foto-IRENE-MENDES-1024x640.jpg\" alt=\"A Emater-RO tem incentivado o aumento de gera\u00e7\u00e3o de emprego e renda no campo.\" width=\"1024\" height=\"640\" srcset=\"http:\/\/www.emater.ro.gov.br\/ematerro\/wp-content\/uploads\/2016\/08\/Portoagro-reune-o-melhor-do-agronegocio-da-regiao_001-foto-IRENE-MENDES-1024x640.jpg 1024w, http:\/\/www.emater.ro.gov.br\/ematerro\/wp-content\/uploads\/2016\/08\/Portoagro-reune-o-melhor-do-agronegocio-da-regiao_001-foto-IRENE-MENDES-300x188.jpg 300w, http:\/\/www.emater.ro.gov.br\/ematerro\/wp-content\/uploads\/2016\/08\/Portoagro-reune-o-melhor-do-agronegocio-da-regiao_001-foto-IRENE-MENDES-768x480.jpg 768w\" sizes=\"(max-width: 1024px) 100vw, 1024px\" \/><figcaption id=\"caption-attachment-956\" class=\"wp-caption-text\">A Emater-RO tem incentivado o aumento de gera\u00e7\u00e3o de emprego e renda no campo.<\/figcaption><\/figure>\n<p>A 2\u00aa Feira de Neg\u00f3cios e Tecnologias Rurais Sustent\u00e1veis \u2013 Portoagro veio para proporcionar aos empreendedores do agroneg\u00f3cio transfer\u00eancia de tecnologia sustent\u00e1vel e mostrar ao trabalhador rural as tend\u00eancias que est\u00e3o mudando o conceito de produ\u00e7\u00e3o no pa\u00eds. Al\u00e9m das tecnologias, a popula\u00e7\u00e3o ter\u00e1 oportunidade de conhecer a potencialidade do estado, em especial da regi\u00e3o de Porto Velho, que hoje vem se consolidando como uma capital produtiva.<\/p>\n<p>Durante os cinco dias do evento os agricultores ter\u00e3o oportunidade tamb\u00e9m de buscar as linhas de cr\u00e9dito dispon\u00edveis atrav\u00e9s dos bancos oficiais, para aquisi\u00e7\u00e3o de bens e investimento\u00a0em suas propriedades. As rodadas de neg\u00f3cios come\u00e7aram antecipadamente, com a Caravana de Oportunidade percorrendo os munic\u00edpios e distritos da regi\u00e3o, no intuito de agilizar os tramites das propostas para financiamento.<\/p>\n<p>At\u00e9 o in\u00edcio do m\u00eas de agosto, mais de 800 propostas de agricultura familiar j\u00e1 haviam sido confirmadas, num total em torno de R$ 60 milh\u00f5es. Com a venda nos com\u00e9rcios participantes e as propostas de grandes pecuaristas e de agricultores familiares que ser\u00e3o realizadas durante a Feira, a expectativa \u00e9 que os neg\u00f3cios cheguem a R$ 250 milh\u00f5es.<\/p>\n<p><strong>AGRICULTURA FAMILIAR<\/strong><br \/>\nA agricultura familiar no estado de Rond\u00f4nia \u00e9 respons\u00e1vel por cerca de 80% a 85% da produ\u00e7\u00e3o de alimentos b\u00e1sicos, aquele que vai para a mesa do consumidor. Com assist\u00eancia t\u00e9cnica garantida pelo governo estadual, esses pequenos produtores s\u00e3o orientados e assistidos pela Emater-RO, na inser\u00e7\u00e3o de novas tecnologias em suas propriedades.<\/p>\n<p>A assist\u00eancia t\u00e9cnica e extens\u00e3o rural t\u00eam incentivado tamb\u00e9m, o aumento de gera\u00e7\u00e3o de emprego e renda no campo atrav\u00e9s de implanta\u00e7\u00e3o de pequenas agroind\u00fastrias. O Programa de Verticaliza\u00e7\u00e3o da Pequena Produ\u00e7\u00e3o Agr\u00edcola \u2013 Prove, do governo estadual, oferece incentivo para que o agricultor tenha a oportunidade de investir no neg\u00f3cio, agregar valor ao produto e melhorar a renda da sua fam\u00edlia.<\/p>\n<p>Muitas dessas agroind\u00fastrias poder\u00e3o ser vistas e seus produtos adquiridos durante a 2\u00aa Portoagro. A parceria firmada entre a Seagri, Emater-RO e Prefeitura de Porto Velho viabilizou a vinda de 30 agroind\u00fastrias familiares e 60 artes\u00e3os, al\u00e9m de dois artistas pl\u00e1sticos e dois grupos de artes\u00e3os peruanos para abrilhantar a Portoagro.<\/p>\n<figure id=\"attachment_957\" aria-describedby=\"caption-attachment-957\" style=\"width: 479px\" class=\"wp-caption alignright\"><img decoding=\"async\" loading=\"lazy\" class=\"wp-image-957 \" src=\"http:\/\/www.emater.ro.gov.br\/ematerro\/wp-content\/uploads\/2016\/08\/Portoagro-reune-o-melhor-do-agronegocio-da-regiao_002-foto-IRENE-MENDES-300x188.jpg\" alt=\"Cr\u00e9dito rural: mais de 800 propostas confirmadas.\" width=\"479\" height=\"300\" srcset=\"http:\/\/www.emater.ro.gov.br\/ematerro\/wp-content\/uploads\/2016\/08\/Portoagro-reune-o-melhor-do-agronegocio-da-regiao_002-foto-IRENE-MENDES-300x188.jpg 300w, http:\/\/www.emater.ro.gov.br\/ematerro\/wp-content\/uploads\/2016\/08\/Portoagro-reune-o-melhor-do-agronegocio-da-regiao_002-foto-IRENE-MENDES-768x480.jpg 768w, http:\/\/www.emater.ro.gov.br\/ematerro\/wp-content\/uploads\/2016\/08\/Portoagro-reune-o-melhor-do-agronegocio-da-regiao_002-foto-IRENE-MENDES-1024x640.jpg 1024w\" sizes=\"(max-width: 479px) 100vw, 479px\" \/><figcaption id=\"caption-attachment-957\" class=\"wp-caption-text\">Cr\u00e9dito rural: mais de 800 propostas confirmadas.<\/figcaption><\/figure>\n<p><strong>ATRA\u00c7\u00d5ES TECNOL\u00d3GICAS<\/strong><br \/>\nOs agricultores e empreendedores do agroneg\u00f3cio que visitarem a feira ter\u00e3o muitas atra\u00e7\u00f5es t\u00e9cnicas e tecnol\u00f3gicas para visitarem. Em parceria com a Emater-RO, a Embrapa estar\u00e1 realizando em seu Campo Experimental, em Porto Velho, um circuito tecnol\u00f3gico apresentando as inova\u00e7\u00f5es do setor agropecu\u00e1rio na cafeicultura, produ\u00e7\u00e3o de leite, integra\u00e7\u00e3o lavoura-pecu\u00e1ria-floresta, mandiocultura e fruticultura.<\/p>\n<p>As tecnologias para o caf\u00e9 e leite poder\u00e3o ainda ser vistas na Portoagro, no \u201ccantinho\u201d reservado para apresenta\u00e7\u00e3o de novas tecnologias e sucessos em Rond\u00f4nia. O caminho do caf\u00e9 e caminho do leite s\u00e3o espa\u00e7os criados para, em um curto espa\u00e7o de tempo, levar ao agricultor conhecimento t\u00e9cnico validado pelas experi\u00eancias de outros agricultores. A proposta visa dar maior dinamicidade \u00e0 atividade, tornando-a mais atrativa, com apresenta\u00e7\u00e3o de v\u00eddeos de curta metragem.<\/p>\n<p>Para fechar com chave de ouro suas atividades, a Emater-RO apresentar\u00e1 ao final da Feira, os vencedores do concurso leiteiro na categoria vaca. Os animais vindos de Rio Pardo, Uni\u00e3o Bandeirantes, Candeias do Jamari e Porto Velho passar\u00e3o por seis ordenhas (manh\u00e3 e noite) no per\u00edodo de 25 a 27 de agosto e a premia\u00e7\u00e3o aos cinco primeiros colocados ser\u00e1 realizada \u00e0s 11 horas do domingo (29).<\/p>\n<h6 style=\"text-align: right;\"><em>Wania Ressutti<\/em><br \/>\n<em>Jornalista \u2013 SRTE\/DRT\/RO-959<\/em><br \/>\n<em>Fotos: Irene Mendes<\/em><br \/>\n<em>Rep\u00f3rter fotogr\u00e1fica \u2013 SRTE\/DRT\/RO-368<\/em><br \/>\n<em>EMATER-RO<\/em><\/h6>\n","protected":false},"excerpt":{"rendered":"<p>Emater apoia os agricultores familiares durante o evento Realizada ontem (24), no Parque dos Tanques, em Porto Velho, a abertura da 2\u00aa Portoagro reuniu autoridades e representantes dos diversos setores [&hellip;]<\/p>\n","protected":false},"author":9,"featured_media":958,"comment_status":"closed","ping_status":"closed","sticky":false,"template":"","format":"standard","meta":[],"categories":[10,9,12],"tags":[30,54,40,50],"_links":{"self":[{"href":"http:\/\/www.emater.ro.gov.br\/ematerro\/wp-json\/wp\/v2\/posts\/951"}],"collection":[{"href":"http:\/\/www.emater.ro.gov.br\/ematerro\/wp-json\/wp\/v2\/posts"}],"about":[{"href":"http:\/\/www.emater.ro.gov.br\/ematerro\/wp-json\/wp\/v2\/types\/post"}],"author":[{"embeddable":true,"href":"http:\/\/www.emater.ro.gov.br\/ematerro\/wp-json\/wp\/v2\/users\/9"}],"replies":[{"embeddable":true,"href":"http:\/\/www.emater.ro.gov.br\/ematerro\/wp-json\/wp\/v2\/comments?post=951"}],"version-history":[{"count":3,"href":"http:\/\/www.emater.ro.gov.br\/ematerro\/wp-json\/wp\/v2\/posts\/951\/revisions"}],"predecessor-version":[{"id":962,"href":"http:\/\/www.emater.ro.gov.br\/ematerro\/wp-json\/wp\/v2\/posts\/951\/revisions\/962"}],"wp:featuredmedia":[{"embeddable":true,"href":"http:\/\/www.emater.ro.gov.br\/ematerro\/wp-json\/wp\/v2\/media\/958"}],"wp:attachment":[{"href":"http:\/\/www.emater.ro.gov.br\/ematerro\/wp-json\/wp\/v2\/media?parent=951"}],"wp:term":[{"taxonomy":"category","embeddable":true,"href":"http:\/\/www.emater.ro.gov.br\/ematerro\/wp-json\/wp\/v2\/categories?post=951"},{"taxonomy":"post_tag","embeddable":true,"href":"http:\/\/www.emater.ro.gov.br\/ematerro\/wp-json\/wp\/v2\/tags?post=951"}],"curies":[{"name":"wp","href":"https:\/\/api.w.org\/{rel}","templated":true}]}}