{"id":9468,"date":"2020-12-31T11:41:53","date_gmt":"2020-12-31T15:41:53","guid":{"rendered":"http:\/\/www.emater.ro.gov.br\/ematerro\/?p=9468"},"modified":"2020-12-31T11:52:05","modified_gmt":"2020-12-31T15:52:05","slug":"emater-ro-lanca-edital-para-leilao-eletronico-de-veiculos-moveis-e-equipamentos-em-8-de-janeiro","status":"publish","type":"post","link":"http:\/\/www.emater.ro.gov.br\/ematerro\/2020\/12\/31\/emater-ro-lanca-edital-para-leilao-eletronico-de-veiculos-moveis-e-equipamentos-em-8-de-janeiro\/","title":{"rendered":"Emater-RO lan\u00e7a edital para leil\u00e3o eletr\u00f4nico de ve\u00edculos, m\u00f3veis e equipamentos em 8 de janeiro"},"content":{"rendered":"<figure id=\"attachment_9472\" aria-describedby=\"caption-attachment-9472\" style=\"width: 1128px\" class=\"wp-caption aligncenter\"><img decoding=\"async\" loading=\"lazy\" class=\"size-full wp-image-9472\" src=\"http:\/\/www.emater.ro.gov.br\/ematerro\/wp-content\/uploads\/2020\/12\/LEILAO_EMATER_dez-2020_012.jpg\" alt=\"O governo estadual determinou que todas as secretarias dessem uma destina\u00e7\u00e3o aos seus bens e servi\u00e7os inserv\u00edveis.\" width=\"1128\" height=\"710\" srcset=\"http:\/\/www.emater.ro.gov.br\/ematerro\/wp-content\/uploads\/2020\/12\/LEILAO_EMATER_dez-2020_012.jpg 1128w, http:\/\/www.emater.ro.gov.br\/ematerro\/wp-content\/uploads\/2020\/12\/LEILAO_EMATER_dez-2020_012-300x189.jpg 300w, http:\/\/www.emater.ro.gov.br\/ematerro\/wp-content\/uploads\/2020\/12\/LEILAO_EMATER_dez-2020_012-768x483.jpg 768w, http:\/\/www.emater.ro.gov.br\/ematerro\/wp-content\/uploads\/2020\/12\/LEILAO_EMATER_dez-2020_012-1024x645.jpg 1024w\" sizes=\"(max-width: 1128px) 100vw, 1128px\" \/><figcaption id=\"caption-attachment-9472\" class=\"wp-caption-text\"><em>O governo estadual determinou que todas as secretarias dessem uma destina\u00e7\u00e3o aos seus bens e servi\u00e7os inserv\u00edveis.<\/em><\/figcaption><\/figure>\n<p>A Entidade Aut\u00e1rquica de Assist\u00eancia T\u00e9cnica e Extens\u00e3o Rural do Estado de Rond\u00f4nia (Emater-RO) lan\u00e7ou edital de leil\u00e3o, do tipo maior lance ou oferta, de seus bens m\u00f3veis inserv\u00edveis, pertencentes ao patrim\u00f4nio estadual. O leil\u00e3o ser\u00e1 realizado \u00e0s 9 horas do dia 8 de janeiro de 2021, somente de forma eletr\u00f4nica, atrav\u00e9s do site: <span style=\"color: #0000ff;\"><a style=\"color: #0000ff;\" href=\"https:\/\/www.leiloesaguiar.com.br\/\">https:\/\/www.leiloesaguiar.com.br\/<\/a><\/span>. Os interessados poder\u00e3o visitar o material a ser leiloado nos dias 5, 6 e 7 de janeiro de 2021, no hor\u00e1rio das 8h \u00e0s 13h, no Centro de Treinamento da Emater-RO (Centrer), localizado na rodovia BR-364, Km 25, Lote 12, Gleba 7, em Ouro Preto do Oeste-RO.<\/p>\n<p>H\u00e1 mais de dez anos, que a Emater-RO n\u00e3o promovia leil\u00e3o de seus bens, classificados como conservados, ou seja, destinados \u00e0 circula\u00e7\u00e3o, e sucatas inserv\u00edveis ou aproveit\u00e1veis com motor inserv\u00edveis. O \u00faltimo havia sido realizado em 2009 e de l\u00e1 para c\u00e1, s\u00e3o muitos os ve\u00edculos, m\u00f3veis e equipamentos que se encontram defasados para uso da autarquia, mas que podem ter serventia em outras \u00e1reas.<\/p>\n<figure id=\"attachment_9470\" aria-describedby=\"caption-attachment-9470\" style=\"width: 500px\" class=\"wp-caption alignleft\"><img decoding=\"async\" loading=\"lazy\" class=\"wp-image-9470\" src=\"http:\/\/www.emater.ro.gov.br\/ematerro\/wp-content\/uploads\/2020\/12\/LEILAO_EMATER_dez-2020_017.jpg\" alt=\"O leil\u00e3o ser\u00e1 realizado de forma eletr\u00f4nica.\" width=\"500\" height=\"315\" srcset=\"http:\/\/www.emater.ro.gov.br\/ematerro\/wp-content\/uploads\/2020\/12\/LEILAO_EMATER_dez-2020_017.jpg 1128w, http:\/\/www.emater.ro.gov.br\/ematerro\/wp-content\/uploads\/2020\/12\/LEILAO_EMATER_dez-2020_017-300x189.jpg 300w, http:\/\/www.emater.ro.gov.br\/ematerro\/wp-content\/uploads\/2020\/12\/LEILAO_EMATER_dez-2020_017-768x483.jpg 768w, http:\/\/www.emater.ro.gov.br\/ematerro\/wp-content\/uploads\/2020\/12\/LEILAO_EMATER_dez-2020_017-1024x645.jpg 1024w\" sizes=\"(max-width: 500px) 100vw, 500px\" \/><figcaption id=\"caption-attachment-9470\" class=\"wp-caption-text\"><em>O leil\u00e3o ser\u00e1 realizado de forma eletr\u00f4nica.<\/em><\/figcaption><\/figure>\n<p>O leil\u00e3o, de acordo com o artigo 22, par\u00e1grafo 5 da <span style=\"color: #0000ff;\"><a style=\"color: #0000ff;\" href=\"http:\/\/www.planalto.gov.br\/ccivil_03\/Leis\/L8666cons.htm\">Lei n\u00ba 8.666\/93<\/a><\/span>, \u201c\u00e9 a modalidade de licita\u00e7\u00e3o entre quaisquer interessados para a venda de bens m\u00f3veis inserv\u00edveis para a administra\u00e7\u00e3o ou de produtos legalmente apreendidos ou penhorados, ou para a aliena\u00e7\u00e3o de bens im\u00f3veis prevista no art. 19, a quem oferecer o maior lance, igual ou superior ao valor da avalia\u00e7\u00e3o.\u201d\u00a0 (Reda\u00e7\u00e3o dada pela <span style=\"color: #0000ff;\"><a style=\"color: #0000ff;\" href=\"http:\/\/www.planalto.gov.br\/ccivil_03\/leis\/l8883.htm\">Lei n\u00ba 8.883, de 1994<\/a><\/span>). Com base nesse artigo, o governo estadual determinou que todas as secretarias dessem uma destina\u00e7\u00e3o aos seus bens e servi\u00e7os inserv\u00edveis atrav\u00e9s de leil\u00e3o, no intuito de eliminar os materiais que se encontravam sem utilidade.<\/p>\n<p>O leil\u00e3o ser\u00e1 realizado de forma eletr\u00f4nica pela leiloeira oficial, Sra. Vera Souza, matr\u00edcula n\u00ba 010\/2006-Jucer\/RO, devidamente autorizada pata tal ato. Os bens leiloados ser\u00e3o carros; motocicletas; bem m\u00f3veis como: mesas, cadeiras fixas e girat\u00f3rias, ar-condicionado, estantes, entre outros; e equipamentos como: tanques de resfriamento, carreta agr\u00edcola, colhedora, batedor de cereais, distribuidor de calc\u00e1rio, computadores, impressoras etc.)<\/p>\n<p>A habilita\u00e7\u00e3o e participa\u00e7\u00e3o no leil\u00e3o, que ser\u00e1 exclusivamente de forma on-line, implica no pleno conhecimento e na aceita\u00e7\u00e3o das regras constantes do <span style=\"color: #0000ff;\"><a style=\"color: #0000ff;\" href=\"http:\/\/www.emater.ro.gov.br\/ematerro\/wp-content\/uploads\/2020\/12\/EDITAL-LEILAO-EMATER-2020.pdf\">Edital n\u00ba 01\/2020\/EMATER-RO<\/a><\/span>. Para participa\u00e7\u00e3o, o interessado dever\u00e1 realizar seu cadastro eletr\u00f4nico no site da leiloeira https:\/\/www.leiloesaguiar.com.br\/ e s\u00f3 ter\u00e1 validade ap\u00f3s confirma\u00e7\u00e3o de todos os documentos em anexo.<\/p>\n<p>Veja as fotos de alguns materiais que ser\u00e3o leiloados: <span style=\"color: #0000ff;\"><a style=\"color: #0000ff;\" href=\"https:\/\/www.facebook.com\/media\/set\/?vanity=emater.rondonia.oficial&amp;set=a.5274464199237347\">https:\/\/www.facebook.com\/media\/set\/?vanity=emater.rondonia.oficial&amp;set=a.5274464199237347<\/a><\/span><\/p>\n<h6 style=\"text-align: right;\"><span style=\"color: #008000;\"><em>Texto: Wania Ressutti<\/em><\/span><br \/>\n<span style=\"color: #008000;\"><em>Jornalista \u2013 MTE-1744\/RO<\/em><\/span><br \/>\n<span style=\"color: #008000;\"><em>Fotos: arquivo da EMATER-RO<\/em><\/span><\/h6>\n","protected":false},"excerpt":{"rendered":"<p>A Entidade Aut\u00e1rquica de Assist\u00eancia T\u00e9cnica e Extens\u00e3o Rural do Estado de Rond\u00f4nia (Emater-RO) lan\u00e7ou edital de leil\u00e3o, do tipo maior lance ou oferta, de seus bens m\u00f3veis inserv\u00edveis, pertencentes [&hellip;]<\/p>\n","protected":false},"author":9,"featured_media":9471,"comment_status":"closed","ping_status":"closed","sticky":false,"template":"","format":"standard","meta":[],"categories":[10,9,12],"tags":[573,572,574],"_links":{"self":[{"href":"http:\/\/www.emater.ro.gov.br\/ematerro\/wp-json\/wp\/v2\/posts\/9468"}],"collection":[{"href":"http:\/\/www.emater.ro.gov.br\/ematerro\/wp-json\/wp\/v2\/posts"}],"about":[{"href":"http:\/\/www.emater.ro.gov.br\/ematerro\/wp-json\/wp\/v2\/types\/post"}],"author":[{"embeddable":true,"href":"http:\/\/www.emater.ro.gov.br\/ematerro\/wp-json\/wp\/v2\/users\/9"}],"replies":[{"embeddable":true,"href":"http:\/\/www.emater.ro.gov.br\/ematerro\/wp-json\/wp\/v2\/comments?post=9468"}],"version-history":[{"count":3,"href":"http:\/\/www.emater.ro.gov.br\/ematerro\/wp-json\/wp\/v2\/posts\/9468\/revisions"}],"predecessor-version":[{"id":9474,"href":"http:\/\/www.emater.ro.gov.br\/ematerro\/wp-json\/wp\/v2\/posts\/9468\/revisions\/9474"}],"wp:featuredmedia":[{"embeddable":true,"href":"http:\/\/www.emater.ro.gov.br\/ematerro\/wp-json\/wp\/v2\/media\/9471"}],"wp:attachment":[{"href":"http:\/\/www.emater.ro.gov.br\/ematerro\/wp-json\/wp\/v2\/media?parent=9468"}],"wp:term":[{"taxonomy":"category","embeddable":true,"href":"http:\/\/www.emater.ro.gov.br\/ematerro\/wp-json\/wp\/v2\/categories?post=9468"},{"taxonomy":"post_tag","embeddable":true,"href":"http:\/\/www.emater.ro.gov.br\/ematerro\/wp-json\/wp\/v2\/tags?post=9468"}],"curies":[{"name":"wp","href":"https:\/\/api.w.org\/{rel}","templated":true}]}}