{"id":9434,"date":"2020-12-26T08:21:28","date_gmt":"2020-12-26T12:21:28","guid":{"rendered":"http:\/\/www.emater.ro.gov.br\/ematerro\/?p=9434"},"modified":"2020-12-28T16:46:29","modified_gmt":"2020-12-28T20:46:29","slug":"fomento-rural-facilita-acesso-ao-trabalho-e-renda-a-familias-em-situacao-de-vulnerabildade","status":"publish","type":"post","link":"http:\/\/www.emater.ro.gov.br\/ematerro\/2020\/12\/26\/fomento-rural-facilita-acesso-ao-trabalho-e-renda-a-familias-em-situacao-de-vulnerabildade\/","title":{"rendered":"Fomento Rural facilita acesso ao trabalho e renda a fam\u00edlias em situa\u00e7\u00e3o de vulnerabilidade"},"content":{"rendered":"<figure id=\"attachment_9451\" aria-describedby=\"caption-attachment-9451\" style=\"width: 1000px\" class=\"wp-caption aligncenter\"><img decoding=\"async\" loading=\"lazy\" class=\"size-full wp-image-9451\" src=\"http:\/\/www.emater.ro.gov.br\/ematerro\/wp-content\/uploads\/2020\/12\/IMG_8970.jpg\" alt=\"Trabalho t\u00e9cnico integrado e apoio financeiro do programa de fomento s\u00e3o fundamentais para a consolida\u00e7\u00e3o de pequenos empreendimentos.\" width=\"1000\" height=\"667\" srcset=\"http:\/\/www.emater.ro.gov.br\/ematerro\/wp-content\/uploads\/2020\/12\/IMG_8970.jpg 1000w, http:\/\/www.emater.ro.gov.br\/ematerro\/wp-content\/uploads\/2020\/12\/IMG_8970-300x200.jpg 300w, http:\/\/www.emater.ro.gov.br\/ematerro\/wp-content\/uploads\/2020\/12\/IMG_8970-768x512.jpg 768w, http:\/\/www.emater.ro.gov.br\/ematerro\/wp-content\/uploads\/2020\/12\/IMG_8970-480x320.jpg 480w\" sizes=\"(max-width: 1000px) 100vw, 1000px\" \/><figcaption id=\"caption-attachment-9451\" class=\"wp-caption-text\"><em>Trabalho t\u00e9cnico integrado e apoio financeiro do programa de fomento s\u00e3o fundamentais para a consolida\u00e7\u00e3o de pequenos empreendimentos.<\/em><\/figcaption><\/figure>\n<p>Dois mil e quatrocentos reais pode ser o valor necess\u00e1rio para tirar uma fam\u00edlia da condi\u00e7\u00e3o de pobreza extrema, e a conduzir a uma vida produtiva, financeiramente equilibrada, com restaura\u00e7\u00e3o da autoestima e inclus\u00e3o social. Pois \u00e9, exatamente essa quantia, que tem ajudado centenas de fam\u00edlias Rondonienses a sair da linha da extrema pobreza, com renda per capta inferior a R$90,00 informada no cadastro \u00fanico, para obten\u00e7\u00e3o do Bolsa Fam\u00edlia.<\/p>\n<p>Fam\u00edlias rurais enquadradas nesse perfil, recebem orienta\u00e7\u00e3o dos t\u00e9cnicos da Entidade Aut\u00e1rquica de Assist\u00eancia T\u00e9cnica e Extens\u00e3o Rural de Rond\u00f4nia\u00a0 ( Emater-RO), e s\u00e3o inscritas no programa de fomento rural do Minist\u00e9rio da Cidadania, executado em Rond\u00f4nia pela Emater-RO. Numa a\u00e7\u00e3o conjunta da fam\u00edlia beneficiaria do programa de fomento Rural e o t\u00e9cnico da Emater-RO, se elabora um projeto para uma atividade produtiva, que pode ser a cria\u00e7\u00e3o de pequenos animais, cultivo de hortali\u00e7as ou a manufatura de algo comercializ\u00e1vel, como roupas, utens\u00edlios, artesanato ou processamento de alimentos.<\/p>\n<figure id=\"attachment_9452\" aria-describedby=\"caption-attachment-9452\" style=\"width: 400px\" class=\"wp-caption alignleft\"><img decoding=\"async\" loading=\"lazy\" class=\"wp-image-9452\" src=\"http:\/\/www.emater.ro.gov.br\/ematerro\/wp-content\/uploads\/2020\/12\/IMG_8455.jpg\" alt=\"O trabalho da extens\u00e3o social restaura a autoestima e ajuda trabalhadores e trabalhadoras a acreditar nos seus sonhos.\" width=\"400\" height=\"282\" srcset=\"http:\/\/www.emater.ro.gov.br\/ematerro\/wp-content\/uploads\/2020\/12\/IMG_8455.jpg 3707w, http:\/\/www.emater.ro.gov.br\/ematerro\/wp-content\/uploads\/2020\/12\/IMG_8455-300x211.jpg 300w, http:\/\/www.emater.ro.gov.br\/ematerro\/wp-content\/uploads\/2020\/12\/IMG_8455-768x541.jpg 768w, http:\/\/www.emater.ro.gov.br\/ematerro\/wp-content\/uploads\/2020\/12\/IMG_8455-1024x721.jpg 1024w\" sizes=\"(max-width: 400px) 100vw, 400px\" \/><figcaption id=\"caption-attachment-9452\" class=\"wp-caption-text\"><em>O trabalho da extens\u00e3o social restaura a autoestima e ajuda trabalhadores e trabalhadoras a acreditar nos seus sonhos.<\/em><\/figcaption><\/figure>\n<p>No munic\u00edpio de Porto Velho o seu Jos\u00e9 Pereira dos Santos, morador no ramal Maravilha, \u00e9 um desses empreendedores, benefici\u00e1rio do programa de fomento, ele se orgulha em dizer\u00a0 que recebeu o recurso de R$ 2400,00 do governo para implanta\u00e7\u00e3o de uma horta, em sua ch\u00e1cara que tem \u00e1rea total de apenas um hectare, o projeto foi elaborado pela extensionista social Julia e teve assist\u00eancia t\u00e9cnica do extensionista rural Jossinei, ambos do escrit\u00f3rio local da Emater-RO em Porto Velho, os extensionistas\u00a0 orientaram\u00a0 a constru\u00e7\u00e3o dos canteiros, a produ\u00e7\u00e3o de mudas e o manejo das culturas sem o uso de venenos, usando apenas adubos org\u00e2nicos.<\/p>\n<p>Atualmente a horta de seu Jose P. dos Santos produz cheiro verde, alface, e pimentas de cheiro, como ele diz n\u00e3o falta comprador, sua produ\u00e7\u00e3o \u00e9 que \u00e9 pouca, mas mesmo assim est\u00e1 muito contente com a evolu\u00e7\u00e3o de sua lavoura que j\u00e1 lhe rende um pouco mais de R$ 300 por semana.<\/p>\n<p>A extensionista Vanessa Porto respons\u00e1vel pelo programa em todo o estado diz haver centenas de casos semelhantes nos munic\u00edpios beneficiados pelo fomento, s\u00e3o pessoas que precisaram do programa para come\u00e7ar um negocio, e que superam as expectativas previstas no projeto. Em alguns casos o objeto de investimento foi uma m\u00e1quina de costura, que associada ao talento do empreendedor ou empreendera, resultou em um neg\u00f3cio de sucesso.<\/p>\n<p>O objetivo do programa \u00e9 a inclus\u00e3o de fam\u00edlias sem renda ou com pouca renda, em politicas s\u00f3cias, resgatando a autoestima dando-lhes a condi\u00e7\u00e3o de trabalho e da gera\u00e7\u00e3o de renda, e o acesso a servi\u00e7os b\u00e1sicos.\u00a0 Neste fim de ano novas fam\u00edlias est\u00e3o sendo cadastradas para participar do programa de fomento rural, comunidades ribeirinhas e da BR 319,est\u00e3o entre os novos benefici\u00e1rios\u00a0 disse a extensionista Julia, do Escrit\u00f3rio local da Emater-RO\u00a0 em Porto Velho.<\/p>\n<h6 style=\"text-align: right;\"><em><span style=\"color: #008000;\">Texto: Enoque de Oliveira<\/span><\/em><br \/>\n<em><span style=\"color: #008000;\">Fotos: Irene Mendes<\/span><\/em><br \/>\n<em><span style=\"color: #008000;\">EMATER-RO<\/span><\/em><\/h6>\n","protected":false},"excerpt":{"rendered":"<p>Dois mil e quatrocentos reais pode ser o valor necess\u00e1rio para tirar uma fam\u00edlia da condi\u00e7\u00e3o de pobreza extrema, e a conduzir a uma vida produtiva, financeiramente equilibrada, com restaura\u00e7\u00e3o [&hellip;]<\/p>\n","protected":false},"author":8,"featured_media":9453,"comment_status":"closed","ping_status":"closed","sticky":false,"template":"","format":"standard","meta":[],"categories":[10,9,12],"tags":[],"_links":{"self":[{"href":"http:\/\/www.emater.ro.gov.br\/ematerro\/wp-json\/wp\/v2\/posts\/9434"}],"collection":[{"href":"http:\/\/www.emater.ro.gov.br\/ematerro\/wp-json\/wp\/v2\/posts"}],"about":[{"href":"http:\/\/www.emater.ro.gov.br\/ematerro\/wp-json\/wp\/v2\/types\/post"}],"author":[{"embeddable":true,"href":"http:\/\/www.emater.ro.gov.br\/ematerro\/wp-json\/wp\/v2\/users\/8"}],"replies":[{"embeddable":true,"href":"http:\/\/www.emater.ro.gov.br\/ematerro\/wp-json\/wp\/v2\/comments?post=9434"}],"version-history":[{"count":6,"href":"http:\/\/www.emater.ro.gov.br\/ematerro\/wp-json\/wp\/v2\/posts\/9434\/revisions"}],"predecessor-version":[{"id":9460,"href":"http:\/\/www.emater.ro.gov.br\/ematerro\/wp-json\/wp\/v2\/posts\/9434\/revisions\/9460"}],"wp:featuredmedia":[{"embeddable":true,"href":"http:\/\/www.emater.ro.gov.br\/ematerro\/wp-json\/wp\/v2\/media\/9453"}],"wp:attachment":[{"href":"http:\/\/www.emater.ro.gov.br\/ematerro\/wp-json\/wp\/v2\/media?parent=9434"}],"wp:term":[{"taxonomy":"category","embeddable":true,"href":"http:\/\/www.emater.ro.gov.br\/ematerro\/wp-json\/wp\/v2\/categories?post=9434"},{"taxonomy":"post_tag","embeddable":true,"href":"http:\/\/www.emater.ro.gov.br\/ematerro\/wp-json\/wp\/v2\/tags?post=9434"}],"curies":[{"name":"wp","href":"https:\/\/api.w.org\/{rel}","templated":true}]}}