{"id":9366,"date":"2020-12-08T11:28:40","date_gmt":"2020-12-08T15:28:40","guid":{"rendered":"http:\/\/www.emater.ro.gov.br\/ematerro\/?p=9366"},"modified":"2020-12-08T12:43:47","modified_gmt":"2020-12-08T16:43:47","slug":"emater-ro-debate-cenario-das-osrs-em-rondonia-e-apresenta-acoes-para-ater-5-0","status":"publish","type":"post","link":"http:\/\/www.emater.ro.gov.br\/ematerro\/2020\/12\/08\/emater-ro-debate-cenario-das-osrs-em-rondonia-e-apresenta-acoes-para-ater-5-0\/","title":{"rendered":"Emater-RO debate cen\u00e1rio das OSR\u2019s em Rond\u00f4nia e apresenta a\u00e7\u00f5es para Ater 5.0"},"content":{"rendered":"<figure id=\"attachment_9368\" aria-describedby=\"caption-attachment-9368\" style=\"width: 946px\" class=\"wp-caption aligncenter\"><img decoding=\"async\" loading=\"lazy\" class=\"wp-image-9368 size-full\" src=\"http:\/\/www.emater.ro.gov.br\/ematerro\/wp-content\/uploads\/2020\/12\/Webinar-OSR-2.jpg\" alt=\"Produtores rurais organizados s\u00e3o mais fortalecidos.\" width=\"946\" height=\"596\" srcset=\"http:\/\/www.emater.ro.gov.br\/ematerro\/wp-content\/uploads\/2020\/12\/Webinar-OSR-2.jpg 946w, http:\/\/www.emater.ro.gov.br\/ematerro\/wp-content\/uploads\/2020\/12\/Webinar-OSR-2-300x189.jpg 300w, http:\/\/www.emater.ro.gov.br\/ematerro\/wp-content\/uploads\/2020\/12\/Webinar-OSR-2-768x484.jpg 768w\" sizes=\"(max-width: 946px) 100vw, 946px\" \/><figcaption id=\"caption-attachment-9368\" class=\"wp-caption-text\"><em>Produtores rurais organizados s\u00e3o mais fortalecidos.<\/em><\/figcaption><\/figure>\n<p>A diretoria t\u00e9cnica da Entidade Aut\u00e1rquica de Assist\u00eancia T\u00e9cnica e Extens\u00e3o Rural do Estado de Rond\u00f4nia (Emater-RO) promoveu, nesta ter\u00e7a-feira (8), uma webinar para discutir a Gest\u00e3o das Organiza\u00e7\u00f5es Sociais Rurais (OSR) no estado de Rond\u00f4nia. Durante o evento tamb\u00e9m foram apresentadas as novas tecnologias que est\u00e3o levando os servi\u00e7os de assist\u00eancia t\u00e9cnica e extens\u00e3o rural (Ater) para um novo patamar tecnol\u00f3gico, a Ater 5.0. O evento reuniu cerca de 250 extensionistas de todo o estado, em especial os que atuam junto \u00e0s organiza\u00e7\u00f5es rurais, visando fortalecer a atividade associativista e suas articula\u00e7\u00f5es no desenvolvimento das atividades no campo.<\/p>\n<p>As capacita\u00e7\u00f5es online t\u00eam sido uma constante nas atividades da Emater-RO neste ano de 2020, principalmente na atualiza\u00e7\u00e3o e nivelamento de informa\u00e7\u00e3o entre os extensionistas que atuam nas mais diversas localidades do estado. A metodologia veio ao encontro dos anseios de assist\u00eancia t\u00e9cnica e extens\u00e3o rural, em um momento que a Ater caminha para uma tecnifica\u00e7\u00e3o digital de seus servi\u00e7os.<\/p>\n<p>A webinar foi aberta pelo Diretor-presidente da Emater-RO, Luciano Brand\u00e3o, que destacou a import\u00e2ncia de estar sempre em contato com sua equipe buscando e levando informa\u00e7\u00f5es que poder\u00e3o fazer toda a diferen\u00e7a no desenvolvimento das atividades. Eventos como esse, se tivessem que ser feito de forma presencial, demandariam recursos log\u00edsticos e financeiros que inviabilizariam sua constante realiza\u00e7\u00e3o. Hoje, a diretoria da Emater-RO pode estar muito mais participativa no campo e mais pr\u00f3xima de sua equipe.<\/p>\n<p>Durante a abertura da webinar, Luciano falou das mudan\u00e7as pela qual a Emater-RO vem passando para se reestruturar f\u00edsica e logisticamente e das inova\u00e7\u00f5es tecnol\u00f3gicas que v\u00eam sendo implantadas para atender a nova proposta de Ater 5.0. Todas essas propostas contam com o incentivo do governo estadual que n\u00e3o tem medido esfor\u00e7os para fortalecer as atividades voltadas para a agricultura familiar de Rond\u00f4nia.<\/p>\n<figure id=\"attachment_9067\" aria-describedby=\"caption-attachment-9067\" style=\"width: 450px\" class=\"wp-caption alignleft\"><img decoding=\"async\" loading=\"lazy\" class=\"wp-image-9067\" src=\"http:\/\/www.emater.ro.gov.br\/ematerro\/wp-content\/uploads\/2020\/10\/ATER-EM-RESULTADOS.png\" alt=\"ATER EM RESULTADOS\" width=\"450\" height=\"300\" srcset=\"http:\/\/www.emater.ro.gov.br\/ematerro\/wp-content\/uploads\/2020\/10\/ATER-EM-RESULTADOS.png 626w, http:\/\/www.emater.ro.gov.br\/ematerro\/wp-content\/uploads\/2020\/10\/ATER-EM-RESULTADOS-300x200.png 300w, http:\/\/www.emater.ro.gov.br\/ematerro\/wp-content\/uploads\/2020\/10\/ATER-EM-RESULTADOS-480x320.png 480w\" sizes=\"(max-width: 450px) 100vw, 450px\" \/><figcaption id=\"caption-attachment-9067\" class=\"wp-caption-text\"><em>A tecnologia 5.0 vai dar um novo direcionamento \u00e0s atividades de Ater.<\/em><\/figcaption><\/figure>\n<p>Em seu pronunciamento Luciano apresentou mais uma etapa de transpar\u00eancia das a\u00e7\u00f5es da entidade aut\u00e1rquica que \u00e9 o \u201cAter em resultados\u201d, disponibilizado no site da Emater-RO. Por meio desse recurso \u00e9 poss\u00edvel acompanhar o desempenho da autarquia, bem como o p\u00fablico assistido e a renda bruta investida no setor. O diretor-presidente tamb\u00e9m falou do Sistema de gerenciamento de Ater (Sigater) que, devido a sua efici\u00eancia, vem sendo absorvido por outras emateres, a exemplo da Emater-AC que j\u00e1 aderiu ao sistema.<\/p>\n<p>A plataforma de Capacita\u00e7\u00e3o em Servi\u00e7o de Ater (Capes) e o aplicativo Minha Emater-RO &#8211; que j\u00e1 conta com mais de mil downloads em menos de 30 dias de lan\u00e7amento, mesmo s\u00f3 estando dispon\u00edvel para android &#8211; fazem parte da tecnologia 5.0 que visa dar um novo direcionamento \u00e0s atividades, colocando o ser humano no centro das inova\u00e7\u00f5es e transforma\u00e7\u00e3o tecnol\u00f3gicas. \u201cS\u00e3o a\u00e7\u00f5es que ter\u00e3o papel fundamental para o desenvolvimento da agricultura familiar em Rond\u00f4nia\u201d, diz Luciano, enfatizando que a meta \u00e9 ampliar o atendimento da autarquia, uma vez que mais de 50% dos agricultores familiares j\u00e1 contam com internet em suas propriedades.<\/p>\n<p><strong>ORGANIZA\u00c7\u00c3O SOCIAL RURAL<\/strong><br \/>\nO atual cen\u00e1rio das Organiza\u00e7\u00f5es Sociais Rurais no estado foi outro ponto levado ao debate durante a webinar realizada pela Emater-RO. Com o tema \u201cGest\u00e3o de OSR, a habilidade do profissional extensionista da Emater-RO na assist\u00eancia \u00e0s associa\u00e7\u00f5es rurais de Rond\u00f4nia\u201d, o assessor t\u00e9cnico da Superintend\u00eancia Estadual de Desenvolvimento Econ\u00f4mico (Sedi), Rafael Vargas Lara, falou de a\u00e7\u00f5es que podem e devem ser potencializadas atrav\u00e9s das organiza\u00e7\u00f5es sociais rurais, quando estas est\u00e3o comprometidas com o seu verdadeiro objetivo e da capacidade t\u00e9cnica que os extensionistas da Emater-RO t\u00eam para assessorar essas organiza\u00e7\u00f5es.<\/p>\n<p>Rafael falou ainda da grande dificuldade que passam as associa\u00e7\u00f5es que nascem sem um verdadeiro objetivo. \u201cTem associa\u00e7\u00f5es que nascem somente para obter determinado financiamento que exige que seja feito atrav\u00e9s de alguma organiza\u00e7\u00e3o, por\u00e9m, ap\u00f3s conseguir o financiamento, a associa\u00e7\u00e3o fica inativa\u201d, explica o assessor.<\/p>\n<p>A proposta da associa\u00e7\u00e3o \u00e9 manter os produtores organizados para estarem mais fortalecidos em suas reivindica\u00e7\u00f5es, sua a\u00e7\u00e3o tem que estar voltada para interesses que atendam as pol\u00edticas p\u00fablicas que visam o bem de toda a comunidade. Por fim, apresentou como reflex\u00e3o, \u201cvirar a chave mental das lideran\u00e7as do campo\u201d, buscando ter a associa\u00e7\u00e3o como uma estrat\u00e9gia de integrar a\u00e7\u00f5es de seus associados em benef\u00edcios da melhoria do processo produtivos e de suas pr\u00f3prias comunidades.<\/p>\n<h6 style=\"text-align: right;\"><\/h6>\n<h6 style=\"text-align: right;\"><span style=\"color: #008000;\"><em>Texto: Wania Ressutti<\/em><\/span><br \/>\n<span style=\"color: #008000;\"><em>Jornalista \u2013 MTE-1744\/RO<\/em><\/span><br \/>\n<span style=\"color: #008000;\"><em>Fotos: EMATER-RO<\/em><\/span><\/h6>\n","protected":false},"excerpt":{"rendered":"<p>A diretoria t\u00e9cnica da Entidade Aut\u00e1rquica de Assist\u00eancia T\u00e9cnica e Extens\u00e3o Rural do Estado de Rond\u00f4nia (Emater-RO) promoveu, nesta ter\u00e7a-feira (8), uma webinar para discutir a Gest\u00e3o das Organiza\u00e7\u00f5es Sociais [&hellip;]<\/p>\n","protected":false},"author":9,"featured_media":9367,"comment_status":"closed","ping_status":"closed","sticky":false,"template":"","format":"standard","meta":[],"categories":[10,9,12],"tags":[563,564,46],"_links":{"self":[{"href":"http:\/\/www.emater.ro.gov.br\/ematerro\/wp-json\/wp\/v2\/posts\/9366"}],"collection":[{"href":"http:\/\/www.emater.ro.gov.br\/ematerro\/wp-json\/wp\/v2\/posts"}],"about":[{"href":"http:\/\/www.emater.ro.gov.br\/ematerro\/wp-json\/wp\/v2\/types\/post"}],"author":[{"embeddable":true,"href":"http:\/\/www.emater.ro.gov.br\/ematerro\/wp-json\/wp\/v2\/users\/9"}],"replies":[{"embeddable":true,"href":"http:\/\/www.emater.ro.gov.br\/ematerro\/wp-json\/wp\/v2\/comments?post=9366"}],"version-history":[{"count":3,"href":"http:\/\/www.emater.ro.gov.br\/ematerro\/wp-json\/wp\/v2\/posts\/9366\/revisions"}],"predecessor-version":[{"id":9371,"href":"http:\/\/www.emater.ro.gov.br\/ematerro\/wp-json\/wp\/v2\/posts\/9366\/revisions\/9371"}],"wp:featuredmedia":[{"embeddable":true,"href":"http:\/\/www.emater.ro.gov.br\/ematerro\/wp-json\/wp\/v2\/media\/9367"}],"wp:attachment":[{"href":"http:\/\/www.emater.ro.gov.br\/ematerro\/wp-json\/wp\/v2\/media?parent=9366"}],"wp:term":[{"taxonomy":"category","embeddable":true,"href":"http:\/\/www.emater.ro.gov.br\/ematerro\/wp-json\/wp\/v2\/categories?post=9366"},{"taxonomy":"post_tag","embeddable":true,"href":"http:\/\/www.emater.ro.gov.br\/ematerro\/wp-json\/wp\/v2\/tags?post=9366"}],"curies":[{"name":"wp","href":"https:\/\/api.w.org\/{rel}","templated":true}]}}