{"id":8722,"date":"2020-08-12T11:52:26","date_gmt":"2020-08-12T15:52:26","guid":{"rendered":"http:\/\/www.emater.ro.gov.br\/ematerro\/?p=8722"},"modified":"2020-08-13T12:21:42","modified_gmt":"2020-08-13T16:21:42","slug":"agricultor-de-guajara-mirim-se-destaca-na-producao-de-matrizes-de-genetica-superior","status":"publish","type":"post","link":"http:\/\/www.emater.ro.gov.br\/ematerro\/2020\/08\/12\/agricultor-de-guajara-mirim-se-destaca-na-producao-de-matrizes-de-genetica-superior\/","title":{"rendered":"Agricultor de Guajar\u00e1 Mirim se destaca na produ\u00e7\u00e3o de matrizes de gen\u00e9tica superior"},"content":{"rendered":"<figure id=\"attachment_8724\" aria-describedby=\"caption-attachment-8724\" style=\"width: 1140px\" class=\"wp-caption alignnone\"><img decoding=\"async\" loading=\"lazy\" class=\"wp-image-8724 size-full\" src=\"http:\/\/www.emater.ro.gov.br\/ematerro\/wp-content\/uploads\/2020\/08\/vaca.jpg\" alt=\"Gado de leite - girolando\" width=\"1140\" height=\"738\" srcset=\"http:\/\/www.emater.ro.gov.br\/ematerro\/wp-content\/uploads\/2020\/08\/vaca.jpg 1140w, http:\/\/www.emater.ro.gov.br\/ematerro\/wp-content\/uploads\/2020\/08\/vaca-300x194.jpg 300w, http:\/\/www.emater.ro.gov.br\/ematerro\/wp-content\/uploads\/2020\/08\/vaca-768x497.jpg 768w, http:\/\/www.emater.ro.gov.br\/ematerro\/wp-content\/uploads\/2020\/08\/vaca-1024x663.jpg 1024w\" sizes=\"(max-width: 1140px) 100vw, 1140px\" \/><figcaption id=\"caption-attachment-8724\" class=\"wp-caption-text\"><em>O produtor adquiriu animais de gen\u00e9tica superior com cr\u00e9dito rural orientado pela Emater-RO.<\/em><\/figcaption><\/figure>\n<p>O agricultor familiar Manuel Neto de Sousa, de Guajar\u00e1 Mirim, assistido pela Emater-RO, se destacou como produtor de leite, mas pelo seu cuidado na sele\u00e7\u00e3o dos animais j\u00e1 evoluiu para produtor de matrizes e reprodutores pela not\u00e1vel\u00a0 qualidade do seu rebanho leiteiro. A propriedade tem apenas 80 ha, mas o propriet\u00e1rio tem status de grande produtor, tanto que hoje o foco de sua produ\u00e7\u00e3o n\u00e3o \u00e9 mais a venda de leite, agora o principal produto comercializado pela fazenda \u00e9 a gen\u00e9tica de alta performance em produ\u00e7\u00e3o leiteira. E a fazenda j\u00e1 \u00e9 uma das principais fornecedoras de matrizes e reprodutores nos programas oficiais de financiamento agr\u00edcola, como Programa Nacional de Fortalecimento da Agricultura Familiar (Pronaf) e Programa de Cr\u00e9dito Rural do Banco do Povo.<\/p>\n<p>O extensionista rural da Emater-RO Rodrigo Ferreira Faccas que presta assist\u00eancia t\u00e9cnica \u00e0\u00a0 propriedade, diz que o produtor \u00e9 assistido a bastante tempo pela Emater-RO, mas foi a partir de 2011 que\u00a0 intensificou o trabalho com o gado leiteiro, naquele ano seu Manuel decidiu investir pesado no gado leiteiro, aplicando toda a tecnologia recomendada pelos t\u00e9cnicos da Emater-RO. Na \u00e9poca fez financiamento atrav\u00e9s do Pronaf, para implantar os projetos de investimento em produ\u00e7\u00e3o de leite, elaborados pelo pr\u00f3prio Rodrigo que desde aquele tempo \u00e9 o extensionista respons\u00e1vel pela assist\u00eancia t\u00e9cnica na propriedade da fam\u00edlia.<\/p>\n<p>Com o cr\u00e9dito rural orientado pela Emater-RO, o produtor adquiriu animais de gen\u00e9tica superior, tanque de expans\u00e3o para armazenamento do leite, fez melhorias nas instala\u00e7\u00f5es da propriedade, e posteriormente comprou trator, ensiladeira e vag\u00e3o forrageiro, investimentos que v\u00eam transformando o modelo de cultivo, a produtividade e a qualidade de vida da fam\u00edlia. Rodrigo lembra que no primeiro concurso leiteiro que o produtor participou em 2011, sua vaca produziu seis litros de leite, hoje j\u00e1 tem animais na propriedade produzindo 40 litros de leite\/dia.<\/p>\n<p>A fam\u00edlia tamb\u00e9m se preocupa com a sucess\u00e3o na propriedade, \u00e9 o que revela o modelo administrativo adotado na fazenda, atualmente gerida pelo patriarca, seu Manuel, mas com a participa\u00e7\u00e3o direta dos dois filhos, que inclusive recebem sal\u00e1rios regularmente, numa clara demonstra\u00e7\u00e3o de que a propriedade caminha para alcan\u00e7ar o status de empresa rural.<br \/>\nEste m\u00eas o produtor recebeu a visita dos t\u00e9cnicos da Associa\u00e7\u00e3o Brasileira de Gado Girolando, que vieram certificar os animais nascidos na fazenda aptos a receber o registro geneal\u00f3gico da ra\u00e7a Girolando. Os animais da fazenda t\u00eam participado de provas zoot\u00e9cnicas e recebido as certifica\u00e7\u00f5es de pureza da ra\u00e7a com registro em livros fechados da Superintend\u00eancia do Servi\u00e7o de Registro Geneal\u00f3gico da Ra\u00e7a Girolando, \u00f3rg\u00e3o da Associa\u00e7\u00e3o dos criadores da ra\u00e7a, com a devida autoriza\u00e7\u00e3o do Minist\u00e9rio da Agricultura Pecu\u00e1ria e Abastecimento (Mapa).<\/p>\n<figure id=\"attachment_8738\" aria-describedby=\"caption-attachment-8738\" style=\"width: 559px\" class=\"wp-caption alignright\"><img decoding=\"async\" loading=\"lazy\" class=\" wp-image-8738\" src=\"http:\/\/www.emater.ro.gov.br\/ematerro\/wp-content\/uploads\/2020\/08\/novilhas.jpg\" alt=\"Com o programa Proleite e o projeto inseminar o perfil gen\u00e9tico dos rebanhos leiteiros mudou \" width=\"559\" height=\"339\" srcset=\"http:\/\/www.emater.ro.gov.br\/ematerro\/wp-content\/uploads\/2020\/08\/novilhas.jpg 805w, http:\/\/www.emater.ro.gov.br\/ematerro\/wp-content\/uploads\/2020\/08\/novilhas-300x182.jpg 300w, http:\/\/www.emater.ro.gov.br\/ematerro\/wp-content\/uploads\/2020\/08\/novilhas-768x466.jpg 768w\" sizes=\"(max-width: 559px) 100vw, 559px\" \/><figcaption id=\"caption-attachment-8738\" class=\"wp-caption-text\">Com o programa Proleite e o projeto inseminar o perfil gen\u00e9tico dos rebanhos leiteiros mudou<\/figcaption><\/figure>\n<p>A Fazenda \u00e9 uma das propriedades referenciais orientadas pela Emater-RO, que servem como vitrine do trabalho dos extensionistas da entidade aut\u00e1rquica para toda a popula\u00e7\u00e3o rural. Os resultados alcan\u00e7ados neste caso de sucesso da propriedade do senhor Manuel Neto, n\u00e3o s\u00f3 evidencia a qualidade da pecu\u00e1ria rondoniense, como orgulha a equipe t\u00e9cnica da Emater-RO em Guajar\u00e1 Mirim e em todo o estado, pela excel\u00eancia do servi\u00e7o p\u00fablico oferecido aos agricultores familiares do estado pela autarquia do governo de Rond\u00f4nia.<\/p>\n<h6 style=\"text-align: right;\"><em><span style=\"color: #008000;\">Texto: Enoque de Oliveira<\/span><\/em><br \/>\n<em><span style=\"color: #008000;\">Fotos: Irene Mendes e arquivo<\/span><\/em><br \/>\n<em><span style=\"color: #008000;\">EMATER-RO<\/span><\/em><\/h6>\n","protected":false},"excerpt":{"rendered":"<p>O agricultor familiar Manuel Neto de Sousa, de Guajar\u00e1 Mirim, assistido pela Emater-RO, se destacou como produtor de leite, mas pelo seu cuidado na sele\u00e7\u00e3o dos animais j\u00e1 evoluiu para [&hellip;]<\/p>\n","protected":false},"author":8,"featured_media":8740,"comment_status":"closed","ping_status":"closed","sticky":false,"template":"","format":"standard","meta":[],"categories":[10,9,12],"tags":[135,258,520,209],"_links":{"self":[{"href":"http:\/\/www.emater.ro.gov.br\/ematerro\/wp-json\/wp\/v2\/posts\/8722"}],"collection":[{"href":"http:\/\/www.emater.ro.gov.br\/ematerro\/wp-json\/wp\/v2\/posts"}],"about":[{"href":"http:\/\/www.emater.ro.gov.br\/ematerro\/wp-json\/wp\/v2\/types\/post"}],"author":[{"embeddable":true,"href":"http:\/\/www.emater.ro.gov.br\/ematerro\/wp-json\/wp\/v2\/users\/8"}],"replies":[{"embeddable":true,"href":"http:\/\/www.emater.ro.gov.br\/ematerro\/wp-json\/wp\/v2\/comments?post=8722"}],"version-history":[{"count":8,"href":"http:\/\/www.emater.ro.gov.br\/ematerro\/wp-json\/wp\/v2\/posts\/8722\/revisions"}],"predecessor-version":[{"id":8739,"href":"http:\/\/www.emater.ro.gov.br\/ematerro\/wp-json\/wp\/v2\/posts\/8722\/revisions\/8739"}],"wp:featuredmedia":[{"embeddable":true,"href":"http:\/\/www.emater.ro.gov.br\/ematerro\/wp-json\/wp\/v2\/media\/8740"}],"wp:attachment":[{"href":"http:\/\/www.emater.ro.gov.br\/ematerro\/wp-json\/wp\/v2\/media?parent=8722"}],"wp:term":[{"taxonomy":"category","embeddable":true,"href":"http:\/\/www.emater.ro.gov.br\/ematerro\/wp-json\/wp\/v2\/categories?post=8722"},{"taxonomy":"post_tag","embeddable":true,"href":"http:\/\/www.emater.ro.gov.br\/ematerro\/wp-json\/wp\/v2\/tags?post=8722"}],"curies":[{"name":"wp","href":"https:\/\/api.w.org\/{rel}","templated":true}]}}