{"id":8699,"date":"2020-08-11T11:25:01","date_gmt":"2020-08-11T15:25:01","guid":{"rendered":"http:\/\/www.emater.ro.gov.br\/ematerro\/?p=8699"},"modified":"2020-08-11T11:44:05","modified_gmt":"2020-08-11T15:44:05","slug":"visita-tecnica-avalia-acoes-da-emater-ro-no-campo-e-resultados-para-produtor-rural","status":"publish","type":"post","link":"http:\/\/www.emater.ro.gov.br\/ematerro\/2020\/08\/11\/visita-tecnica-avalia-acoes-da-emater-ro-no-campo-e-resultados-para-produtor-rural\/","title":{"rendered":"Visita t\u00e9cnica avalia a\u00e7\u00f5es da Emater-RO no campo e resultados para produtor rural"},"content":{"rendered":"<figure id=\"attachment_8707\" aria-describedby=\"caption-attachment-8707\" style=\"width: 1000px\" class=\"wp-caption aligncenter\"><img decoding=\"async\" loading=\"lazy\" class=\"wp-image-8707\" src=\"http:\/\/www.emater.ro.gov.br\/ematerro\/wp-content\/uploads\/2020\/08\/Visita-tecnica-Emater_008-06ago2020-Foto-IRENE-MENDES-001.jpg\" width=\"1000\" height=\"630\" srcset=\"http:\/\/www.emater.ro.gov.br\/ematerro\/wp-content\/uploads\/2020\/08\/Visita-tecnica-Emater_008-06ago2020-Foto-IRENE-MENDES-001.jpg 946w, http:\/\/www.emater.ro.gov.br\/ematerro\/wp-content\/uploads\/2020\/08\/Visita-tecnica-Emater_008-06ago2020-Foto-IRENE-MENDES-001-300x189.jpg 300w, http:\/\/www.emater.ro.gov.br\/ematerro\/wp-content\/uploads\/2020\/08\/Visita-tecnica-Emater_008-06ago2020-Foto-IRENE-MENDES-001-768x484.jpg 768w\" sizes=\"(max-width: 1000px) 100vw, 1000px\" \/><figcaption id=\"caption-attachment-8707\" class=\"wp-caption-text\"><em>Reforma da pastagem e melhoramento da produ\u00e7\u00e3o.<\/em><\/figcaption><\/figure>\n<p>Na semana passada o presidente da Entidade Aut\u00e1rquica de Assist\u00eancia T\u00e9cnica e Extens\u00e3o Rural do Estado de Rond\u00f4nia (Emater-RO), Luciano Brand\u00e3o, visitou munic\u00edpios do interior do estado para avalia\u00e7\u00e3o t\u00e9cnica dos programas de governo que est\u00e3o sendo executados pelos extensionistas junto \u00e0s fam\u00edlias rurais. A visita teve um foco maior no programa Mais Calc\u00e1rio, programa esse que, por meio das a\u00e7\u00f5es da Emater-RO e Secretaria de Estado da Agricultura (Seagri), vem auxiliando os produtores rurais no transporte do calc\u00e1rio da usina at\u00e9 o munic\u00edpio.<\/p>\n<p>No munic\u00edpio de Cacaul\u00e2ndia, na regi\u00e3o do Vale do Jamari, ap\u00f3s uma reuni\u00e3o com as equipes t\u00e9cnicas da Emater-RO local e regional que contou com a participa\u00e7\u00e3o do prefeito Edir Alqueiri, Brand\u00e3o foi convidado para visitar a propriedade do agricultor Jo\u00e3o Maria Portela do Ros\u00e1rio. \u201cEsta \u00e9 a primeira visita que o presidente faz \u00e0 nossa regi\u00e3o\u201d, salienta Matheus Folador, gerente do escrit\u00f3rio regional da Emater no Territ\u00f3rio do Vale do Jamari.<\/p>\n<p>Segundo Folador, o produtor rural Jo\u00e3o Maria, cuja propriedade est\u00e1 localizada na RO-140, LC-30, Lote 102-A da Gleba 36 daquele munic\u00edpio, \u00e9 um dos beneficiados com o programa Mais Calc\u00e1rio. Ele \u00e9 produtor de leite e utilizou 13 toneladas de calc\u00e1rio em sete hectares de capim <em>brachiaria brizantham<\/em>. \u201cEssa reforma da pastagem visa o melhoramento da produ\u00e7\u00e3o que atualmente gira em torno de 120 litros de leite\/dia\u201d, explica o gerente.<\/p>\n<p>Mas n\u00e3o \u00e9 somente com o transporte do calc\u00e1rio que os produtores dos 52 munic\u00edpios do estado est\u00e3o sendo beneficiados. \u201cAl\u00e9m do calc\u00e1rio esses produtores podem agendar, junto \u00e0s prefeituras, os equipamentos que foram distribu\u00eddos atrav\u00e9s do fundo Proleite\u201d, diz Brand\u00e3o, salientando que o programa de desenvolvimento da pecu\u00e1ria leiteira realizou recentemente a entrega de distribuidores de calc\u00e1rio, carretas agr\u00edcolas basculantes e p\u00e1s carregadeiras traseiras, equipamentos esses que tamb\u00e9m foram utilizados pelo produtor Jo\u00e3o Maria, atendido pelo escrit\u00f3rio local da Emater-RO.<\/p>\n<figure id=\"attachment_8708\" aria-describedby=\"caption-attachment-8708\" style=\"width: 500px\" class=\"wp-caption alignleft\"><img decoding=\"async\" loading=\"lazy\" class=\"wp-image-8708\" src=\"http:\/\/www.emater.ro.gov.br\/ematerro\/wp-content\/uploads\/2020\/08\/Visita-tecnica-Emater_006-06ago2020-Foto-IRENE-MENDES-003.jpg\" width=\"500\" height=\"315\" srcset=\"http:\/\/www.emater.ro.gov.br\/ematerro\/wp-content\/uploads\/2020\/08\/Visita-tecnica-Emater_006-06ago2020-Foto-IRENE-MENDES-003.jpg 946w, http:\/\/www.emater.ro.gov.br\/ematerro\/wp-content\/uploads\/2020\/08\/Visita-tecnica-Emater_006-06ago2020-Foto-IRENE-MENDES-003-300x189.jpg 300w, http:\/\/www.emater.ro.gov.br\/ematerro\/wp-content\/uploads\/2020\/08\/Visita-tecnica-Emater_006-06ago2020-Foto-IRENE-MENDES-003-768x484.jpg 768w\" sizes=\"(max-width: 500px) 100vw, 500px\" \/><figcaption id=\"caption-attachment-8708\" class=\"wp-caption-text\">Valoriza\u00e7\u00e3o do produto e valor comercial agregado com mais tecnologia.<\/figcaption><\/figure>\n<p>Durante a passagem por Cacaul\u00e2ndia, a equipe da Emater-RO visitou tamb\u00e9m um latic\u00ednio local gerenciado pela Associa\u00e7\u00e3o Comercial do munic\u00edpio, o LAC10. \u201cA ideia deles \u00e9 formar uma cooperativa de produtores de leite para valoriza\u00e7\u00e3o do produto e destina\u00e7\u00e3o de produ\u00e7\u00e3o de seus derivados, agregando valor comercial\u201d, explica o gerente Folador.<\/p>\n<p>Na oportunidade Brand\u00e3o falou sobre os investimentos que est\u00e3o sendo realizados por meio da cadeia produtiva do leite em parceria com o Sebrae e Embrapa e dos programas Sebratec e Consultec, que visam atender aos munic\u00edpios com a capacita\u00e7\u00e3o de 73 t\u00e9cnicos. \u201cSer\u00e1 capacitado um extensionista de cada escrit\u00f3rio local da Emater e cada extensionista atuar\u00e1 com, no m\u00e1ximo, 30 produtores rurais para que eles possam disseminar as informa\u00e7\u00f5es e aplic\u00e1-las de forma correta\u201d ressalta o presidente.<\/p>\n<p>Brand\u00e3o falou ainda sobre a realiza\u00e7\u00e3o de uma patrulha composta por ensiladeira de duas linhas, carreta agr\u00edcola com basculantes, grade aradora e distribuidor de calc\u00e1rio, onde o latic\u00ednio atender\u00e1 o cooperado com implementos agr\u00edcolas e atendimento t\u00e9cnico. \u00c9 uma a\u00e7\u00e3o conjunta que busca a fideliza\u00e7\u00e3o no pre\u00e7o do litro de leite. A associa\u00e7\u00e3o comercial arrendou o latic\u00ednio visando atender os cooperados e produzir mais com tecnologia e a assist\u00eancia t\u00e9cnica ser\u00e1 oferecida pela parceria entre a Emater-RO e a prefeitura local.<\/p>\n<p>Essas e outras a\u00e7\u00f5es est\u00e3o sendo levadas aos produtores rurais pelo governo estadual, por meio das atividades desenvolvidas pela Emater-RO e Seagri, em prol do desenvolvimento da agricultura do estado e da potencialidade da agricultura familiar, garantindo assim o fortalecimento da economia rural e da melhoria da qualidade de vida das fam\u00edlias no campo.<\/p>\n<h6 style=\"text-align: right;\"><em><span style=\"color: #008080;\">Texto: Wania Ressutti<\/span><\/em><br \/>\n<em> <span style=\"color: #008080;\">Jornalista \u2013 MTE-1744\/RO<\/span><\/em><br \/>\n<em> <span style=\"color: #008080;\">Fotos: Irene Mendes<\/span><\/em><br \/>\n<em> <span style=\"color: #008080;\">Rep\u00f3rter fotogr\u00e1fica \u2013 MTE-368\/RO<\/span><\/em><br \/>\n<em> <span style=\"color: #008080;\">EMATER-RO<\/span><\/em><\/h6>\n<p><strong>Leia mais:<\/strong><br \/>\n<span style=\"color: #0000ff;\"><a style=\"color: #0000ff;\" href=\"http:\/\/www.emater.ro.gov.br\/ematerro\/2020\/08\/05\/programa-mais-calcario-entrega-1295-toneladas-a-produtores-rurais-de-nova-mamore\/\" target=\"_blank\">Programa Mais Calc\u00e1rio entrega 1295 toneladas \u00e0 produtores rurais de Nova Mamor\u00e9<\/a><\/span><\/p>\n<p><span style=\"color: #0000ff;\"><a style=\"color: #0000ff;\" href=\"http:\/\/www.emater.ro.gov.br\/ematerro\/2020\/06\/09\/governo-entrega-equipamentos-agricolas-do-projeto-de-apoio-a-pecuaria-leiteira\/\" target=\"_blank\">Governo de Rond\u00f4nia entrega equipamentos agr\u00edcolas do Projeto de Apoio \u00e0 Pecu\u00e1ria Leiteira<\/a><\/span><\/p>\n<p><span style=\"color: #0000ff;\"><a style=\"color: #0000ff;\" href=\"http:\/\/www.emater.ro.gov.br\/ematerro\/2020\/06\/03\/maquinas-e-equipamentos-chegam-aos-municipios-para-fortalecer-a-cadeia-produtiva-do-leite\/\" target=\"_blank\">M\u00e1quinas e equipamentos chegam aos munic\u00edpios para fortalecer a cadeia produtiva do leite<\/a><\/span><\/p>\n","protected":false},"excerpt":{"rendered":"<p>Na semana passada o presidente da Entidade Aut\u00e1rquica de Assist\u00eancia T\u00e9cnica e Extens\u00e3o Rural do Estado de Rond\u00f4nia (Emater-RO), Luciano Brand\u00e3o, visitou munic\u00edpios do interior do estado para avalia\u00e7\u00e3o t\u00e9cnica [&hellip;]<\/p>\n","protected":false},"author":9,"featured_media":8709,"comment_status":"closed","ping_status":"closed","sticky":false,"template":"","format":"standard","meta":[],"categories":[10,9,12],"tags":[135,513,517,516],"_links":{"self":[{"href":"http:\/\/www.emater.ro.gov.br\/ematerro\/wp-json\/wp\/v2\/posts\/8699"}],"collection":[{"href":"http:\/\/www.emater.ro.gov.br\/ematerro\/wp-json\/wp\/v2\/posts"}],"about":[{"href":"http:\/\/www.emater.ro.gov.br\/ematerro\/wp-json\/wp\/v2\/types\/post"}],"author":[{"embeddable":true,"href":"http:\/\/www.emater.ro.gov.br\/ematerro\/wp-json\/wp\/v2\/users\/9"}],"replies":[{"embeddable":true,"href":"http:\/\/www.emater.ro.gov.br\/ematerro\/wp-json\/wp\/v2\/comments?post=8699"}],"version-history":[{"count":4,"href":"http:\/\/www.emater.ro.gov.br\/ematerro\/wp-json\/wp\/v2\/posts\/8699\/revisions"}],"predecessor-version":[{"id":8710,"href":"http:\/\/www.emater.ro.gov.br\/ematerro\/wp-json\/wp\/v2\/posts\/8699\/revisions\/8710"}],"wp:featuredmedia":[{"embeddable":true,"href":"http:\/\/www.emater.ro.gov.br\/ematerro\/wp-json\/wp\/v2\/media\/8709"}],"wp:attachment":[{"href":"http:\/\/www.emater.ro.gov.br\/ematerro\/wp-json\/wp\/v2\/media?parent=8699"}],"wp:term":[{"taxonomy":"category","embeddable":true,"href":"http:\/\/www.emater.ro.gov.br\/ematerro\/wp-json\/wp\/v2\/categories?post=8699"},{"taxonomy":"post_tag","embeddable":true,"href":"http:\/\/www.emater.ro.gov.br\/ematerro\/wp-json\/wp\/v2\/tags?post=8699"}],"curies":[{"name":"wp","href":"https:\/\/api.w.org\/{rel}","templated":true}]}}