{"id":8665,"date":"2020-07-31T11:50:25","date_gmt":"2020-07-31T15:50:25","guid":{"rendered":"http:\/\/www.emater.ro.gov.br\/ematerro\/?p=8665"},"modified":"2020-07-31T15:44:15","modified_gmt":"2020-07-31T19:44:15","slug":"exercito-brasileiro-prioriza-produtos-da-agricultura-familiar-e-emater-ro-intermedia-a-compra-atraves-do-paa","status":"publish","type":"post","link":"http:\/\/www.emater.ro.gov.br\/ematerro\/2020\/07\/31\/exercito-brasileiro-prioriza-produtos-da-agricultura-familiar-e-emater-ro-intermedia-a-compra-atraves-do-paa\/","title":{"rendered":"Ex\u00e9rcito brasileiro compra produtos da agricultura familiar e Emater-RO intermedia a compra atrav\u00e9s do PAA"},"content":{"rendered":"<figure id=\"attachment_8668\" aria-describedby=\"caption-attachment-8668\" style=\"width: 2021px\" class=\"wp-caption aligncenter\"><img decoding=\"async\" loading=\"lazy\" class=\"size-full wp-image-8668\" src=\"http:\/\/www.emater.ro.gov.br\/ematerro\/wp-content\/uploads\/2020\/07\/PAA-Costa-Marques_003-julho_2020-EMATER-RO.jpg\" alt=\"Os produtos abastecem o 6\u00ba Batalh\u00e3o de Infantaria de Selva Pelot\u00e3o Forte Pr\u00edncipe da Beira.\" width=\"2021\" height=\"1271\" srcset=\"http:\/\/www.emater.ro.gov.br\/ematerro\/wp-content\/uploads\/2020\/07\/PAA-Costa-Marques_003-julho_2020-EMATER-RO.jpg 2021w, http:\/\/www.emater.ro.gov.br\/ematerro\/wp-content\/uploads\/2020\/07\/PAA-Costa-Marques_003-julho_2020-EMATER-RO-300x189.jpg 300w, http:\/\/www.emater.ro.gov.br\/ematerro\/wp-content\/uploads\/2020\/07\/PAA-Costa-Marques_003-julho_2020-EMATER-RO-768x483.jpg 768w, http:\/\/www.emater.ro.gov.br\/ematerro\/wp-content\/uploads\/2020\/07\/PAA-Costa-Marques_003-julho_2020-EMATER-RO-1024x644.jpg 1024w\" sizes=\"(max-width: 2021px) 100vw, 2021px\" \/><figcaption id=\"caption-attachment-8668\" class=\"wp-caption-text\"><em>Os produtos abastecem o 6\u00ba Batalh\u00e3o de Infantaria de Selva Pelot\u00e3o Forte Pr\u00edncipe da Beira.<\/em><\/figcaption><\/figure>\n<p>Representado pelo comando militar da Amaz\u00f4nia, por meio da 17\u00ba Brigada de Infantaria Selva Comando de Fronteiras, o Minist\u00e9rio da Defesa do Ex\u00e9rcito Brasileiro est\u00e1 participando do Programa de Aquisi\u00e7\u00e3o de Alimentos (PAA) na modalidade Compra Institucional. A a\u00e7\u00e3o \u00e9 intermediada pela Entidade Aut\u00e1rquica de Assist\u00eancia T\u00e9cnica e Extens\u00e3o Rural do Estado de Rond\u00f4nia (Emater-RO) em parceria com a Secretaria de Estado de Agricultura (Seagri) e est\u00e1 beneficiando 17 agricultores familiares que poder\u00e3o receber juntos, por seus produtos, o valor total de at\u00e9 R$ 78.695,04. Os produtos abastecem o 6\u00ba Batalh\u00e3o de Infantaria de Selva Pelot\u00e3o Forte Pr\u00edncipe da Beira, na regi\u00e3o de Costa Marques, alimentando 66 militares que atuam nessa regi\u00e3o.<\/p>\n<p>A chamada p\u00fablica para iniciar a compra de alimentos dos produtores rurais familiares da regi\u00e3o foi realizada em outubro de 2019 e at\u00e9 o momento j\u00e1 foram pagos \u00e0s fam\u00edlias de agricultores o valor de R$ 54.775,56. \u201cAcredito que na regi\u00e3o do Vale do Guapor\u00e9, n\u00f3s de Costa Marques, somos os \u00fanicos que est\u00e1 trabalhando com essa modalidade de PAA\u201d, diz Jorge Mugrabi, gerente do escrit\u00f3rio da Emater-RO local.<\/p>\n<p>O PAA foi criado pelo governo federal em 2003 com a finalidade de fomentar o acesso \u00e0 alimenta\u00e7\u00e3o \u00e0s popula\u00e7\u00f5es em situa\u00e7\u00e3o de inseguran\u00e7a alimentar e nutricional. Abra\u00e7ada pelo estado de Rond\u00f4nia, essa a\u00e7\u00e3o vem contribuindo para que in\u00fameras fam\u00edlias de agricultores tenham certa a comercializa\u00e7\u00e3o de seus produtos, ao mesmo tempo em que fam\u00edlias necessitadas garantam comida em seus pratos.<\/p>\n<figure id=\"attachment_8670\" aria-describedby=\"caption-attachment-8670\" style=\"width: 400px\" class=\"wp-caption alignleft\"><img decoding=\"async\" loading=\"lazy\" class=\"wp-image-8670\" src=\"http:\/\/www.emater.ro.gov.br\/ematerro\/wp-content\/uploads\/2020\/07\/PAA-Costa-Marques_001-julho_2020-EMATER-RO.jpg\" width=\"400\" height=\"252\" srcset=\"http:\/\/www.emater.ro.gov.br\/ematerro\/wp-content\/uploads\/2020\/07\/PAA-Costa-Marques_001-julho_2020-EMATER-RO.jpg 2021w, http:\/\/www.emater.ro.gov.br\/ematerro\/wp-content\/uploads\/2020\/07\/PAA-Costa-Marques_001-julho_2020-EMATER-RO-300x189.jpg 300w, http:\/\/www.emater.ro.gov.br\/ematerro\/wp-content\/uploads\/2020\/07\/PAA-Costa-Marques_001-julho_2020-EMATER-RO-768x483.jpg 768w, http:\/\/www.emater.ro.gov.br\/ematerro\/wp-content\/uploads\/2020\/07\/PAA-Costa-Marques_001-julho_2020-EMATER-RO-1024x644.jpg 1024w\" sizes=\"(max-width: 400px) 100vw, 400px\" \/><figcaption id=\"caption-attachment-8670\" class=\"wp-caption-text\"><em>Na modalidade Compra Institucional o processo \u00e9 feito atrav\u00e9s de chamamento. p\u00fablico, com recursos pr\u00f3prios.<\/em><\/figcaption><\/figure>\n<p>Com o tempo o PAA foi se aperfei\u00e7oando e criando modalidades a fim de assistir outras necessidades, e assim foi criado o PAA na modalidade Compra Institucional. \u00c9 atrav\u00e9s dessa modalidade que \u00f3rg\u00e3os federais, estaduais e municipais podem comprar alimentos produzidos pela agricultura familiar, onde o processo \u00e9 feito atrav\u00e9s de chamamento p\u00fablico, com recursos pr\u00f3prios e dispensa de procedimento licitat\u00f3rio.<\/p>\n<p>A a\u00e7\u00e3o em Costa Marques \u00e9 intermediada pelo escrit\u00f3rio da Emater-RO local com apoio da equipe do escrit\u00f3rio regional Vale do Guapor\u00e9 e da Seagri com o objetivo de adquirir os alimentos dos agricultores familiares e demais benefici\u00e1rios que se enquadram nas disposi\u00e7\u00f5es da Lei no 11.326\/2006. At\u00e9 o momento 17 fam\u00edlias de agricultores j\u00e1 foram beneficiadas comercializando os seus produtos para o 6\u00ba BIS Forte Pr\u00edncipe da Beira. \u201cAlguns agricultores tamb\u00e9m participam do PAA do estado, que adquire os produtos para repasse imediato \u00e0s fam\u00edlias de baixa renda\u201d, explica Mugrabi.<\/p>\n<p>Atualmente est\u00e3o sendo entregues ao batalh\u00e3o atrav\u00e9s da compra direta dos agricultores familiares, produtos como: frutas, queijos, iogurtes, ovos, inhame e hortali\u00e7as em geral. A produtora rural Lindaura Gualoa Dias, moradora no setor Serra Grande \u00e9 uma das benefici\u00e1rias, com um contrato no valor de R$ 12.000,00 para entrega de produtos oriundos da sua agroind\u00fastria de derivado de leite. \u201cEla comercializa queijos e iogurtes com a assessoria da Emater e est\u00e1 muito contente com esse PAA\u201d, enfatiza o gerente. O recebimento dos produtos dos agricultores e o repasse ao batalh\u00e3o s\u00e3o realizados todas \u00e0s ter\u00e7as-feiras, no escrit\u00f3rio local da Emater-RO de Costa Marques.<\/p>\n<h6 style=\"text-align: right;\"><span style=\"color: #339966;\"><em>Texto: Wania Ressutti<\/em><\/span><br \/>\n<span style=\"color: #339966;\"><em>Jornalista \u2013 MTE-1744\/RO<\/em><\/span><br \/>\n<span style=\"color: #339966;\"><em>Fotos: Esloc Costa Marques<\/em><\/span><br \/>\n<span style=\"color: #339966;\"><em>EMATER-RO<\/em><\/span><\/h6>\n<p>Leia mais:<br \/>\n<a href=\"http:\/\/www.emater.ro.gov.br\/ematerro\/2020\/04\/17\/governo-mantem-compra-de-alimentos-do-paa-e-auxilia-no-abastecimento-da-populacao\/\">Governo mant\u00e9m compra de alimentos do PAA e auxilia no abastecimento da popula\u00e7\u00e3o<\/a><br \/>\n<a href=\"http:\/\/www.emater.ro.gov.br\/ematerro\/2020\/02\/18\/volta-das-compras-do-paa-anima-produtores-de-hortalicas-de-porto-velho\/\">Volta das compras do PAA anima produtores de hortali\u00e7as de Porto Velho<\/a><\/p>\n","protected":false},"excerpt":{"rendered":"<p>Representado pelo comando militar da Amaz\u00f4nia, por meio da 17\u00ba Brigada de Infantaria Selva Comando de Fronteiras, o Minist\u00e9rio da Defesa do Ex\u00e9rcito Brasileiro est\u00e1 participando do Programa de Aquisi\u00e7\u00e3o [&hellip;]<\/p>\n","protected":false},"author":9,"featured_media":8676,"comment_status":"closed","ping_status":"closed","sticky":false,"template":"","format":"standard","meta":[],"categories":[10,9,12],"tags":[301,512,75],"_links":{"self":[{"href":"http:\/\/www.emater.ro.gov.br\/ematerro\/wp-json\/wp\/v2\/posts\/8665"}],"collection":[{"href":"http:\/\/www.emater.ro.gov.br\/ematerro\/wp-json\/wp\/v2\/posts"}],"about":[{"href":"http:\/\/www.emater.ro.gov.br\/ematerro\/wp-json\/wp\/v2\/types\/post"}],"author":[{"embeddable":true,"href":"http:\/\/www.emater.ro.gov.br\/ematerro\/wp-json\/wp\/v2\/users\/9"}],"replies":[{"embeddable":true,"href":"http:\/\/www.emater.ro.gov.br\/ematerro\/wp-json\/wp\/v2\/comments?post=8665"}],"version-history":[{"count":4,"href":"http:\/\/www.emater.ro.gov.br\/ematerro\/wp-json\/wp\/v2\/posts\/8665\/revisions"}],"predecessor-version":[{"id":8677,"href":"http:\/\/www.emater.ro.gov.br\/ematerro\/wp-json\/wp\/v2\/posts\/8665\/revisions\/8677"}],"wp:featuredmedia":[{"embeddable":true,"href":"http:\/\/www.emater.ro.gov.br\/ematerro\/wp-json\/wp\/v2\/media\/8676"}],"wp:attachment":[{"href":"http:\/\/www.emater.ro.gov.br\/ematerro\/wp-json\/wp\/v2\/media?parent=8665"}],"wp:term":[{"taxonomy":"category","embeddable":true,"href":"http:\/\/www.emater.ro.gov.br\/ematerro\/wp-json\/wp\/v2\/categories?post=8665"},{"taxonomy":"post_tag","embeddable":true,"href":"http:\/\/www.emater.ro.gov.br\/ematerro\/wp-json\/wp\/v2\/tags?post=8665"}],"curies":[{"name":"wp","href":"https:\/\/api.w.org\/{rel}","templated":true}]}}