{"id":8608,"date":"2020-07-02T10:51:39","date_gmt":"2020-07-02T14:51:39","guid":{"rendered":"http:\/\/www.emater.ro.gov.br\/ematerro\/?p=8608"},"modified":"2020-07-02T12:08:36","modified_gmt":"2020-07-02T16:08:36","slug":"feira-virtual-mostrara-potencialidade-agroeconomica-da-amazonia-para-o-brasil-e-o-mundo","status":"publish","type":"post","link":"http:\/\/www.emater.ro.gov.br\/ematerro\/2020\/07\/02\/feira-virtual-mostrara-potencialidade-agroeconomica-da-amazonia-para-o-brasil-e-o-mundo\/","title":{"rendered":"Feira virtual mostrar\u00e1 potencialidade agroecon\u00f4mica da Amaz\u00f4nia para o Brasil e o mundo"},"content":{"rendered":"<p style=\"text-align: center;\"><span style=\"color: #339966;\"><strong>O evento est\u00e1 programado para ser realizado no per\u00edodo de 22 a 24 de setembro deste ano e dever\u00e1 ser um dos maiores acontecimentos virtuais para o setor produtivo.<\/strong><\/span><\/p>\n<figure id=\"attachment_8609\" aria-describedby=\"caption-attachment-8609\" style=\"width: 1000px\" class=\"wp-caption aligncenter\"><img decoding=\"async\" loading=\"lazy\" class=\"size-full wp-image-8609\" src=\"http:\/\/www.emater.ro.gov.br\/ematerro\/wp-content\/uploads\/2020\/07\/Rodada-de-Negocios-realizada-em-OPO-abre-contagem-regressiva-para-7RRShow_007-foto-Wania-Ressutti.jpg\" alt=\"O Agrolab ser\u00e1 um evento digital com a mesma proximidade e qualidade de um evento presencial.\" width=\"1000\" height=\"625\" srcset=\"http:\/\/www.emater.ro.gov.br\/ematerro\/wp-content\/uploads\/2020\/07\/Rodada-de-Negocios-realizada-em-OPO-abre-contagem-regressiva-para-7RRShow_007-foto-Wania-Ressutti.jpg 1000w, http:\/\/www.emater.ro.gov.br\/ematerro\/wp-content\/uploads\/2020\/07\/Rodada-de-Negocios-realizada-em-OPO-abre-contagem-regressiva-para-7RRShow_007-foto-Wania-Ressutti-300x188.jpg 300w, http:\/\/www.emater.ro.gov.br\/ematerro\/wp-content\/uploads\/2020\/07\/Rodada-de-Negocios-realizada-em-OPO-abre-contagem-regressiva-para-7RRShow_007-foto-Wania-Ressutti-768x480.jpg 768w\" sizes=\"(max-width: 1000px) 100vw, 1000px\" \/><figcaption id=\"caption-attachment-8609\" class=\"wp-caption-text\"><strong><em>O Agrolab ser\u00e1 um evento digital com a mesma proximidade e qualidade de um evento presencial.<\/em><\/strong><\/figcaption><\/figure>\n<p>O Agrolab Amaz\u00f4nia \u00e9 resultado de uma parceria entre o Sebrae Rond\u00f4nia (organizador do evento) e o governo estadual, por meio da Entidade Aut\u00e1rquica de Assist\u00eancia T\u00e9cnica e Extens\u00e3o Rural do Estado de Rond\u00f4nia (Emater-RO) na busca de novas oportunidades para o desenvolvimento do agroneg\u00f3cio com sustentabilidade para a regi\u00e3o norte do Brasil. Ser\u00e1 um evento 100% virtual e contar\u00e1 com a colabora\u00e7\u00e3o da Associa\u00e7\u00e3o Brasileira das Entidades de Assist\u00eancia T\u00e9cnica e Extens\u00e3o Rural (Asbraer) na organiza\u00e7\u00e3o e interlocu\u00e7\u00e3o com as entidades de Ater p\u00fablica de todo o pa\u00eds.<\/p>\n<p>Para o diretor-presidente da Emater-RO, Luciano Brand\u00e3o, o Agrolab Amaz\u00f4nia ser\u00e1 muito importante para que o setor produtivo do agroneg\u00f3cio apresente suas potencialidades, da parte sustent\u00e1vel da regi\u00e3o Amaz\u00f4nia n\u00e3o somente para o Brasil, mas para o mundo todo. \u201c\u00c9 uma feira que vai acontecer em n\u00edvel nacional e internacional onde discutiremos com pessoas de diversos segmentos as a\u00e7\u00f5es da Ater da regi\u00e3o norte\u201d, explicou.<\/p>\n<figure id=\"attachment_8611\" aria-describedby=\"caption-attachment-8611\" style=\"width: 400px\" class=\"wp-caption alignleft\"><img decoding=\"async\" loading=\"lazy\" class=\"wp-image-8611\" src=\"http:\/\/www.emater.ro.gov.br\/ematerro\/wp-content\/uploads\/2020\/07\/Rondonia-Rural-Show_2019-foto-Wania-Ressutti.jpg\" alt=\"Potencialidades da Amaz\u00f4nia para o Brasil e o mundo.\" width=\"400\" height=\"252\" srcset=\"http:\/\/www.emater.ro.gov.br\/ematerro\/wp-content\/uploads\/2020\/07\/Rondonia-Rural-Show_2019-foto-Wania-Ressutti.jpg 2021w, http:\/\/www.emater.ro.gov.br\/ematerro\/wp-content\/uploads\/2020\/07\/Rondonia-Rural-Show_2019-foto-Wania-Ressutti-300x189.jpg 300w, http:\/\/www.emater.ro.gov.br\/ematerro\/wp-content\/uploads\/2020\/07\/Rondonia-Rural-Show_2019-foto-Wania-Ressutti-768x483.jpg 768w, http:\/\/www.emater.ro.gov.br\/ematerro\/wp-content\/uploads\/2020\/07\/Rondonia-Rural-Show_2019-foto-Wania-Ressutti-1024x644.jpg 1024w\" sizes=\"(max-width: 400px) 100vw, 400px\" \/><figcaption id=\"caption-attachment-8611\" class=\"wp-caption-text\">Potencialidades da Amaz\u00f4nia para o Brasil e o mundo.<\/figcaption><\/figure>\n<p>Durante o encontro para discuss\u00e3o dos detalhes do evento, Luciano, que tamb\u00e9m \u00e9 vice-presidente da Asbraer para a regi\u00e3o norte, apresentou uma proposta de se fazer, junto com a feira virtual, o encontro da assist\u00eancia t\u00e9cnica e extens\u00e3o rural da regi\u00e3o norte para discutir a\u00e7\u00f5es de Ater que contemplem as especificidades locais. \u201c\u00c9 muito importante o envolvimento das Ateres do pa\u00eds para uma integra\u00e7\u00e3o e compartilhamento de conhecimento num evento que ser\u00e1 global e inovador\u201d, disse.<\/p>\n<p>O Agrolab, que ser\u00e1 realizado nos dias 22, 23 e 24 de setembro, pretende ser um evento digital com a mesma proximidade e qualidade de um evento presencial garantindo a participa\u00e7\u00e3o efetiva para o p\u00fablico do agroneg\u00f3cio. Atrav\u00e9s do Conecta Sebrae Agrolab Amaz\u00f4nia &#8211; ecossistemas globais de inova\u00e7\u00e3o, pretende-se promover a gera\u00e7\u00e3o de neg\u00f3cios, a dissemina\u00e7\u00e3o de conhecimentos e a divulga\u00e7\u00e3o de empresas para que estas possam se apresentar ao mundo.<\/p>\n<p>O evento ser\u00e1 realizado por meio de uma webinar a ser transmitida em tempo real, onde ser\u00e3o apresentados pain\u00e9is, rodadas de neg\u00f3cios e f\u00f3runs com diversos eixos tem\u00e1ticos entre os quais: inova\u00e7\u00e3o e tecnologia; intelig\u00eancia de mercado; investimento e infraestrutura; pol\u00edticas p\u00fablicas para neg\u00f3cios; sustentabilidade; empreendedorismo e gest\u00e3o.<\/p>\n<h6 style=\"text-align: right;\"><span style=\"color: #339966;\"><em>Texto: Wania Ressutti<\/em><\/span><br \/>\n<span style=\"color: #339966;\"><em>Jornalista \u2013 MTE-1744\/RO<\/em><\/span><br \/>\n<span style=\"color: #339966;\"><em>Fotos: Wania Ressutti<\/em><\/span><br \/>\n<span style=\"color: #339966;\"><em>EMATER-RO<\/em><\/span><\/h6>\n","protected":false},"excerpt":{"rendered":"<p>O evento est\u00e1 programado para ser realizado no per\u00edodo de 22 a 24 de setembro deste ano e dever\u00e1 ser um dos maiores acontecimentos virtuais para o setor produtivo. O [&hellip;]<\/p>\n","protected":false},"author":9,"featured_media":8610,"comment_status":"closed","ping_status":"closed","sticky":false,"template":"","format":"standard","meta":[],"categories":[10,9,12],"tags":[221,506,195,247,66],"_links":{"self":[{"href":"http:\/\/www.emater.ro.gov.br\/ematerro\/wp-json\/wp\/v2\/posts\/8608"}],"collection":[{"href":"http:\/\/www.emater.ro.gov.br\/ematerro\/wp-json\/wp\/v2\/posts"}],"about":[{"href":"http:\/\/www.emater.ro.gov.br\/ematerro\/wp-json\/wp\/v2\/types\/post"}],"author":[{"embeddable":true,"href":"http:\/\/www.emater.ro.gov.br\/ematerro\/wp-json\/wp\/v2\/users\/9"}],"replies":[{"embeddable":true,"href":"http:\/\/www.emater.ro.gov.br\/ematerro\/wp-json\/wp\/v2\/comments?post=8608"}],"version-history":[{"count":5,"href":"http:\/\/www.emater.ro.gov.br\/ematerro\/wp-json\/wp\/v2\/posts\/8608\/revisions"}],"predecessor-version":[{"id":8616,"href":"http:\/\/www.emater.ro.gov.br\/ematerro\/wp-json\/wp\/v2\/posts\/8608\/revisions\/8616"}],"wp:featuredmedia":[{"embeddable":true,"href":"http:\/\/www.emater.ro.gov.br\/ematerro\/wp-json\/wp\/v2\/media\/8610"}],"wp:attachment":[{"href":"http:\/\/www.emater.ro.gov.br\/ematerro\/wp-json\/wp\/v2\/media?parent=8608"}],"wp:term":[{"taxonomy":"category","embeddable":true,"href":"http:\/\/www.emater.ro.gov.br\/ematerro\/wp-json\/wp\/v2\/categories?post=8608"},{"taxonomy":"post_tag","embeddable":true,"href":"http:\/\/www.emater.ro.gov.br\/ematerro\/wp-json\/wp\/v2\/tags?post=8608"}],"curies":[{"name":"wp","href":"https:\/\/api.w.org\/{rel}","templated":true}]}}