{"id":8550,"date":"2020-06-19T11:34:24","date_gmt":"2020-06-19T15:34:24","guid":{"rendered":"http:\/\/www.emater.ro.gov.br\/ematerro\/?p=8550"},"modified":"2020-06-22T09:35:19","modified_gmt":"2020-06-22T13:35:19","slug":"plano-safra-2021-tem-mais-dinheiro-e-juros-menores","status":"publish","type":"post","link":"http:\/\/www.emater.ro.gov.br\/ematerro\/2020\/06\/19\/plano-safra-2021-tem-mais-dinheiro-e-juros-menores\/","title":{"rendered":"Plano Safra 20\/21 tem mais dinheiro e juros menores"},"content":{"rendered":"<p>&nbsp;<\/p>\n<p>O plano safra apresentado esta semana pela ministra da agricultura Teresa Cristina, traz mais recursos e redu\u00e7\u00e3o na taxa de juros cobrada no Programa de Financiamento da Agricultura Familiar ( Pronaf), o programa foi lan\u00e7ado no dia 17 de junho e no dia seguinte a ministra voltou a abordar o tema em uma apresenta\u00e7\u00e3o na internet, juntamente com o secret\u00e1rio da agricultura familiar e cooperativismo, e diretores dos bancos cooperativos Cresol e Sicredi, al\u00e9m de outras autoridades.<img decoding=\"async\" loading=\"lazy\" class=\"alignnone size-full wp-image-7703\" src=\"http:\/\/www.emater.ro.gov.br\/ematerro\/wp-content\/uploads\/2020\/01\/04.jpg\" alt=\"04\" width=\"1000\" height=\"625\" srcset=\"http:\/\/www.emater.ro.gov.br\/ematerro\/wp-content\/uploads\/2020\/01\/04.jpg 1000w, http:\/\/www.emater.ro.gov.br\/ematerro\/wp-content\/uploads\/2020\/01\/04-300x188.jpg 300w, http:\/\/www.emater.ro.gov.br\/ematerro\/wp-content\/uploads\/2020\/01\/04-768x480.jpg 768w\" sizes=\"(max-width: 1000px) 100vw, 1000px\" \/><\/p>\n<p>Se destaca neste plano safra o esfor\u00e7o do governo para apoiar a agricultura familiar, que neste ano apresenta redu\u00e7\u00f5es nas taxas de juros que chegam a ser at\u00e9 (13%) treze por cento menores do que no ano passado, para algumas linhas de cr\u00e9dito da agricultura familiar. Isto demonstra o interesse do governo em facilitar a mobilidade entre as categorias de produtores rurais, incentivando atrav\u00e9s do cr\u00e9dito que agricultores familiares se desloquem para m\u00e9dios produtores, e os m\u00e9dios para grande. \u201cEssas categorias da base produtiva brasileira s\u00e3o as que mais precisam de ajuda do governo\u201d disse a ministra.<br \/>\nO aumento no volume de cr\u00e9dito ofertado \u00e9 de 30 bilh\u00f5es para o Pronaf e mais 30 para o Pronamp ( Programa de financiamento para o m\u00e9dio produtor), e como era de se esperar a menor taxa de juros \u00e9 para o micro produtor, em atividades como cultivo de plantas medicinais, arom\u00e1ticas, produtores de artesanato e turismo Rural. Que podem tomar credito com juros de at\u00e9 dois virgula setenta e cinco por cento (2,75%).<\/p>\n<p><strong>Assist\u00eancia T\u00e9cnica<\/strong><\/p>\n<p>Outro foco destacado no plano safra \u00e9 a Assist\u00eancia T\u00e9cnica que dever\u00e1 ter um aumento no percentual de atendimento \u00e0 agricultura familiar e m\u00e9dios agricultores como forma de melhorar a introdu\u00e7\u00e3o de novas tecnologias no campo. Tamb\u00e9m est\u00e3o sendo tomadas medidas para desburocratizar o cr\u00e9dito a fim torna-lo mais democr\u00e1tico e f\u00e1cil para o pequeno produtor, disse Fernando Shwanke, secret\u00e1rio de agricultura familiar.<br \/>\nParticipante na Live do MAPA o presidente do Instituto Interamericano de Coopera\u00e7\u00e3o para a Agricultura, Manuel Otero, elogiou a iniciativa do governo de facilitar o cr\u00e9dito e incentivar a assist\u00eancia aos pequenos produtores, porque segundo ele, s\u00e3o os agricultores familiares que al\u00e9m de produzirem os alimentos da cesta b\u00e1sica s\u00e3o os guardi\u00f5es da sociobiodiversidade.<\/p>\n<p><strong>Habita\u00e7\u00e3o Rural<\/strong><\/p>\n<p>O Plano Safra 20\/21 tamb\u00e9m contempla cr\u00e9dito para habita\u00e7\u00e3o rural, est\u00e3o dispon\u00edveis para financiar constru\u00e7\u00e3o ou reforma de moradia rural o valor de 500 milh\u00f5es de reais, os juros desta modalidade de cr\u00e9dito s\u00e3o de quatro por cento.O produtor poder\u00e1 construir ou reformar sua habita\u00e7\u00e3o, ou casas para seus filhos.<br \/>\nEsta linha de cr\u00e9dito, em espec\u00edfico, al\u00e9m de possibilitar a realiza\u00e7\u00e3o do sonho de muitas fam\u00edlias, em melhorar sua moradia, \u00e9 um claro incentivo a perman\u00eancia dos filhos de agricultores no campo e obviamente melhores condi\u00e7\u00f5es para a sucess\u00e3o na propriedade rural.<\/p>\n<p>Texto: Enoque de Oliveira<\/p>\n<p>Foto: Arquivo da Emater-RO<\/p>\n","protected":false},"excerpt":{"rendered":"<p>&nbsp; O plano safra apresentado esta semana pela ministra da agricultura Teresa Cristina, traz mais recursos e redu\u00e7\u00e3o na taxa de juros cobrada no Programa de Financiamento da Agricultura Familiar [&hellip;]<\/p>\n","protected":false},"author":8,"featured_media":7719,"comment_status":"closed","ping_status":"closed","sticky":false,"template":"","format":"standard","meta":[],"categories":[17,10,9,12],"tags":[31],"_links":{"self":[{"href":"http:\/\/www.emater.ro.gov.br\/ematerro\/wp-json\/wp\/v2\/posts\/8550"}],"collection":[{"href":"http:\/\/www.emater.ro.gov.br\/ematerro\/wp-json\/wp\/v2\/posts"}],"about":[{"href":"http:\/\/www.emater.ro.gov.br\/ematerro\/wp-json\/wp\/v2\/types\/post"}],"author":[{"embeddable":true,"href":"http:\/\/www.emater.ro.gov.br\/ematerro\/wp-json\/wp\/v2\/users\/8"}],"replies":[{"embeddable":true,"href":"http:\/\/www.emater.ro.gov.br\/ematerro\/wp-json\/wp\/v2\/comments?post=8550"}],"version-history":[{"count":4,"href":"http:\/\/www.emater.ro.gov.br\/ematerro\/wp-json\/wp\/v2\/posts\/8550\/revisions"}],"predecessor-version":[{"id":8563,"href":"http:\/\/www.emater.ro.gov.br\/ematerro\/wp-json\/wp\/v2\/posts\/8550\/revisions\/8563"}],"wp:featuredmedia":[{"embeddable":true,"href":"http:\/\/www.emater.ro.gov.br\/ematerro\/wp-json\/wp\/v2\/media\/7719"}],"wp:attachment":[{"href":"http:\/\/www.emater.ro.gov.br\/ematerro\/wp-json\/wp\/v2\/media?parent=8550"}],"wp:term":[{"taxonomy":"category","embeddable":true,"href":"http:\/\/www.emater.ro.gov.br\/ematerro\/wp-json\/wp\/v2\/categories?post=8550"},{"taxonomy":"post_tag","embeddable":true,"href":"http:\/\/www.emater.ro.gov.br\/ematerro\/wp-json\/wp\/v2\/tags?post=8550"}],"curies":[{"name":"wp","href":"https:\/\/api.w.org\/{rel}","templated":true}]}}