{"id":855,"date":"2016-08-18T11:37:41","date_gmt":"2016-08-18T15:37:41","guid":{"rendered":"http:\/\/www.emater.ro.gov.br\/ematerro\/?p=855"},"modified":"2016-08-18T12:03:06","modified_gmt":"2016-08-18T16:03:06","slug":"emater-ro-divulga-acoes-na-2a-portoagro","status":"publish","type":"post","link":"http:\/\/www.emater.ro.gov.br\/ematerro\/2016\/08\/18\/emater-ro-divulga-acoes-na-2a-portoagro\/","title":{"rendered":"Emater-RO divulga a\u00e7\u00f5es na 2\u00aa Portoagro"},"content":{"rendered":"<p>O Parque dos Tanques, em Porto Velho, abriu as portas hoje (18) para dar in\u00edcio \u00e0 constru\u00e7\u00e3o do maior parque de neg\u00f3cios e tecnologias rurais sustent\u00e1veis. Organizadores e parceiros da 2\u00aa Portoagro receberam a imprensa no local, mostrando o \u00e1rduo trabalho das comiss\u00f5es e as atividades que ser\u00e3o realizadas durante o evento.<\/p>\n<figure id=\"attachment_860\" aria-describedby=\"caption-attachment-860\" style=\"width: 500px\" class=\"wp-caption alignleft\"><img decoding=\"async\" loading=\"lazy\" class=\"wp-image-860\" src=\"http:\/\/www.emater.ro.gov.br\/ematerro\/wp-content\/uploads\/2016\/08\/DSC_0017-300x188.jpg\" alt=\"A Emater-RO \u00e9 uma das parceira na realiza\u00e7\u00e3o da 2\u00aa Portoagro.\" width=\"500\" height=\"313\" srcset=\"http:\/\/www.emater.ro.gov.br\/ematerro\/wp-content\/uploads\/2016\/08\/DSC_0017-300x188.jpg 300w, http:\/\/www.emater.ro.gov.br\/ematerro\/wp-content\/uploads\/2016\/08\/DSC_0017-768x480.jpg 768w, http:\/\/www.emater.ro.gov.br\/ematerro\/wp-content\/uploads\/2016\/08\/DSC_0017-1024x640.jpg 1024w, http:\/\/www.emater.ro.gov.br\/ematerro\/wp-content\/uploads\/2016\/08\/DSC_0017.jpg 1600w\" sizes=\"(max-width: 500px) 100vw, 500px\" \/><figcaption id=\"caption-attachment-860\" class=\"wp-caption-text\">A Emater-RO \u00e9 uma das parceira na realiza\u00e7\u00e3o da 2\u00aa Portoagro.<\/figcaption><\/figure>\n<p>O vice-presidente da Emater-RO, M\u00e1rcio Andr\u00e9 Milani disse que h\u00e1 60 dias a institui\u00e7\u00e3o vem trabalhando em uma das atividades que tem atra\u00eddo produtores rurais de todo o estado: a oportunidade de cr\u00e9dito rural. Segundo M\u00e1rcio, at\u00e9 o momento, somente na regi\u00e3o de Porto Velho e munic\u00edpios circunvizinhos, atrav\u00e9s da Caravana de oportunidades, cerca de 700 propostas j\u00e1 foram elaboradas ou est\u00e3o em fase de elabora\u00e7\u00e3o, totalizando aproximadamente, R$ 150 milh\u00f5es a serem liberados durante a 2\u00aa Portoagro. \u201cA propostas ainda passam por uma avalia\u00e7\u00e3o da institui\u00e7\u00e3o financeira e somente as que estiverem de acordo com as normativas ser\u00e3o aprovadas\u201d, explica o vice-presidente.<\/p>\n<p>Parceira na realiza\u00e7\u00e3o do evento, A Emater-RO tamb\u00e9m tem contribu\u00eddo em diversas comiss\u00f5es de organiza\u00e7\u00e3o, entre as quais: infraestrutra, palestras e transfer\u00eancia de tecnologia, exposi\u00e7\u00e3o de animais, transporte e orienta\u00e7\u00e3o ao produtor, credito rural, comunica\u00e7\u00e3o social e m\u00eddias e expositores de artesanato e agroind\u00fastria. \u201cJ\u00e1 est\u00e3o confirmadas 28 agroind\u00fastrias e 38 artes\u00e3os\u201d, conta M\u00e1rcio.<\/p>\n<figure id=\"attachment_857\" aria-describedby=\"caption-attachment-857\" style=\"width: 300px\" class=\"wp-caption alignright\"><img decoding=\"async\" loading=\"lazy\" class=\"size-medium wp-image-857\" src=\"http:\/\/www.emater.ro.gov.br\/ematerro\/wp-content\/uploads\/2016\/08\/DSC_0002-300x225.jpg\" alt=\"O Parque dos Tanques abrigar\u00e1 o que h\u00e1 de melhor em agroneg\u00f3cio da regi\u00e3o.\" width=\"300\" height=\"225\" srcset=\"http:\/\/www.emater.ro.gov.br\/ematerro\/wp-content\/uploads\/2016\/08\/DSC_0002-300x225.jpg 300w, http:\/\/www.emater.ro.gov.br\/ematerro\/wp-content\/uploads\/2016\/08\/DSC_0002-768x576.jpg 768w, http:\/\/www.emater.ro.gov.br\/ematerro\/wp-content\/uploads\/2016\/08\/DSC_0002-640x480.jpg 640w, http:\/\/www.emater.ro.gov.br\/ematerro\/wp-content\/uploads\/2016\/08\/DSC_0002.jpg 800w\" sizes=\"(max-width: 300px) 100vw, 300px\" \/><figcaption id=\"caption-attachment-857\" class=\"wp-caption-text\">O Parque dos Tanques abrigar\u00e1 o que h\u00e1 de melhor em agroneg\u00f3cio da regi\u00e3o.<\/figcaption><\/figure>\n<p>A Emater-RO tamb\u00e9m estar\u00e1 realizando o concurso leiteiro que j\u00e1 conta com 23 matrizes inscritas e, em parceria com a Embrapa, levando aos produtores rurais um circuito tecnol\u00f3gico que levar\u00e1 25 palestras t\u00e9cnicas sobre integra\u00e7\u00e3o lavoura-pecu\u00e1ria-floresta, leite, caf\u00e9, mandioca e fruticultura. \u201cA nossa meta \u00e9 levar 400 agricultores por dia, para participar dessas palestras, no intuito de incentivar o uso de tecnologia que, com certeza, dar\u00e3o um grande impulso no desenvolvimento agropecu\u00e1rio do estado.\u201d<\/p>\n<p>A 2\u00aa feira de Neg\u00f3cioe e Tecnologias Rurais Sustent\u00e1veis &#8211; Portoagro, ser\u00e1 realizada em Porto Velho, no per\u00edodo de 24 a 28 de agosto deste ano.<\/p>\n<h6 style=\"text-align: right;\"><em>Texto e fotos: Wania Ressutti<\/em><br \/>\n<em>Jornalista \u2013 SRTE\/DRT\/RO-959<\/em><br \/>\n<em>EMATER-RO<\/em><\/h6>\n","protected":false},"excerpt":{"rendered":"<p>O Parque dos Tanques, em Porto Velho, abriu as portas hoje (18) para dar in\u00edcio \u00e0 constru\u00e7\u00e3o do maior parque de neg\u00f3cios e tecnologias rurais sustent\u00e1veis. Organizadores e parceiros da [&hellip;]<\/p>\n","protected":false},"author":9,"featured_media":0,"comment_status":"closed","ping_status":"closed","sticky":false,"template":"","format":"standard","meta":[],"categories":[9,12],"tags":[],"_links":{"self":[{"href":"http:\/\/www.emater.ro.gov.br\/ematerro\/wp-json\/wp\/v2\/posts\/855"}],"collection":[{"href":"http:\/\/www.emater.ro.gov.br\/ematerro\/wp-json\/wp\/v2\/posts"}],"about":[{"href":"http:\/\/www.emater.ro.gov.br\/ematerro\/wp-json\/wp\/v2\/types\/post"}],"author":[{"embeddable":true,"href":"http:\/\/www.emater.ro.gov.br\/ematerro\/wp-json\/wp\/v2\/users\/9"}],"replies":[{"embeddable":true,"href":"http:\/\/www.emater.ro.gov.br\/ematerro\/wp-json\/wp\/v2\/comments?post=855"}],"version-history":[{"count":7,"href":"http:\/\/www.emater.ro.gov.br\/ematerro\/wp-json\/wp\/v2\/posts\/855\/revisions"}],"predecessor-version":[{"id":865,"href":"http:\/\/www.emater.ro.gov.br\/ematerro\/wp-json\/wp\/v2\/posts\/855\/revisions\/865"}],"wp:attachment":[{"href":"http:\/\/www.emater.ro.gov.br\/ematerro\/wp-json\/wp\/v2\/media?parent=855"}],"wp:term":[{"taxonomy":"category","embeddable":true,"href":"http:\/\/www.emater.ro.gov.br\/ematerro\/wp-json\/wp\/v2\/categories?post=855"},{"taxonomy":"post_tag","embeddable":true,"href":"http:\/\/www.emater.ro.gov.br\/ematerro\/wp-json\/wp\/v2\/tags?post=855"}],"curies":[{"name":"wp","href":"https:\/\/api.w.org\/{rel}","templated":true}]}}