{"id":845,"date":"2016-08-18T10:12:37","date_gmt":"2016-08-18T14:12:37","guid":{"rendered":"http:\/\/www.emater.ro.gov.br\/ematerro\/?p=845"},"modified":"2016-09-01T10:49:25","modified_gmt":"2016-09-01T14:49:25","slug":"q-graders-iniciam-analise-das-amostras-de-cafe","status":"publish","type":"post","link":"http:\/\/www.emater.ro.gov.br\/ematerro\/2016\/08\/18\/q-graders-iniciam-analise-das-amostras-de-cafe\/","title":{"rendered":"Q-Graders iniciam an\u00e1lise das amostras de caf\u00e9"},"content":{"rendered":"<p>Desde a tarde de ontem (17), especialistas na classifica\u00e7\u00e3o e degusta\u00e7\u00e3o de caf\u00e9 est\u00e3o em Cacoal para avaliar e qualificar a melhor bebida de caf\u00e9 de Rond\u00f4nia. O processo resultar\u00e1 em uma certifica\u00e7\u00e3o de reconhecimento mundial oferecido pelo instituto de Qualidade de Caf\u00e9 (CQI), \u00f3rg\u00e3o que trabalha para uma maior qualidade cafeeira.<\/p>\n<figure id=\"attachment_848\" aria-describedby=\"caption-attachment-848\" style=\"width: 800px\" class=\"wp-caption alignnone\"><img decoding=\"async\" loading=\"lazy\" class=\"wp-image-848 size-full\" src=\"http:\/\/www.emater.ro.gov.br\/ematerro\/wp-content\/uploads\/2016\/08\/QGraders-iniciam-analise-das-amostras-de-cafe_003-WEB.jpg\" alt=\"Ap\u00f3s esse processo os Q-Graders dar\u00e3o in\u00edcio \u00e0 degusta\u00e7\u00e3o da bebida\" width=\"800\" height=\"500\" srcset=\"http:\/\/www.emater.ro.gov.br\/ematerro\/wp-content\/uploads\/2016\/08\/QGraders-iniciam-analise-das-amostras-de-cafe_003-WEB.jpg 800w, http:\/\/www.emater.ro.gov.br\/ematerro\/wp-content\/uploads\/2016\/08\/QGraders-iniciam-analise-das-amostras-de-cafe_003-WEB-300x188.jpg 300w, http:\/\/www.emater.ro.gov.br\/ematerro\/wp-content\/uploads\/2016\/08\/QGraders-iniciam-analise-das-amostras-de-cafe_003-WEB-768x480.jpg 768w\" sizes=\"(max-width: 800px) 100vw, 800px\" \/><figcaption id=\"caption-attachment-848\" class=\"wp-caption-text\">Ap\u00f3s esse processo os Q-Graders dar\u00e3o in\u00edcio \u00e0 degusta\u00e7\u00e3o da bebida<\/figcaption><\/figure>\n<p>O Sistema Coffee Q, da CQI identifica caf\u00e9s de qualidade no intuito de lev\u00e1-los para o mercado com a certeza de um produto de alto padr\u00e3o. O caf\u00e9 recebe uma pontua\u00e7\u00e3o levando-se em conta diversos fatores que v\u00e3o desde a produ\u00e7\u00e3o at\u00e9 o beneficiamento final do produto para consumo.<\/p>\n<p>Os Q-Graders, como s\u00e3o chamados esses especialistas, chegaram \u00e0 Cacoal na trade de ontem e j\u00e1 deram in\u00edcio aos preparativos para as avalia\u00e7\u00f5es que ocorrem na manh\u00e3 de hoje (18). Eles receberam as amostras, separaram a quantidade a ser utilizada, fizeram uma triagem com base nas caracter\u00edsticas do produto e promoveram a torra dos gr\u00e3os. \u201cEles utilizaram a torra m\u00e9dia\u201d, disse Janderson Dalazen, gerente t\u00e9cnico da Emater-RO.<\/p>\n<p>A torra do Caf\u00e9 \u00e9 um dos passos mais importantes na fabrica\u00e7\u00e3o da bebida, pois ela real\u00e7a as melhores caracter\u00edsticas de sabor, aroma e acidez de cada gr\u00e3o. A torra m\u00e9dia (ou medium) utilizada possui a caracter\u00edstica de acentuar o corpo da bebida, deixando-a com um sabor um pouco mais r\u00fastico e aveludado. As cores do gr\u00e3o para esse processo variam entre as tonalidades de marrom e marrom avermelhado, ap\u00f3s um processo que pode demorar de nove a onze minutos. Esta esp\u00e9cie \u00e9 a ideal para ser utilizada em coador de pano ou filtro de papel.<\/p>\n<figure id=\"attachment_846\" aria-describedby=\"caption-attachment-846\" style=\"width: 295px\" class=\"wp-caption alignright\"><img decoding=\"async\" loading=\"lazy\" class=\" wp-image-846\" src=\"http:\/\/www.emater.ro.gov.br\/ematerro\/wp-content\/uploads\/2016\/08\/QGraders-iniciam-analise-das-amostras-de-cafe_001-WEB-300x188.jpg\" alt=\"A torra do Caf\u00e9 \u00e9 um dos passos mais importantes na fabrica\u00e7\u00e3o da bebida.\" width=\"295\" height=\"185\" srcset=\"http:\/\/www.emater.ro.gov.br\/ematerro\/wp-content\/uploads\/2016\/08\/QGraders-iniciam-analise-das-amostras-de-cafe_001-WEB-300x188.jpg 300w, http:\/\/www.emater.ro.gov.br\/ematerro\/wp-content\/uploads\/2016\/08\/QGraders-iniciam-analise-das-amostras-de-cafe_001-WEB-768x480.jpg 768w, http:\/\/www.emater.ro.gov.br\/ematerro\/wp-content\/uploads\/2016\/08\/QGraders-iniciam-analise-das-amostras-de-cafe_001-WEB.jpg 800w\" sizes=\"(max-width: 295px) 100vw, 295px\" \/><figcaption id=\"caption-attachment-846\" class=\"wp-caption-text\">A torra do Caf\u00e9 \u00e9 um dos passos mais importantes na fabrica\u00e7\u00e3o da bebida.<\/figcaption><\/figure>\n<p>Ap\u00f3s esse processo os Q-Graders dar\u00e3o in\u00edcio \u00e0 degusta\u00e7\u00e3o da bebida para avalia\u00e7\u00e3o e qualifica\u00e7\u00e3o. A degusta\u00e7\u00e3o est\u00e1 sendo realizada na Caba do peixe, Gleba 7, lote 80B, no munic\u00edpio de Cacoal, onde ser\u00e3o avaliados e pontuados 20 amostras de caf\u00e9 selecionadas para o Concurso de Qualidade e Sustentabilidade do Caf\u00e9 Can\u00e9fora do Estado de Rond\u00f4nia.<\/p>\n<p>O Concurso \u00e9 uma realiza\u00e7\u00e3o governo estadual por meio da Seagri, Emater-RO e Idaron, Embrapa-RO e C\u00e2mara Setorial do Caf\u00e9 de Rond\u00f4nia, al\u00e9m do apoio de diversos parceiros do setor cafeeiro, com o intuito de promover a melhoria da lavoura cafeeira.<\/p>\n<h6 style=\"text-align: right;\"><em>Wania Ressutti<\/em><br \/>\n<em> Jornalista \u2013 SRTE\/DRT\/RO-959<\/em><br \/>\n<em> EMATER-RO<\/em><\/h6>\n","protected":false},"excerpt":{"rendered":"<p>Desde a tarde de ontem (17), especialistas na classifica\u00e7\u00e3o e degusta\u00e7\u00e3o de caf\u00e9 est\u00e3o em Cacoal para avaliar e qualificar a melhor bebida de caf\u00e9 de Rond\u00f4nia. O processo resultar\u00e1 [&hellip;]<\/p>\n","protected":false},"author":9,"featured_media":847,"comment_status":"closed","ping_status":"closed","sticky":false,"template":"","format":"standard","meta":[],"categories":[9,12],"tags":[48,51,30,52],"_links":{"self":[{"href":"http:\/\/www.emater.ro.gov.br\/ematerro\/wp-json\/wp\/v2\/posts\/845"}],"collection":[{"href":"http:\/\/www.emater.ro.gov.br\/ematerro\/wp-json\/wp\/v2\/posts"}],"about":[{"href":"http:\/\/www.emater.ro.gov.br\/ematerro\/wp-json\/wp\/v2\/types\/post"}],"author":[{"embeddable":true,"href":"http:\/\/www.emater.ro.gov.br\/ematerro\/wp-json\/wp\/v2\/users\/9"}],"replies":[{"embeddable":true,"href":"http:\/\/www.emater.ro.gov.br\/ematerro\/wp-json\/wp\/v2\/comments?post=845"}],"version-history":[{"count":6,"href":"http:\/\/www.emater.ro.gov.br\/ematerro\/wp-json\/wp\/v2\/posts\/845\/revisions"}],"predecessor-version":[{"id":854,"href":"http:\/\/www.emater.ro.gov.br\/ematerro\/wp-json\/wp\/v2\/posts\/845\/revisions\/854"}],"wp:featuredmedia":[{"embeddable":true,"href":"http:\/\/www.emater.ro.gov.br\/ematerro\/wp-json\/wp\/v2\/media\/847"}],"wp:attachment":[{"href":"http:\/\/www.emater.ro.gov.br\/ematerro\/wp-json\/wp\/v2\/media?parent=845"}],"wp:term":[{"taxonomy":"category","embeddable":true,"href":"http:\/\/www.emater.ro.gov.br\/ematerro\/wp-json\/wp\/v2\/categories?post=845"},{"taxonomy":"post_tag","embeddable":true,"href":"http:\/\/www.emater.ro.gov.br\/ematerro\/wp-json\/wp\/v2\/tags?post=845"}],"curies":[{"name":"wp","href":"https:\/\/api.w.org\/{rel}","templated":true}]}}