{"id":8375,"date":"2020-05-21T12:48:53","date_gmt":"2020-05-21T16:48:53","guid":{"rendered":"http:\/\/www.emater.ro.gov.br\/ematerro\/?p=8375"},"modified":"2020-05-21T12:48:53","modified_gmt":"2020-05-21T16:48:53","slug":"programa-de-fomento-garantiu-renda-as-familias-no-municipio-de-presidente-medici","status":"publish","type":"post","link":"http:\/\/www.emater.ro.gov.br\/ematerro\/2020\/05\/21\/programa-de-fomento-garantiu-renda-as-familias-no-municipio-de-presidente-medici\/","title":{"rendered":"Programa de fomento garantiu renda \u00e0s fam\u00edlias no munic\u00edpio de Presidente M\u00e9dici"},"content":{"rendered":"<p>S\u00e3o nos momentos dif\u00edceis que se percebe o quanto s\u00e3o importantes os programas de fomento \u00e0s atividades produtivas rurais. Mais de 70 fam\u00edlias de Presidente M\u00e9dici, no estado de Rond\u00f4nia, foram beneficiadas com sua inclus\u00e3o no programa de fomento rural oferecida pelo governo federal. Hoje, devido aos empreendimentos que iniciaram, essas fam\u00edlias est\u00e3o tendo condi\u00e7\u00f5es de se manter financeiramente, com a renda obtida atrav\u00e9s de suas atividades.<\/p>\n<figure id=\"attachment_8377\" aria-describedby=\"caption-attachment-8377\" style=\"width: 1024px\" class=\"wp-caption alignleft\"><img decoding=\"async\" loading=\"lazy\" class=\"wp-image-8377 size-large\" src=\"http:\/\/www.emater.ro.gov.br\/ematerro\/wp-content\/uploads\/2020\/05\/Programa-Fomento_2018-arquivo-EMATER-RO_002-1024x644.jpg\" alt=\"Promover a inclus\u00e3o produtiva e promo\u00e7\u00e3o da seguran\u00e7a alimentar e nutricional\" width=\"1024\" height=\"644\" srcset=\"http:\/\/www.emater.ro.gov.br\/ematerro\/wp-content\/uploads\/2020\/05\/Programa-Fomento_2018-arquivo-EMATER-RO_002-1024x644.jpg 1024w, http:\/\/www.emater.ro.gov.br\/ematerro\/wp-content\/uploads\/2020\/05\/Programa-Fomento_2018-arquivo-EMATER-RO_002-300x189.jpg 300w, http:\/\/www.emater.ro.gov.br\/ematerro\/wp-content\/uploads\/2020\/05\/Programa-Fomento_2018-arquivo-EMATER-RO_002-768x483.jpg 768w\" sizes=\"(max-width: 1024px) 100vw, 1024px\" \/><figcaption id=\"caption-attachment-8377\" class=\"wp-caption-text\"><em>Promover a inclus\u00e3o produtiva e promo\u00e7\u00e3o da seguran\u00e7a alimentar e nutricional.<\/em><\/figcaption><\/figure>\n<p>No in\u00edcio do ano de 2017 a Emater-RO apresentou \u00e0 comunidade rural local, um programa de incentivo financeiro para que pessoas de baixa renda tivessem a oportunidade de empreender. A princ\u00edpio, 83 fam\u00edlias foram cadastradas, mas somente 71 atenderam os requisitos exigidos pelo programa.<\/p>\n<p>O Programa Fomento Rural, ou Programa Fomento \u00e0s Atividades Rurais \u00e9 um programa do Minist\u00e9rio do Desenvolvimento Social e Agr\u00e1rio (MDSA), por meio da Secretaria Especial de Agricultura Familiar e Desenvolvimento Agr\u00e1rio (Sead) que visa a transfer\u00eancia de renda do governo federal \u00e0s fam\u00edlias em situa\u00e7\u00e3o de extrema pobreza. Institu\u00edda pela Lei n\u00ba 12.512, em 2011, s\u00e3o oferecidos recursos financeiros, que podem variar entre R$ 2,4 mil ou R$ 3 mil n\u00e3o reembols\u00e1veis, para serem aplicados em projetos produtivos, a fim de promover a inclus\u00e3o produtiva e promo\u00e7\u00e3o da seguran\u00e7a alimentar e nutricional;<br \/>\ncontribuir com essas fam\u00edlias atrav\u00e9s do incremento da renda a ser gerada com os excedentes nas atividades produtivas apoiadas; e estimular atividades produtivas sustent\u00e1veis e agroecol\u00f3gicas.<\/p>\n<p>Em Rond\u00f4nia, o programa foi executado por meio de um acordo de coopera\u00e7\u00e3o t\u00e9cnica (ACT.RO 0001-17) firmado entre o Minist\u00e9rio da Cidadania em o governo estadual, por interm\u00e9dio da Secretaria de Agricultura (Seagri) e execu\u00e7\u00e3o da Emater-RO, que garantiu tr\u00eas anos de assist\u00eancia t\u00e9cnica \u00e0s fam\u00edlias cadastradas. \u201cEssas fam\u00edlias assinaram um termo de ades\u00e3o ao programa que possibilitou receber o fomento de R$ 2.400,00 transferidos em duas parcelas: a primeira de 1.400 reais e a segunda de mil reais, mas s\u00f3 recebia quem fosse aprovado no laudo gerado pelo t\u00e9cnico dizendo que a fam\u00edlia estava apta ao recebimento por ter aplicado a primeira parcela\u201d, explica Vanessa Porto, da Emater-RO.<\/p>\n<p>O programa \u00e9 flex\u00edvel e n\u00e3o amarra em qual modalidade deve ser feito o projeto produtivo, podendo inclusive, ser misto. Assim, com o apoio da Emater-RO, as 71 fam\u00edlias, cadastradas no CAD \u00fanico, iniciaram projetos que v\u00e3o desde o cultivo de hortas e cria\u00e7\u00e3o de animais, at\u00e9 a confec\u00e7\u00e3o de roupas e artesanatos que poderiam ser realizados por uma fam\u00edlia ou em coletividade. Somente na cria\u00e7\u00e3o de animais, 11 fam\u00edlias investiram em aves de corte e postura, 18 fam\u00edlias em su\u00ednos e duas fam\u00edlias em ovinos e caprinos.<\/p>\n<figure id=\"attachment_8378\" aria-describedby=\"caption-attachment-8378\" style=\"width: 400px\" class=\"wp-caption alignleft\"><img decoding=\"async\" loading=\"lazy\" class=\"wp-image-8378\" src=\"http:\/\/www.emater.ro.gov.br\/ematerro\/wp-content\/uploads\/2020\/05\/Programa-Fomento_2018-arquivo-EMATER-RO_001.jpg\" alt=\"Assist\u00eancia t\u00e9cnica garantida pela Emater-RO.\" width=\"400\" height=\"251\" srcset=\"http:\/\/www.emater.ro.gov.br\/ematerro\/wp-content\/uploads\/2020\/05\/Programa-Fomento_2018-arquivo-EMATER-RO_001.jpg 2267w, http:\/\/www.emater.ro.gov.br\/ematerro\/wp-content\/uploads\/2020\/05\/Programa-Fomento_2018-arquivo-EMATER-RO_001-300x189.jpg 300w, http:\/\/www.emater.ro.gov.br\/ematerro\/wp-content\/uploads\/2020\/05\/Programa-Fomento_2018-arquivo-EMATER-RO_001-768x483.jpg 768w, http:\/\/www.emater.ro.gov.br\/ematerro\/wp-content\/uploads\/2020\/05\/Programa-Fomento_2018-arquivo-EMATER-RO_001-1024x644.jpg 1024w\" sizes=\"(max-width: 400px) 100vw, 400px\" \/><figcaption id=\"caption-attachment-8378\" class=\"wp-caption-text\">Assist\u00eancia t\u00e9cnica garantida pela Emater-RO.<\/figcaption><\/figure>\n<p>Tamb\u00e9m houve investimentos cultivo de milho, maracuj\u00e1, pepino, pimenta de cheiro, berinjela e citrus, al\u00e9m de culturas tempor\u00e1rias. As fam\u00edlias puderam buscar tecnologias com aquisi\u00e7\u00e3o de equipamentos e fertilizante para o plantio de lavoura de caf\u00e9 e trabalhara com a cultura da mandioca desde o plantio e comercializa\u00e7\u00e3o do produto processado a v\u00e1cuo.<\/p>\n<p>Com a orienta\u00e7\u00e3o dos extensionistas da Emater-RO, as fam\u00edlias tamb\u00e9m investiram em atividades artesanais e de presta\u00e7\u00e3o de servi\u00e7os como, cursos de panifica\u00e7\u00e3o e de manicure e pedicuro. \u201cTem agricultora que est\u00e1 fabricando pelas \u00edntimas para sua fam\u00edlia e vendendo para outras, garantindo assim a renda de sua fam\u00edlia e at\u00e9 j\u00e1 conseguiu comprar uma m\u00e1quina de costura para ajudar na sua atividade\u201d, explica a extensionista Maria Aparecida Origo Lima, do escrit\u00f3rio local da Emater-RO de Presidente M\u00e9dici.<\/p>\n<p>Em tempos dif\u00edceis, como este da pandemia do coronav\u00edrus, \u00e9 preciso renovar e buscar novas alternativas para gerar renda na fam\u00edlia, e o programa fomento rural contribui para que hoje essas fam\u00edlias pudessem colocar comida nas suas mesas.<\/p>\n<h6 style=\"text-align: right;\">\n<span style=\"color: #339966;\"><em>Texto: Wania Ressutti<\/em><\/span><br \/>\n<span style=\"color: #339966;\"><em> Jornalista \u2013 MTE-1744\/RO<\/em><\/span><br \/>\n<span style=\"color: #339966;\"><em> Fotos: arquivo EMATER-RO<\/em><\/span><\/h6>\n","protected":false},"excerpt":{"rendered":"<p>S\u00e3o nos momentos dif\u00edceis que se percebe o quanto s\u00e3o importantes os programas de fomento \u00e0s atividades produtivas rurais. Mais de 70 fam\u00edlias de Presidente M\u00e9dici, no estado de Rond\u00f4nia, [&hellip;]<\/p>\n","protected":false},"author":9,"featured_media":8379,"comment_status":"closed","ping_status":"closed","sticky":false,"template":"","format":"standard","meta":[],"categories":[10,9,12],"tags":[135,487,157,227,488],"_links":{"self":[{"href":"http:\/\/www.emater.ro.gov.br\/ematerro\/wp-json\/wp\/v2\/posts\/8375"}],"collection":[{"href":"http:\/\/www.emater.ro.gov.br\/ematerro\/wp-json\/wp\/v2\/posts"}],"about":[{"href":"http:\/\/www.emater.ro.gov.br\/ematerro\/wp-json\/wp\/v2\/types\/post"}],"author":[{"embeddable":true,"href":"http:\/\/www.emater.ro.gov.br\/ematerro\/wp-json\/wp\/v2\/users\/9"}],"replies":[{"embeddable":true,"href":"http:\/\/www.emater.ro.gov.br\/ematerro\/wp-json\/wp\/v2\/comments?post=8375"}],"version-history":[{"count":2,"href":"http:\/\/www.emater.ro.gov.br\/ematerro\/wp-json\/wp\/v2\/posts\/8375\/revisions"}],"predecessor-version":[{"id":8380,"href":"http:\/\/www.emater.ro.gov.br\/ematerro\/wp-json\/wp\/v2\/posts\/8375\/revisions\/8380"}],"wp:featuredmedia":[{"embeddable":true,"href":"http:\/\/www.emater.ro.gov.br\/ematerro\/wp-json\/wp\/v2\/media\/8379"}],"wp:attachment":[{"href":"http:\/\/www.emater.ro.gov.br\/ematerro\/wp-json\/wp\/v2\/media?parent=8375"}],"wp:term":[{"taxonomy":"category","embeddable":true,"href":"http:\/\/www.emater.ro.gov.br\/ematerro\/wp-json\/wp\/v2\/categories?post=8375"},{"taxonomy":"post_tag","embeddable":true,"href":"http:\/\/www.emater.ro.gov.br\/ematerro\/wp-json\/wp\/v2\/tags?post=8375"}],"curies":[{"name":"wp","href":"https:\/\/api.w.org\/{rel}","templated":true}]}}