{"id":8318,"date":"2020-05-04T08:32:44","date_gmt":"2020-05-04T12:32:44","guid":{"rendered":"http:\/\/www.emater.ro.gov.br\/ematerro\/?p=8318"},"modified":"2020-05-04T08:32:44","modified_gmt":"2020-05-04T12:32:44","slug":"podcast009-producao-de-cafe-concafe-2020","status":"publish","type":"post","link":"http:\/\/www.emater.ro.gov.br\/ematerro\/2020\/05\/04\/podcast009-producao-de-cafe-concafe-2020\/","title":{"rendered":"PodCast#009 &#8211; Produ\u00e7\u00e3o de Caf\u00e9 \/ Concaf\u00e9 2020"},"content":{"rendered":"<!--[if lt IE 9]><script>document.createElement('audio');<\/script><![endif]-->\n<audio class=\"wp-audio-shortcode\" id=\"audio-8318-1\" preload=\"none\" style=\"width: 100%;\" controls=\"controls\"><source type=\"audio\/mpeg\" src=\"http:\/\/www.emater.ro.gov.br\/ematerro\/wp-content\/uploads\/2020\/05\/PodCast_009-Producao-de-Cafe-Concafe_2020.mp3?_=1\" \/><a href=\"http:\/\/www.emater.ro.gov.br\/ematerro\/wp-content\/uploads\/2020\/05\/PodCast_009-Producao-de-Cafe-Concafe_2020.mp3\">http:\/\/www.emater.ro.gov.br\/ematerro\/wp-content\/uploads\/2020\/05\/PodCast_009-Producao-de-Cafe-Concafe_2020.mp3<\/a><\/audio>\n<p><img decoding=\"async\" loading=\"lazy\" class=\"size-full wp-image-8317 aligncenter\" src=\"http:\/\/www.emater.ro.gov.br\/ematerro\/wp-content\/uploads\/2020\/05\/PodCast009-Producao-de-Cafe-Concafe_2020.jpg\" alt=\"PodCast#009 - Producao de Cafe - Concafe_2020\" width=\"1093\" height=\"750\" srcset=\"http:\/\/www.emater.ro.gov.br\/ematerro\/wp-content\/uploads\/2020\/05\/PodCast009-Producao-de-Cafe-Concafe_2020.jpg 1093w, http:\/\/www.emater.ro.gov.br\/ematerro\/wp-content\/uploads\/2020\/05\/PodCast009-Producao-de-Cafe-Concafe_2020-300x206.jpg 300w, http:\/\/www.emater.ro.gov.br\/ematerro\/wp-content\/uploads\/2020\/05\/PodCast009-Producao-de-Cafe-Concafe_2020-768x527.jpg 768w, http:\/\/www.emater.ro.gov.br\/ematerro\/wp-content\/uploads\/2020\/05\/PodCast009-Producao-de-Cafe-Concafe_2020-1024x703.jpg 1024w\" sizes=\"(max-width: 1093px) 100vw, 1093px\" \/><\/p>\n","protected":false},"excerpt":{"rendered":"","protected":false},"author":9,"featured_media":8317,"comment_status":"closed","ping_status":"closed","sticky":false,"template":"","format":"standard","meta":[],"categories":[15],"tags":[286,65,480],"_links":{"self":[{"href":"http:\/\/www.emater.ro.gov.br\/ematerro\/wp-json\/wp\/v2\/posts\/8318"}],"collection":[{"href":"http:\/\/www.emater.ro.gov.br\/ematerro\/wp-json\/wp\/v2\/posts"}],"about":[{"href":"http:\/\/www.emater.ro.gov.br\/ematerro\/wp-json\/wp\/v2\/types\/post"}],"author":[{"embeddable":true,"href":"http:\/\/www.emater.ro.gov.br\/ematerro\/wp-json\/wp\/v2\/users\/9"}],"replies":[{"embeddable":true,"href":"http:\/\/www.emater.ro.gov.br\/ematerro\/wp-json\/wp\/v2\/comments?post=8318"}],"version-history":[{"count":1,"href":"http:\/\/www.emater.ro.gov.br\/ematerro\/wp-json\/wp\/v2\/posts\/8318\/revisions"}],"predecessor-version":[{"id":8319,"href":"http:\/\/www.emater.ro.gov.br\/ematerro\/wp-json\/wp\/v2\/posts\/8318\/revisions\/8319"}],"wp:featuredmedia":[{"embeddable":true,"href":"http:\/\/www.emater.ro.gov.br\/ematerro\/wp-json\/wp\/v2\/media\/8317"}],"wp:attachment":[{"href":"http:\/\/www.emater.ro.gov.br\/ematerro\/wp-json\/wp\/v2\/media?parent=8318"}],"wp:term":[{"taxonomy":"category","embeddable":true,"href":"http:\/\/www.emater.ro.gov.br\/ematerro\/wp-json\/wp\/v2\/categories?post=8318"},{"taxonomy":"post_tag","embeddable":true,"href":"http:\/\/www.emater.ro.gov.br\/ematerro\/wp-json\/wp\/v2\/tags?post=8318"}],"curies":[{"name":"wp","href":"https:\/\/api.w.org\/{rel}","templated":true}]}}