{"id":8308,"date":"2020-04-28T12:27:37","date_gmt":"2020-04-28T16:27:37","guid":{"rendered":"http:\/\/www.emater.ro.gov.br\/ematerro\/?p=8308"},"modified":"2020-04-28T12:29:37","modified_gmt":"2020-04-28T16:29:37","slug":"concafe-chega-a-5a-edicao-com-r-289-mil-em-premios-e-muitas-expectativas","status":"publish","type":"post","link":"http:\/\/www.emater.ro.gov.br\/ematerro\/2020\/04\/28\/concafe-chega-a-5a-edicao-com-r-289-mil-em-premios-e-muitas-expectativas\/","title":{"rendered":"Concaf\u00e9 chega \u00e0 5\u00aa edi\u00e7\u00e3o com R$ 289 mil em pr\u00eamios e muitas expectativas"},"content":{"rendered":"<p><img decoding=\"async\" loading=\"lazy\" class=\"wp-image-3816 size-full\" src=\"http:\/\/www.emater.ro.gov.br\/ematerro\/wp-content\/uploads\/2017\/09\/Concafe_002-foto-EMATER-RO.jpg\" alt=\"O caf\u00e9 can\u00e9fora recebe incentivo para produ\u00e7\u00e3o no estado.\" width=\"1000\" height=\"625\" srcset=\"http:\/\/www.emater.ro.gov.br\/ematerro\/wp-content\/uploads\/2017\/09\/Concafe_002-foto-EMATER-RO.jpg 1000w, http:\/\/www.emater.ro.gov.br\/ematerro\/wp-content\/uploads\/2017\/09\/Concafe_002-foto-EMATER-RO-300x188.jpg 300w, http:\/\/www.emater.ro.gov.br\/ematerro\/wp-content\/uploads\/2017\/09\/Concafe_002-foto-EMATER-RO-768x480.jpg 768w\" sizes=\"(max-width: 1000px) 100vw, 1000px\" \/><\/p>\n<p><em>Previs\u00e3o de aumento de 6,6% com 36 sacas\/hectare em 2020. (Conab)<\/em><\/p>\n<p>O Concurso de Qualidade e Sustentabilidade do Caf\u00e9 de Rond\u00f4nia (Concaf\u00e9) n\u00e3o \u00e9 mais novidade, mas o evento incentiva cada vez mais produtores rurais a investir na cafeicultura de qualidade no estado. Este \u00e9 o 5\u00ba ano da realiza\u00e7\u00e3o do evento que consagrou cafeicultores rondonienses no pa\u00eds e elevou o estado de Rond\u00f4nia \u00e0 categoria de grande produtor de caf\u00e9 robusta. As inscri\u00e7\u00f5es j\u00e1 est\u00e3o abertas e vai at\u00e9 7 de agosto deste ano.<\/p>\n<p>O primeiro Concaf\u00e9, realizado em 2016, foi um marco para a hist\u00f3ria do caf\u00e9 de Rond\u00f4nia. Com apenas 184 amostras, superou as expectativas de seus organizadores e trouxe um grande incentivo para a lavoura cafeeira que, s\u00f3 de Imposto sobre Circula\u00e7\u00e3o de Mercadorias e Servi\u00e7os (ICMS) arrecadava cerca de R$ 50 milh\u00f5es (dados do IBGE) para Rond\u00f4nia.<\/p>\n<p>Os primeiros a despontarem como grandes vencedores do Concurso na categoria de Qualidade do Caf\u00e9 foram: Andr\u00e9 Kalk, de Cacoal, Jordy de Souza Castelluber, de Alvorada do Oeste e Marcelo Braun, de Alto Alegre dos Parecis, e o pr\u00eamio para a categoria Sustentabilidade ficou com Nilton Marques de Lima, de Alto Alegre dos Parecis.<\/p>\n<p>Em 2017, o 2\u00ba Concaf\u00e9 ganha notoriedade e a possibilidade de concorrer, em n\u00edvel nacional, com os melhores caf\u00e9s do pa\u00eds trouxe nova expectativa aos produtores rurais que passaram a investir no manejo e na qualidade de suas produ\u00e7\u00f5es. Desta vez, quem surpreendeu os especialistas pelo alt\u00edssimo potencial apresentado, principalmente durante as provas de degusta\u00e7\u00e3o, foram: Tiago Morais Duarte, de Cacoal, Nilton Marques de Lima, de Alto Alegre do Parecis e Andr\u00e9 Kalk, de Cacoal e na categoria Sustentabilidade, Ronaldo da Silva Bento. A grande surpresa foi o destaque de Rond\u00f4nia no concurso nacional Coffee of The Year 2017, quando os rondonienses Tiago Novais e Andr\u00e9 Kalk conquistaram os segundo e terceiros lugares como a melhor bebida na categoria conilon.<\/p>\n<figure id=\"attachment_5743\" aria-describedby=\"caption-attachment-5743\" style=\"width: 375px\" class=\"wp-caption alignright\"><img decoding=\"async\" loading=\"lazy\" class=\"wp-image-5743\" src=\"http:\/\/www.emater.ro.gov.br\/ematerro\/wp-content\/uploads\/2018\/10\/3-Concafe-Premiacao-4.jpg\" alt=\"3 Concafe-Premiacao (4)\" width=\"375\" height=\"500\" srcset=\"http:\/\/www.emater.ro.gov.br\/ematerro\/wp-content\/uploads\/2018\/10\/3-Concafe-Premiacao-4.jpg 750w, http:\/\/www.emater.ro.gov.br\/ematerro\/wp-content\/uploads\/2018\/10\/3-Concafe-Premiacao-4-225x300.jpg 225w\" sizes=\"(max-width: 375px) 100vw, 375px\" \/><figcaption id=\"caption-attachment-5743\" class=\"wp-caption-text\"><em>O caf\u00e9 produzido nas aldeias ind\u00edgenas ganha destaque.<\/em><\/figcaption><\/figure>\n<p>O ano de 2018 trouxe uma grande novidade. Al\u00e9m da participa\u00e7\u00e3o de jovens, que mostram que tamb\u00e9m sabem produzir, o caf\u00e9 produzido nas aldeias ind\u00edgenas ganha destaque. Os grandes vencedores desse ano foram: com apenas 25 anos de idade, o jovem Dione Mendes Bento conquista o primeiro lugar em Rond\u00f4nia e a 4\u00aa coloca\u00e7\u00e3o no ranking nacional Coffee of The Year 2018. O segundo lugar no estado vai para a comunidade ind\u00edgena Rio Branco, representada pelo ind\u00edgena Valdir Aru\u00e1 e o terceiro colocado \u00e9 Jos\u00e9 Luiz Pezzin, com Ronaldo da Silva Bento, se consagrando bicampe\u00e3o na categoria Sustentabilidade.<\/p>\n<p>No ano passado, com a produ\u00e7\u00e3o cafeeira de Rond\u00f4nia aumentando e o estado se elevando ao patamar os grandes produtores de caf\u00e9 do pa\u00eds, o n\u00famero de inscritos no 4\u00ba Concurso de Qualidade e Sustentabilidade do Caf\u00e9 de Rond\u00f4nia teve um aumento de quase 200%. Outra novidade foi a participa\u00e7\u00e3o de 50 mulheres produtoras de caf\u00e9, cuja produ\u00e7\u00e3o vem ganhando for\u00e7a a cada ano.<\/p>\n<p>Em 2019, a viveirista e cafeicultora Poliana Perrut de Lima, de Novo Horizonte do Oeste conquistou o primeiro lugar entre os mais de 300 participantes, ficando a segunda coloca\u00e7\u00e3o para Dione Mendes Bento e com a 3\u00aa o ind\u00edgena Wilson Nakodah Suru\u00ed. Na categoria Sustentabilidade, o produtor rural Ronaldo da Silva Bento consagra-se tricampe\u00e3o, e ainda nesse ano, Rond\u00f4nia conquistou os 2\u00ba e 5\u00ba lugares no Coffee of The Year 2019, com Dione Mendes e Wilson Nakodah.<\/p>\n<p><strong>CONCAF\u00c9 2020<\/strong><br \/>\nPara este ano, o 5\u00ba Concaf\u00e9 traz grandes perspectivas. Com uma produ\u00e7\u00e3o de 2.198.678 sacas no ano passado, a expectativa para este ano \u00e9 de um aumento de aproximadamente 6,6%, chegando a 2.344.119 sacas, com uma produtividade de 36 sacas\/hectare (Previs\u00e3o da Conab\/2020).<\/p>\n<p>O 5\u00ba Concurso de Qualidade e Sustentabilidade do Caf\u00e9 abriu suas inscri\u00e7\u00f5es no \u00faltimo dia 27 e os interessados em participar ter\u00e3o at\u00e9 o dai 7 de agosto para se inscreverem e as amostras dever\u00e3o ser entregues a partir do dia 11 de maio, nos escrit\u00f3rios locais da Emater-RO em todos os munic\u00edpios de Rond\u00f4nia.<\/p>\n<p>Realizado pelo Governo do Estado de Rond\u00f4nia, coordenado pela Seagri, Emater-RO e Idaron, o Concaf\u00e9 2020 conta com apoio da C\u00e2mara Setorial do Caf\u00e9, Caferon, Embrapa, Mapa, Sebrae, Faperon e Senar e vai ter a maior premia\u00e7\u00e3o da sua hist\u00f3ria. S\u00e3o R$ 289 mil reais em pr\u00eamios que inclui um trator cafeeiro, um secador de caf\u00e9, valores em dinheiro e vale compras de produtos agr\u00edcolas.<\/p>\n<p>As inscri\u00e7\u00f5es s\u00e3o gratuitas e poder\u00e3o ser feitas pela internet, acessando a<strong>\u00a0<a href=\"https:\/\/docs.google.com\/forms\/d\/e\/1FAIpQLScsMhr59SROplod4NgnOfyvV-gD-u7k2lfPtwc9WE1RTeXSPg\/viewform?fbzx=8591880421351131088\" target=\"_blank\"><span style=\"color: #0000ff;\">FICHA DE INSCRI\u00c7\u00c3O<\/span><\/a><\/strong>.<\/p>\n<p>O\u00a0<strong><span style=\"color: #0000ff;\"><a style=\"color: #0000ff;\" href=\"http:\/\/www.rondonia.ro.gov.br\/seagri\/concafe-2020\/\" target=\"_blank\">REGULAMENTO<\/a><\/span><\/strong>\u00a0tamb\u00e9m j\u00e1 est\u00e1 dispon\u00edvel nos sites da Emater-RO e da Seagri.<\/p>\n<h6 style=\"text-align: right;\"><span style=\"color: #008000;\"><em>Texto: Wania Ressutti<\/em><\/span><br \/>\n<span style=\"color: #008000;\"><em>Jornalista \u2013 MTE-1744\/RO<\/em><\/span><br \/>\n<span style=\"color: #008000;\"><em>Fotos: Irene Mendes<\/em><\/span><br \/>\n<span style=\"color: #008000;\"><em>Rep\u00f3rter fotogr\u00e1fica \u2013 MTE-368\/RO<\/em><\/span><br \/>\n<span style=\"color: #008000;\"><em>EMATER-R<\/em><\/span>O<\/h6>\n<p><strong>LEIA MAIS:<\/strong><br \/>\n<a href=\"http:\/\/www.emater.ro.gov.br\/ematerro\/2016\/07\/28\/cafe-canefora-vai-impulsionar-rondonia-para-o-mercado-internacional\/\" target=\"_blank\"><span style=\"color: #0000ff;\">Caf\u00e9 can\u00e9fora vai impulsionar Rond\u00f4nia para o mercado internacional<\/span><\/a><\/p>\n<p><a href=\"http:\/\/www.emater.ro.gov.br\/ematerro\/2017\/09\/26\/premiacao-do-2o-concafe-sera-realizada-dia-28-em-cacoal\/\" target=\"_blank\"><span style=\"color: #0000ff;\">Premia\u00e7\u00e3o do 2\u00ba Concaf\u00e9 ser\u00e1 realizada dia 28, em Cacoal<\/span><\/a><\/p>\n<p><a href=\"http:\/\/www.emater.ro.gov.br\/ematerro\/2017\/09\/29\/concafe-premia-os-melhores-cafes-de-rondonia\/\" target=\"_blank\"><span style=\"color: #0000ff;\">Concaf\u00e9 premia os melhores caf\u00e9s de Rond\u00f4nia<\/span><\/a><\/p>\n<p><a href=\"http:\/\/www.emater.ro.gov.br\/ematerro\/2017\/08\/22\/concafe-de-rondonia-tem-mais-de-200-cafeicultores-inscritos\/\" target=\"_blank\"><span style=\"color: #0000ff;\">Concaf\u00e9 de Rond\u00f4nia tem mais de 200 cafeicultores inscritos<\/span><\/a><\/p>\n<p><span style=\"color: #0000ff;\"><a style=\"color: #0000ff;\" href=\"http:\/\/www.emater.ro.gov.br\/ematerro\/2018\/10\/31\/jovens-e-indigenas-ganham-destaque-entre-os-vencedores-do-3o-concafe\/\" target=\"_blank\">Jovens e ind\u00edgenas ganham destaque entre os vencedores do 3\u00ba Concaf\u00e9<\/a><\/span><\/p>\n<p><span style=\"color: #0000ff;\"><a style=\"color: #0000ff;\" href=\"http:\/\/www.emater.ro.gov.br\/ematerro\/2019\/09\/05\/concurso-de-qualidade-e-sustentabilidade-do-cafe-chega-a-fase-semifinal\/\" target=\"_blank\">Concurso de Qualidade e Sustentabilidade do Caf\u00e9 chega \u00e0 fase semifinal<\/a><\/span><\/p>\n","protected":false},"excerpt":{"rendered":"<p>Previs\u00e3o de aumento de 6,6% com 36 sacas\/hectare em 2020. (Conab) O Concurso de Qualidade e Sustentabilidade do Caf\u00e9 de Rond\u00f4nia (Concaf\u00e9) n\u00e3o \u00e9 mais novidade, mas o evento incentiva [&hellip;]<\/p>\n","protected":false},"author":9,"featured_media":7197,"comment_status":"closed","ping_status":"closed","sticky":false,"template":"","format":"standard","meta":[],"categories":[10,9,12],"tags":[286,155,479],"_links":{"self":[{"href":"http:\/\/www.emater.ro.gov.br\/ematerro\/wp-json\/wp\/v2\/posts\/8308"}],"collection":[{"href":"http:\/\/www.emater.ro.gov.br\/ematerro\/wp-json\/wp\/v2\/posts"}],"about":[{"href":"http:\/\/www.emater.ro.gov.br\/ematerro\/wp-json\/wp\/v2\/types\/post"}],"author":[{"embeddable":true,"href":"http:\/\/www.emater.ro.gov.br\/ematerro\/wp-json\/wp\/v2\/users\/9"}],"replies":[{"embeddable":true,"href":"http:\/\/www.emater.ro.gov.br\/ematerro\/wp-json\/wp\/v2\/comments?post=8308"}],"version-history":[{"count":7,"href":"http:\/\/www.emater.ro.gov.br\/ematerro\/wp-json\/wp\/v2\/posts\/8308\/revisions"}],"predecessor-version":[{"id":8315,"href":"http:\/\/www.emater.ro.gov.br\/ematerro\/wp-json\/wp\/v2\/posts\/8308\/revisions\/8315"}],"wp:featuredmedia":[{"embeddable":true,"href":"http:\/\/www.emater.ro.gov.br\/ematerro\/wp-json\/wp\/v2\/media\/7197"}],"wp:attachment":[{"href":"http:\/\/www.emater.ro.gov.br\/ematerro\/wp-json\/wp\/v2\/media?parent=8308"}],"wp:term":[{"taxonomy":"category","embeddable":true,"href":"http:\/\/www.emater.ro.gov.br\/ematerro\/wp-json\/wp\/v2\/categories?post=8308"},{"taxonomy":"post_tag","embeddable":true,"href":"http:\/\/www.emater.ro.gov.br\/ematerro\/wp-json\/wp\/v2\/tags?post=8308"}],"curies":[{"name":"wp","href":"https:\/\/api.w.org\/{rel}","templated":true}]}}