{"id":8255,"date":"2020-04-20T11:07:37","date_gmt":"2020-04-20T15:07:37","guid":{"rendered":"http:\/\/www.emater.ro.gov.br\/ematerro\/?p=8255"},"modified":"2020-04-20T19:11:37","modified_gmt":"2020-04-20T23:11:37","slug":"produtores-rurais-levam-produtos-da-agricultura-familiar-a-condominios-em-feira-itinerante","status":"publish","type":"post","link":"http:\/\/www.emater.ro.gov.br\/ematerro\/2020\/04\/20\/produtores-rurais-levam-produtos-da-agricultura-familiar-a-condominios-em-feira-itinerante\/","title":{"rendered":"Produtores rurais levam produtos da agricultura familiar a condom\u00ednios em feira itinerante"},"content":{"rendered":"<figure id=\"attachment_8269\" aria-describedby=\"caption-attachment-8269\" style=\"width: 2267px\" class=\"wp-caption alignnone\"><img decoding=\"async\" loading=\"lazy\" class=\"wp-image-8269 size-full\" src=\"http:\/\/www.emater.ro.gov.br\/ematerro\/wp-content\/uploads\/2020\/04\/Feira-Itinerante-Veredas_003-15mar2020-Foto-IRENE-MENDES.jpg\" width=\"2267\" height=\"1426\" srcset=\"http:\/\/www.emater.ro.gov.br\/ematerro\/wp-content\/uploads\/2020\/04\/Feira-Itinerante-Veredas_003-15mar2020-Foto-IRENE-MENDES.jpg 2267w, http:\/\/www.emater.ro.gov.br\/ematerro\/wp-content\/uploads\/2020\/04\/Feira-Itinerante-Veredas_003-15mar2020-Foto-IRENE-MENDES-300x189.jpg 300w, http:\/\/www.emater.ro.gov.br\/ematerro\/wp-content\/uploads\/2020\/04\/Feira-Itinerante-Veredas_003-15mar2020-Foto-IRENE-MENDES-768x483.jpg 768w, http:\/\/www.emater.ro.gov.br\/ematerro\/wp-content\/uploads\/2020\/04\/Feira-Itinerante-Veredas_003-15mar2020-Foto-IRENE-MENDES-1024x644.jpg 1024w\" sizes=\"(max-width: 2267px) 100vw, 2267px\" \/><figcaption id=\"caption-attachment-8269\" class=\"wp-caption-text\"><em>Distanciamento das barracas e atendimento individualizado.<\/em><\/figcaption><\/figure>\n<p>Manter o abastecimento da popula\u00e7\u00e3o com acesso \u00e0 alimentos saud\u00e1veis tem sido uma das premissas do governo estadual nos \u00faltimos dias, para superar a demanda apresentada pela pandemia causada pelo coronav\u00edrus (Covid-19). Atendendo \u00e0 <span style=\"color: #0000ff;\"><a style=\"color: #0000ff;\" href=\"http:\/\/www.emater.ro.gov.br\/ematerro\/wp-content\/uploads\/2020\/04\/Notifica\u00e7\u00e3o-005_2020-SEAGRI-CAFAMILIAR.pdf\" target=\"_blank\">Notifica\u00e7\u00e3o da atrav\u00e9s da Secretaria de Agricultura n\u00ba 5\/2020\/SEAGRI-CAFAMILIA<\/a><\/span>, a Emater-RO est\u00e1 levando a feira \u201cSabor do Norte\u201d aos condom\u00ednios interessados em abrir suas portas e facilitar as compras de seus cond\u00f4minos com os devidos cuidados de prote\u00e7\u00e3o orientados pelos \u00f3rg\u00e3os de sa\u00fade.<\/p>\n<p>Antes de o <span style=\"color: #0000ff;\"><a style=\"color: #0000ff;\" href=\"http:\/\/www.rondonia.ro.gov.br\/publicacao\/decreto-no-24-887-de-20-de-marco-de-2020\/\" target=\"_blank\">decreto 24.887, de 20 de mar\u00e7o de 2020<\/a><\/span>, entrar em vigor, a feira \u201cSabor do Norte\u201d vinha sendo realizada todas as quartas-feiras, em frente ao escrit\u00f3rio local da Emater-RO em Porto Velho, na conflu\u00eancia da avenida Farquar com avenida Imigrantes, atendendo aos moradores dos bairros Pedrinha, S\u00e3o Sebasti\u00e3o 1, 2 e arredores. A feira era realizada a partir das 17 horas e era muito frequentada devido os seus produtos frescos, comercializados diretamente com os agricultores familiares.<\/p>\n<p>A proposta de levar os produtos at\u00e9 os condom\u00ednios surgiu da necessidade de se manter o abastecimento da cidade em pontos estrat\u00e9gicos, com alimentos saud\u00e1veis e como alternativa para a comercializa\u00e7\u00e3o dos produtos agr\u00edcolas familiares de qualidade e de forma segura. Assim, a feira itinerante, como vem sendo chamada essa a\u00e7\u00e3o, est\u00e1 sendo levada \u00e0 condom\u00ednios residenciais seguindo todas as normas da Organiza\u00e7\u00e3o Mundial de Sa\u00fade para se evitar a transmiss\u00e3o do v\u00edrus e cont\u00e1gio dos trabalhadores e consumidores, ao mesmo tempo que garante a continuidade do funcionamento das feiras livres, de forma diferenciada.<\/p>\n<p>A comercializa\u00e7\u00e3o dos alimentos produzidos no campo \u00e9 um servi\u00e7o essencial n\u00e3o somente para os produtores rurais que precisam escoar sua produ\u00e7\u00e3o e manter a renda b\u00e1sica familiar, as para os mercados em geral, com\u00e9rcios e restaurantes, que costumavam compram semanalmente esses alimentos, e \u00e0 popula\u00e7\u00e3o em geral, que necessita do produto para alimentar a sua fam\u00edlia. A primeira feira itinerante foi realizada no \u00faltimo da 15, no condom\u00ednio Veredas do Madeira, na estrada Santo Ant\u00f4nio, no bairro Tri\u00e2ngulo e teve excelente ades\u00e3o por parte dos moradores daquela localidade.<\/p>\n<figure id=\"attachment_8261\" aria-describedby=\"caption-attachment-8261\" style=\"width: 400px\" class=\"wp-caption alignright\"><img decoding=\"async\" loading=\"lazy\" class=\"wp-image-8261\" src=\"http:\/\/www.emater.ro.gov.br\/ematerro\/wp-content\/uploads\/2020\/04\/Feira-Itinerante-Veredas_001-15mar2020-Foto-IRENE-MENDES-300x189.jpg\" alt=\"Equipamentos de prote\u00e7\u00e3o e seguran\u00e7a no atendimento.\" width=\"400\" height=\"252\" srcset=\"http:\/\/www.emater.ro.gov.br\/ematerro\/wp-content\/uploads\/2020\/04\/Feira-Itinerante-Veredas_001-15mar2020-Foto-IRENE-MENDES-300x189.jpg 300w, http:\/\/www.emater.ro.gov.br\/ematerro\/wp-content\/uploads\/2020\/04\/Feira-Itinerante-Veredas_001-15mar2020-Foto-IRENE-MENDES-768x483.jpg 768w, http:\/\/www.emater.ro.gov.br\/ematerro\/wp-content\/uploads\/2020\/04\/Feira-Itinerante-Veredas_001-15mar2020-Foto-IRENE-MENDES-1024x644.jpg 1024w\" sizes=\"(max-width: 400px) 100vw, 400px\" \/><figcaption id=\"caption-attachment-8261\" class=\"wp-caption-text\"><em>Equipamentos de prote\u00e7\u00e3o e seguran\u00e7a no atendimento.<\/em><\/figcaption><\/figure>\n<p>Para a produtora rural e feirante Ediene, que participou da primeira feira itinerante, a alternativa chegou em boa hora. \u201cPara n\u00f3s agricultores que est\u00e1vamos parados esses dias, vai ajudar muito financeiramente, e para os \u201cclientes\u201d, que est\u00e3o isolados, tamb\u00e9m ser\u00e1 uma ajuda, al\u00e9m de eles estarem conhecendo a nossa feira, o nosso produto\u201d.<\/p>\n<p><strong>PREVEN\u00c7\u00c3O E HIGIENIZA\u00c7\u00c3O<\/strong><\/p>\n<p>Para a realiza\u00e7\u00e3o da feira itinerante, os extensionistas da Emater-RO t\u00eam orientado os agricultores familiares no manejo adequado dos produtos e nas t\u00e9cnicas de higieniza\u00e7\u00e3o e preven\u00e7\u00e3o pessoal. Segundo a supervisora regional da Emater-RO em Porto Velho, Diana Menezes, os agricultores receberam hipoclorito e orienta\u00e7\u00e3o para higieniza\u00e7\u00e3o das frutas, legumes e verduras. Eles tamb\u00e9m receberam kits contendo toucas, m\u00e1scaras e luvas para serem utilizadas durante todo o per\u00edodo que estiverem em contato com o p\u00fablico e \u00e1lcool gel para higieniza\u00e7\u00e3o constante de suas m\u00e3os e das m\u00e3os dos consumidores.<\/p>\n<p>Para que a feira itinerante garantisse seguran\u00e7a a todos foram criados protocolos para procedimentos e atua\u00e7\u00e3o necess\u00e1ria para esse abastecimento, entre os quais a higieniza\u00e7\u00e3o e distanciamento das barracas, atendimento a um cliente por vez, mantendo a distancia m\u00ednima recomendada de pelo menos dois metros e a proibi\u00e7\u00e3o de degusta\u00e7\u00e3o de alimentos no local, entre outras constantes na <span style=\"color: #0000ff;\"><a style=\"color: #0000ff;\" href=\"http:\/\/www.emater.ro.gov.br\/ematerro\/wp-content\/uploads\/2020\/04\/Notifica\u00e7\u00e3o-005_2020-SEAGRI-CAFAMILIAR.pdf\" target=\"_blank\">notifica\u00e7\u00e3o recomendat\u00f3ria da Seagri<\/a><\/span>. \u00c9 importante tamb\u00e9m que o consumidor que for fazer suas compras na feira, mesmo que seja dentro do condom\u00ednio, esteja utilizando m\u00e1scaras, prevenindo assim, qualquer cont\u00e1gio que ele possa transmitir ou receber.<\/p>\n<p>A pr\u00f3xima feira itinerante dever\u00e1 se repetir, a pedido dos moradores, nessa pr\u00f3xima quarta-feira (22) no condom\u00ednio Veredas do Madeira, por\u00e9m os condom\u00ednios que estiverem interessados em levar a feira para seus moradores poder\u00e3o entrar em contato para mais informa\u00e7\u00f5es pelos telefones 99363-4566 ou 99299-1070.<\/p>\n<h6 style=\"text-align: right;\"><em>Texto: Wania Ressutti<\/em><br \/>\n<em>Jornalista \u2013 MTE-1744\/RO<\/em><br \/>\n<em>Fotos: Esreg de Porto Velho<\/em><br \/>\n<em>EMATER-RO<\/em><\/h6>\n<p>Leia mais:\u00a0<span style=\"color: #0000ff;\"><a style=\"color: #0000ff;\" href=\"http:\/\/www.emater.ro.gov.br\/ematerro\/2019\/08\/01\/porto-velho-inaugura-feira-noturna-da-agricultura-familiar\/\" target=\"_blank\">Agricultores familiares inauguram feira noturna em Porto Velho<\/a><\/span><\/p>\n","protected":false},"excerpt":{"rendered":"<p>Manter o abastecimento da popula\u00e7\u00e3o com acesso \u00e0 alimentos saud\u00e1veis tem sido uma das premissas do governo estadual nos \u00faltimos dias, para superar a demanda apresentada pela pandemia causada pelo [&hellip;]<\/p>\n","protected":false},"author":9,"featured_media":8264,"comment_status":"closed","ping_status":"closed","sticky":false,"template":"","format":"standard","meta":[],"categories":[10,9,12],"tags":[135,196,465,476],"_links":{"self":[{"href":"http:\/\/www.emater.ro.gov.br\/ematerro\/wp-json\/wp\/v2\/posts\/8255"}],"collection":[{"href":"http:\/\/www.emater.ro.gov.br\/ematerro\/wp-json\/wp\/v2\/posts"}],"about":[{"href":"http:\/\/www.emater.ro.gov.br\/ematerro\/wp-json\/wp\/v2\/types\/post"}],"author":[{"embeddable":true,"href":"http:\/\/www.emater.ro.gov.br\/ematerro\/wp-json\/wp\/v2\/users\/9"}],"replies":[{"embeddable":true,"href":"http:\/\/www.emater.ro.gov.br\/ematerro\/wp-json\/wp\/v2\/comments?post=8255"}],"version-history":[{"count":9,"href":"http:\/\/www.emater.ro.gov.br\/ematerro\/wp-json\/wp\/v2\/posts\/8255\/revisions"}],"predecessor-version":[{"id":8273,"href":"http:\/\/www.emater.ro.gov.br\/ematerro\/wp-json\/wp\/v2\/posts\/8255\/revisions\/8273"}],"wp:featuredmedia":[{"embeddable":true,"href":"http:\/\/www.emater.ro.gov.br\/ematerro\/wp-json\/wp\/v2\/media\/8264"}],"wp:attachment":[{"href":"http:\/\/www.emater.ro.gov.br\/ematerro\/wp-json\/wp\/v2\/media?parent=8255"}],"wp:term":[{"taxonomy":"category","embeddable":true,"href":"http:\/\/www.emater.ro.gov.br\/ematerro\/wp-json\/wp\/v2\/categories?post=8255"},{"taxonomy":"post_tag","embeddable":true,"href":"http:\/\/www.emater.ro.gov.br\/ematerro\/wp-json\/wp\/v2\/tags?post=8255"}],"curies":[{"name":"wp","href":"https:\/\/api.w.org\/{rel}","templated":true}]}}