{"id":8156,"date":"2020-03-27T12:49:05","date_gmt":"2020-03-27T16:49:05","guid":{"rendered":"http:\/\/www.emater.ro.gov.br\/ematerro\/?p=8156"},"modified":"2020-03-27T12:50:05","modified_gmt":"2020-03-27T16:50:05","slug":"safra-do-cafe-para-2020-deve-ultrapassar-dois-milhoes-de-sacas-em-rondonia","status":"publish","type":"post","link":"http:\/\/www.emater.ro.gov.br\/ematerro\/2020\/03\/27\/safra-do-cafe-para-2020-deve-ultrapassar-dois-milhoes-de-sacas-em-rondonia\/","title":{"rendered":"Safra do caf\u00e9 para 2020 deve ultrapassar dois milh\u00f5es de sacas em Rond\u00f4nia"},"content":{"rendered":"<figure id=\"attachment_8165\" aria-describedby=\"caption-attachment-8165\" style=\"width: 1000px\" class=\"wp-caption aligncenter\"><img decoding=\"async\" loading=\"lazy\" class=\"size-full wp-image-8165\" src=\"http:\/\/www.emater.ro.gov.br\/ematerro\/wp-content\/uploads\/2020\/03\/Safra-do-cafe-ultrapassa-dois-milhoes-de-sacas_001-foto-Irene-Mendes.jpg\" alt=\"Deve-se iniciar a colheita quando pelo menos 80% dos gr\u00e3os de caf\u00e9 estiverem maduros.\" width=\"1000\" height=\"625\" srcset=\"http:\/\/www.emater.ro.gov.br\/ematerro\/wp-content\/uploads\/2020\/03\/Safra-do-cafe-ultrapassa-dois-milhoes-de-sacas_001-foto-Irene-Mendes.jpg 1000w, http:\/\/www.emater.ro.gov.br\/ematerro\/wp-content\/uploads\/2020\/03\/Safra-do-cafe-ultrapassa-dois-milhoes-de-sacas_001-foto-Irene-Mendes-300x188.jpg 300w, http:\/\/www.emater.ro.gov.br\/ematerro\/wp-content\/uploads\/2020\/03\/Safra-do-cafe-ultrapassa-dois-milhoes-de-sacas_001-foto-Irene-Mendes-768x480.jpg 768w\" sizes=\"(max-width: 1000px) 100vw, 1000px\" \/><figcaption id=\"caption-attachment-8165\" class=\"wp-caption-text\"><em>Deve-se iniciar a colheita quando pelo menos 80% dos gr\u00e3os de caf\u00e9 estiverem maduros.<\/em><\/figcaption><\/figure>\n<p>O caf\u00e9 de Rond\u00f4nia anda em alta. Destaque nacional nos \u00faltimos anos, quando rondonienses foram classificados entre os produtores das melhores bebidas de caf\u00e9 can\u00e9fora, a qualidade da produ\u00e7\u00e3o e da produtividade vem aumentando no estado.<\/p>\n<p>O levantamento feito em dezembro\/2019 pela Companhia Nacional de Abastecimento (Conab) em parceria com a Emater-RO, apontaram que a estimativa da safra do caf\u00e9 robusta amaz\u00f4nico \u2013 caracter\u00edstica do caf\u00e9 can\u00e9fora na regi\u00e3o \u2013 ser\u00e1 de 2.344.119 milh\u00f5es de sacas, com uma produtividade de 36, 13 sacas por hectare. \u201cEsse levantamento foi feito atrav\u00e9s de question\u00e1rios aplicados a cafeicultores de 42 munic\u00edpios do estado\u201d, diz Rafael Cidade, extensionista da Emater-RO.<\/p>\n<p>A expectativa \u00e9 grande, por\u00e9m, h\u00e1 uma preocupa\u00e7\u00e3o com a atual situa\u00e7\u00e3o do pa\u00eds com a prolifera\u00e7\u00e3o do Covid-19 \u2013 infec\u00e7\u00e3o respirat\u00f3ria causada pelo coronav\u00edrus, principalmente agora, no m\u00eas de abril, quando se inicia a colheita do caf\u00e9. Atentos \u00e0 essa situa\u00e7\u00e3o, a Secretaria de Estado da Agricultura (Seagri), tem alertado os produtores rurais sobre os cuidados a serem tomados durante a colheita.<\/p>\n<p>Segundo o secret\u00e1rio da Seagri, Evandro Padovani, 2020 ser\u00e1 uma das maiores safras da hist\u00f3ria de Rond\u00f4nia e tranquiliza a popula\u00e7\u00e3o dizendo que os produtores continuam trabalhando para garantir o alimento. Para orientar os cafeicultores que devem iniciar suas colheitas nas pr\u00f3ximas semanas, Padovani emitiu uma notifica\u00e7\u00e3o recomendat\u00f3ria onde elenca os principais cuidados na hora de colher os gra\u00f5s.<\/p>\n<p>Primeiro, o secret\u00e1rio orienta para que o cafeicultor inicei a colheita somente quando pelo menos 80% dos gr\u00e3os de caf\u00e9 estiverem maduros, os caf\u00e9s devem ser colhidos por clones, iniciando-se pelos mais precoces, depois os intermedi\u00e1rios e por fim os mais tardios.<\/p>\n<figure id=\"attachment_8167\" aria-describedby=\"caption-attachment-8167\" style=\"width: 400px\" class=\"wp-caption alignleft\"><a href=\"to\"><img decoding=\"async\" loading=\"lazy\" class=\"wp-image-8167\" src=\"http:\/\/www.emater.ro.gov.br\/ematerro\/wp-content\/uploads\/2020\/03\/Safra-do-cafe-ultrapassa-dois-milhoes-de-sacas_003-foto-Irene-Mendes.jpg\" alt=\"A recomenda\u00e7\u00e3o \u00e9 que as pessoas mantenham uma dist\u00e2ncia m\u00ednima de dois metros ao fazer a colheita.\" width=\"400\" height=\"400\" srcset=\"http:\/\/www.emater.ro.gov.br\/ematerro\/wp-content\/uploads\/2020\/03\/Safra-do-cafe-ultrapassa-dois-milhoes-de-sacas_003-foto-Irene-Mendes.jpg 1000w, http:\/\/www.emater.ro.gov.br\/ematerro\/wp-content\/uploads\/2020\/03\/Safra-do-cafe-ultrapassa-dois-milhoes-de-sacas_003-foto-Irene-Mendes-150x150.jpg 150w, http:\/\/www.emater.ro.gov.br\/ematerro\/wp-content\/uploads\/2020\/03\/Safra-do-cafe-ultrapassa-dois-milhoes-de-sacas_003-foto-Irene-Mendes-300x300.jpg 300w, http:\/\/www.emater.ro.gov.br\/ematerro\/wp-content\/uploads\/2020\/03\/Safra-do-cafe-ultrapassa-dois-milhoes-de-sacas_003-foto-Irene-Mendes-768x768.jpg 768w\" sizes=\"(max-width: 400px) 100vw, 400px\" \/><\/a><figcaption id=\"caption-attachment-8167\" class=\"wp-caption-text\">A recomenda\u00e7\u00e3o \u00e9 que as pessoas mantenham uma dist\u00e2ncia m\u00ednima de dois metros ao fazer a colheita.<\/figcaption><\/figure>\n<p>Alertando para a preven\u00e7\u00e3o do coronav\u00edrus, a recomenda\u00e7\u00e3o indica que as pessoas que forem fazer a colheita n\u00e3o tenham contato f\u00edsico e mantenha uma dist\u00e2ncia m\u00ednima de dois metros, uma da outra, evitando aglomera\u00e7\u00f5es e aconselha o uso de estrat\u00e9gias, como a divis\u00e3o dos trabalhadores por talh\u00f5es ou carreiras. E, entre outros, aconselha a todos que obede\u00e7am as recomenda\u00e7\u00f5es das secretarias de sa\u00fade nos cuidados pessoais, principalmente com a lavagem das m\u00e3os com \u00e1gua e sab\u00e3o ou \u00e1lcool gel e que evitem compartilhar utens\u00edlios e ferramentas a fim de evitar contamina\u00e7\u00f5es.<\/p>\n<p>Com refer\u00eancia \u00e0 secagem do caf\u00e9 e comercializa\u00e7\u00e3o da produ\u00e7\u00e3o sugere que os contatos sejam feitos por telefone, e-mails ou outros meios de comunica\u00e7\u00e3o, procurando se adequar da melhor forma poss\u00edvel para n\u00e3o haver contatos desnecess\u00e1rios, inclusive com as formas de pagamento podendo ser, por exemplo, por transfer\u00eancias banc\u00e1rias.<\/p>\n<p>\u00c9 previsto que a pandemia causada pelo coronav\u00edrus poder\u00e1 resultar em um amplo impacto mundial e que talvez afete todas as cadeias, j\u00e1 que o caf\u00e9 \u00e9 uma bebida consumida no mundo todo, por\u00e9m n\u00e3o \u00e9 poss\u00edvel precisar, neste momento, qual ser\u00e1 esse impacto, nem a curto e nem a longo prazo, mas devemos considerar que o estado de Rond\u00f4nia tem na agropecu\u00e1ria um dos maiores alicerces da economia e essa caracter\u00edstica tem possibilitado ao estado, com base nas \u00faltimas crises, uma r\u00e1pida recupera\u00e7\u00e3o e crescimento econ\u00f4mico e \u00e9 o que se espera quando passar mais essa tempestade.<\/p>\n<h6 style=\"text-align: right;\"><em>Texto: Wania Ressutti<\/em><br \/>\n<em> Jornalista \u2013 MTE-1744\/RO<\/em><br \/>\n<em> Fotos: Irene Mendes e arquivo Emater-RO<\/em><br \/>\n<em> Rep\u00f3rter fotogr\u00e1fica \u2013 MTE-368\/RO<\/em><br \/>\n<em> EMATER-RO<\/em><\/h6>\n","protected":false},"excerpt":{"rendered":"<p>O caf\u00e9 de Rond\u00f4nia anda em alta. Destaque nacional nos \u00faltimos anos, quando rondonienses foram classificados entre os produtores das melhores bebidas de caf\u00e9 can\u00e9fora, a qualidade da produ\u00e7\u00e3o e [&hellip;]<\/p>\n","protected":false},"author":9,"featured_media":8164,"comment_status":"closed","ping_status":"closed","sticky":false,"template":"","format":"standard","meta":[],"categories":[10,9,12],"tags":[48,469],"_links":{"self":[{"href":"http:\/\/www.emater.ro.gov.br\/ematerro\/wp-json\/wp\/v2\/posts\/8156"}],"collection":[{"href":"http:\/\/www.emater.ro.gov.br\/ematerro\/wp-json\/wp\/v2\/posts"}],"about":[{"href":"http:\/\/www.emater.ro.gov.br\/ematerro\/wp-json\/wp\/v2\/types\/post"}],"author":[{"embeddable":true,"href":"http:\/\/www.emater.ro.gov.br\/ematerro\/wp-json\/wp\/v2\/users\/9"}],"replies":[{"embeddable":true,"href":"http:\/\/www.emater.ro.gov.br\/ematerro\/wp-json\/wp\/v2\/comments?post=8156"}],"version-history":[{"count":3,"href":"http:\/\/www.emater.ro.gov.br\/ematerro\/wp-json\/wp\/v2\/posts\/8156\/revisions"}],"predecessor-version":[{"id":8168,"href":"http:\/\/www.emater.ro.gov.br\/ematerro\/wp-json\/wp\/v2\/posts\/8156\/revisions\/8168"}],"wp:featuredmedia":[{"embeddable":true,"href":"http:\/\/www.emater.ro.gov.br\/ematerro\/wp-json\/wp\/v2\/media\/8164"}],"wp:attachment":[{"href":"http:\/\/www.emater.ro.gov.br\/ematerro\/wp-json\/wp\/v2\/media?parent=8156"}],"wp:term":[{"taxonomy":"category","embeddable":true,"href":"http:\/\/www.emater.ro.gov.br\/ematerro\/wp-json\/wp\/v2\/categories?post=8156"},{"taxonomy":"post_tag","embeddable":true,"href":"http:\/\/www.emater.ro.gov.br\/ematerro\/wp-json\/wp\/v2\/tags?post=8156"}],"curies":[{"name":"wp","href":"https:\/\/api.w.org\/{rel}","templated":true}]}}