{"id":8125,"date":"2020-03-25T10:28:06","date_gmt":"2020-03-25T14:28:06","guid":{"rendered":"http:\/\/www.emater.ro.gov.br\/ematerro\/?p=8125"},"modified":"2020-03-25T10:29:10","modified_gmt":"2020-03-25T14:29:10","slug":"coronavirus-produtores-rurais-e-trabalhadores-do-campo-tambem-devem-se-proteger","status":"publish","type":"post","link":"http:\/\/www.emater.ro.gov.br\/ematerro\/2020\/03\/25\/coronavirus-produtores-rurais-e-trabalhadores-do-campo-tambem-devem-se-proteger\/","title":{"rendered":"Coronav\u00edrus: produtores rurais e trabalhadores do campo tamb\u00e9m devem se proteger"},"content":{"rendered":"<div>Morar no campo, longe da cidade, n\u00e3o significa estar longe do v\u00edrus. O Covid-19, doen\u00e7a infecciosa causada pelo coronav\u00edrus n\u00e3o respeita dist\u00e2ncia e requer muita aten\u00e7\u00e3o \u00e0s medidas de preven\u00e7\u00e3o que est\u00e3o divulgadas pelo governo. Assim, grandes pecuaristas, produtores rurais, trabalhadores do campo, que produzem os alimentos que chegam \u00e0s mesas dos consumidores devem se precaver seguir as regras que est\u00e3o sendo divulgada por todo o pa\u00eds.<\/div>\n<div><\/div>\n<div>\n<figure id=\"attachment_8118\" aria-describedby=\"caption-attachment-8118\" style=\"width: 1000px\" class=\"wp-caption aligncenter\"><img decoding=\"async\" loading=\"lazy\" class=\"size-full wp-image-8118\" src=\"http:\/\/www.emater.ro.gov.br\/ematerro\/wp-content\/uploads\/2020\/03\/silagem-corte-milho.jpg\" alt=\"M\u00e1quinas e equipamentos tamb\u00e9m devem ser higienizadas para evitar contamina\u00e7\u00e3o.\" width=\"1000\" height=\"625\" srcset=\"http:\/\/www.emater.ro.gov.br\/ematerro\/wp-content\/uploads\/2020\/03\/silagem-corte-milho.jpg 1000w, http:\/\/www.emater.ro.gov.br\/ematerro\/wp-content\/uploads\/2020\/03\/silagem-corte-milho-300x188.jpg 300w, http:\/\/www.emater.ro.gov.br\/ematerro\/wp-content\/uploads\/2020\/03\/silagem-corte-milho-768x480.jpg 768w\" sizes=\"(max-width: 1000px) 100vw, 1000px\" \/><figcaption id=\"caption-attachment-8118\" class=\"wp-caption-text\">M\u00e1quinas e equipamentos tamb\u00e9m devem ser higienizadas para evitar contamina\u00e7\u00e3o.<\/figcaption><\/figure>\n<p>Os casos detectados em Rond\u00f4nia divulgados no \u00faltimo boletim de 22 de mar\u00e7o apontam 163 casos suspeitos e somente tr\u00eas confirmados, ainda n\u00e3o s\u00e3o alarmantes, mas s\u00e3o preocupantes. A proposta do governo estadual em editar os decretos n.\u00ba 24.871 de 16 de mar\u00e7o de 2020 e n.\u00ba 24.887 de 20 de mar\u00e7o de 2020 \u00e9 tentar conter, de todas as maneiras poss\u00edveis, que o coronav\u00edrus se alastre pelo estado e aumente o n\u00famero de contamina\u00e7\u00f5es.<\/p>\n<\/div>\n<div><\/div>\n<div>\u00c9 comum entre os produtores rurais, durante a lida, compartilhar suas ferramentas (p\u00e1, enxadas, rastelos, etc.) de trabalho, mas isso agora dever\u00e1 ser evitado. Ao compartilhar suas ferramentas elas podem ser contaminadas, j\u00e1 que nos primeiros dias n\u00e3o h\u00e1 sintomas para o portador de coronav\u00edrus, o ideal \u00e9, antes de utiliz\u00e1-las, que elas sejam higienizadas da forma correta. Isso tamb\u00e9m vale para as ordenhadeiras, os baldes e todos os utens\u00edlios utilizados no trabalho.<\/div>\n<div><\/div>\n<div>Esses cuidados tamb\u00e9m devem tomados ao se utilizarem m\u00e1quinas e equipamentos (tratores, colheitadeiras, etc.), sempre fazendo a higieniza\u00e7\u00e3o em todas as partes que ser\u00e3o tocadas, como volantes, marchas, ma\u00e7anetas, etc. Em casa tamb\u00e9m \u00e9 preciso ter o cuidado de n\u00e3o compartilhar copos, pratos e talheres, mesmo com seus familiares. \u00c9 preciso sempre estar atento e orientar seus maridos, esposas, filhos.<\/div>\n<div><\/div>\n<div>\n<figure id=\"attachment_8117\" aria-describedby=\"caption-attachment-8117\" style=\"width: 400px\" class=\"wp-caption alignleft\"><img decoding=\"async\" loading=\"lazy\" class=\"wp-image-8117\" src=\"http:\/\/www.emater.ro.gov.br\/ematerro\/wp-content\/uploads\/2020\/03\/WhatsApp-Image-2020-03-23-at-12.15.57.jpg\" alt=\"\u00c9 importante estar protegido e seguir as orienta\u00e7\u00f5es dos \u00f3rg\u00e3os de sa\u00fade.\" width=\"400\" height=\"251\" srcset=\"http:\/\/www.emater.ro.gov.br\/ematerro\/wp-content\/uploads\/2020\/03\/WhatsApp-Image-2020-03-23-at-12.15.57.jpg 1089w, http:\/\/www.emater.ro.gov.br\/ematerro\/wp-content\/uploads\/2020\/03\/WhatsApp-Image-2020-03-23-at-12.15.57-300x188.jpg 300w, http:\/\/www.emater.ro.gov.br\/ematerro\/wp-content\/uploads\/2020\/03\/WhatsApp-Image-2020-03-23-at-12.15.57-768x482.jpg 768w, http:\/\/www.emater.ro.gov.br\/ematerro\/wp-content\/uploads\/2020\/03\/WhatsApp-Image-2020-03-23-at-12.15.57-1024x642.jpg 1024w\" sizes=\"(max-width: 400px) 100vw, 400px\" \/><figcaption id=\"caption-attachment-8117\" class=\"wp-caption-text\">\u00c9 importante estar protegido e seguir as orienta\u00e7\u00f5es dos \u00f3rg\u00e3os de sa\u00fade.<\/figcaption><\/figure>\n<p>Para que o coronav\u00edrus entre no organismo do ser humano \u00e9 preciso que haja um receptor e esses receptores est\u00e3o nas vias respirat\u00f3rias, por isso \u00e9 muito importante tomar cuidado para n\u00e3o colocar a m\u00e3o no rosto e evitar que o v\u00edrus chegue as mucosas de olhos, nariz e boca. E todas as vezes que voltar do trabalho para casa lave muito bem a sua m\u00e3o com \u00e1gua e sab\u00e3o e, se preciso use tamb\u00e9m \u00e1lcool gel 70, voc\u00ea proteger\u00e1 a si e sua fam\u00edlia de uma poss\u00edvel contamina\u00e7\u00e3o.<\/p>\n<\/div>\n<div><\/div>\n<div>Isolamento \u00e9 um ponto fundamental para tentar conter a dissemina\u00e7\u00e3o do coronav\u00edrus. Quem puder, deve evitar sair de casa, mas se for inevit\u00e1vel, combine com os vizinhos e v\u00e1 apenas um para fazer a compra de todos. Isso contribuir\u00e1 para evitar aglomera\u00e7\u00f5es e risco de contamina\u00e7\u00e3o.<\/div>\n<div><\/div>\n<div>Quem trabalha no campo sabe que muitas vezes depende de quem vem da cidade para garantir a sua produ\u00e7\u00e3o e comercializa\u00e7\u00e3o dos seus produtos. S\u00e3o fornecedores para levar insumos \u00e0 propriedade, caminh\u00f5es que vem buscar a produ\u00e7\u00e3o comercializada, e extensionistas da Emater-RO, levando orienta\u00e7\u00f5es e pol\u00edticas p\u00fablicas de desenvolvimento rural. Mas \u00e9 preciso lembrar que, ao receber qualquer pessoa, \u00e9 preciso manter, no m\u00ednimo, um metro de dist\u00e2ncia. E, para cumpriment\u00e1-lo, basta um aceno, de longe mesmo. Ningu\u00e9m ficar\u00e1 ofendido, pois todos estar\u00e3o unidos nesse enfrentamento contra uma das maiores pandemias do pa\u00eds.<\/div>\n<div><\/div>\n<div>Assim como em v\u00e1rios pa\u00edses, o Brasil, j\u00e1 est\u00e1 se mobilizando para impedir que essa doen\u00e7a se alastre e acarrete consequ\u00eancias mais graves. Para isso se faz necess\u00e1rio que todos sigam as medidas de preven\u00e7\u00e3o orientadas pelos \u00f3rg\u00e3os de sa\u00fade e pelo governo estadual que, mobilizou todas as secretarias para orientar e informar toda a popula\u00e7\u00e3o sobre a gravidade do Covid-19. Seus principais sintomas s\u00e3o febre, tosse e dificuldade para respirar. Caso sinta esses sintomas ou conhe\u00e7a algu\u00e9m que esteja assim, procure uma unidade de sa\u00fade. E se precisar de mais informa\u00e7\u00f5es ligue para 0800 642 5398 ou 0800 647-1010 e tire suas d\u00favidas.<\/div>\n<div><\/div>\n<h6 style=\"text-align: right;\"><em>Texto: Wania Ressutti<br \/>\nJornalista \u2013 MTE-1744\/RO<br \/>\nFotos: Irene Mendes e arquivo Emater-RO<br \/>\nRep\u00f3rter fotogr\u00e1fica \u2013 MTE-368\/RO<br \/>\nEMATER-RO<\/em><\/h6>\n","protected":false},"excerpt":{"rendered":"<p>Morar no campo, longe da cidade, n\u00e3o significa estar longe do v\u00edrus. O Covid-19, doen\u00e7a infecciosa causada pelo coronav\u00edrus n\u00e3o respeita dist\u00e2ncia e requer muita aten\u00e7\u00e3o \u00e0s medidas de preven\u00e7\u00e3o [&hellip;]<\/p>\n","protected":false},"author":9,"featured_media":8120,"comment_status":"closed","ping_status":"closed","sticky":false,"template":"","format":"standard","meta":[],"categories":[10,9,12],"tags":[],"_links":{"self":[{"href":"http:\/\/www.emater.ro.gov.br\/ematerro\/wp-json\/wp\/v2\/posts\/8125"}],"collection":[{"href":"http:\/\/www.emater.ro.gov.br\/ematerro\/wp-json\/wp\/v2\/posts"}],"about":[{"href":"http:\/\/www.emater.ro.gov.br\/ematerro\/wp-json\/wp\/v2\/types\/post"}],"author":[{"embeddable":true,"href":"http:\/\/www.emater.ro.gov.br\/ematerro\/wp-json\/wp\/v2\/users\/9"}],"replies":[{"embeddable":true,"href":"http:\/\/www.emater.ro.gov.br\/ematerro\/wp-json\/wp\/v2\/comments?post=8125"}],"version-history":[{"count":3,"href":"http:\/\/www.emater.ro.gov.br\/ematerro\/wp-json\/wp\/v2\/posts\/8125\/revisions"}],"predecessor-version":[{"id":8128,"href":"http:\/\/www.emater.ro.gov.br\/ematerro\/wp-json\/wp\/v2\/posts\/8125\/revisions\/8128"}],"wp:featuredmedia":[{"embeddable":true,"href":"http:\/\/www.emater.ro.gov.br\/ematerro\/wp-json\/wp\/v2\/media\/8120"}],"wp:attachment":[{"href":"http:\/\/www.emater.ro.gov.br\/ematerro\/wp-json\/wp\/v2\/media?parent=8125"}],"wp:term":[{"taxonomy":"category","embeddable":true,"href":"http:\/\/www.emater.ro.gov.br\/ematerro\/wp-json\/wp\/v2\/categories?post=8125"},{"taxonomy":"post_tag","embeddable":true,"href":"http:\/\/www.emater.ro.gov.br\/ematerro\/wp-json\/wp\/v2\/tags?post=8125"}],"curies":[{"name":"wp","href":"https:\/\/api.w.org\/{rel}","templated":true}]}}