{"id":798,"date":"2016-08-17T10:40:11","date_gmt":"2016-08-17T14:40:11","guid":{"rendered":"http:\/\/www.emater.ro.gov.br\/ematerro\/?p=798"},"modified":"2016-08-17T13:06:33","modified_gmt":"2016-08-17T17:06:33","slug":"extensionistas-da-emater-ro-recebem-capacitacao-em-irrigacao","status":"publish","type":"post","link":"http:\/\/www.emater.ro.gov.br\/ematerro\/2016\/08\/17\/extensionistas-da-emater-ro-recebem-capacitacao-em-irrigacao\/","title":{"rendered":"Extensionistas da Emater-RO recebem capacita\u00e7\u00e3o em irriga\u00e7\u00e3o"},"content":{"rendered":"<figure id=\"attachment_799\" aria-describedby=\"caption-attachment-799\" style=\"width: 300px\" class=\"wp-caption alignleft\"><img decoding=\"async\" loading=\"lazy\" class=\"wp-image-799 size-medium\" src=\"http:\/\/www.emater.ro.gov.br\/ematerro\/wp-content\/uploads\/2016\/08\/20160816_093149-300x169.jpg\" alt=\"Capacita\u00e7\u00e3o extensionista da EMATER-RO Regi\u00e3o Zona da Mata\" width=\"300\" height=\"169\" srcset=\"http:\/\/www.emater.ro.gov.br\/ematerro\/wp-content\/uploads\/2016\/08\/20160816_093149-300x169.jpg 300w, http:\/\/www.emater.ro.gov.br\/ematerro\/wp-content\/uploads\/2016\/08\/20160816_093149-768x432.jpg 768w, http:\/\/www.emater.ro.gov.br\/ematerro\/wp-content\/uploads\/2016\/08\/20160816_093149-1024x576.jpg 1024w\" sizes=\"(max-width: 300px) 100vw, 300px\" \/><figcaption id=\"caption-attachment-799\" class=\"wp-caption-text\">Apoio aos t\u00e9cnicos da Emater-RO<\/figcaption><\/figure>\n<p>Para atender a crescente procura dos agricultores da zona da mata por novas tecnologias agr\u00edcolas, em especial a busca pela irriga\u00e7\u00e3o de cafezais e outras culturas alimentares, o escrit\u00f3rio regional da Emater-RO no territ\u00f3rio da Zona da Mata est\u00e1 capacitando seus t\u00e9cnicos com um curso de irriga\u00e7\u00e3o, iniciado nesta segunda-feira (16), no audit\u00f3rio do Sebrae de Rolim de Moura.<\/p>\n<p>A primeira etapa do curso tem a dura\u00e7\u00e3o de dois dias e tem a participa\u00e7\u00e3o de extensionistas dos munic\u00edpios de Alto Alegre dos Parecis, Alta Floresta D&#8217;Oeste, Castanheiras, Nova Brasil\u00e2ndia D&#8217;Oeste, Novo Horizonte D&#8217;Oeste, Rolim de Moura, Santa Luzia D&#8217;Oeste e distrito de Izidol\u00e2ndia e est\u00e1 sendo ministrado pelo \u00a0mestre em irriga\u00e7\u00e3o e drenagem Antonio Ferreira de Sousa Dias, extensionista da Emater-RO em Ji-Paran\u00e1.<\/p>\n<p>O curso visa apoiar os t\u00e9cnicos a Emater-RO na elabora\u00e7\u00e3o de projetos de irriga\u00e7\u00e3o que podem ser ou n\u00e3o apoiados\u00a0pelos agentes financeiros, e enfoca temas pr\u00e1ticos como volume ou l\u00e2mina de \u00e1gua a ser aplicada de acordo com o tipo de solo e cultura agr\u00edcola a ser irrigada.\u00a0<span style=\"line-height: 1.5;\">Os participantes da capacita\u00e7\u00e3o tamb\u00e9m se desenvolver\u00e3o na escolha do tipo de equipamento, levando em conta para o dimensionamento\u00a0<\/span>hidr\u00e1ulico, a altimetria do terreno, c\u00e1lculos de vaz\u00e3o e an\u00e1lise t\u00e9cnica e econ\u00f4mica do projeto.<\/p>\n<p>A expans\u00e3o da cultura cafeeira e o surgimento de novas tecnologias para potencializar a efici\u00eancia de produ\u00e7\u00e3o tem despertado maior interesse dos agricultores atendidos pela Emater-RO, \u00a0&#8220;este curso \u00e9 muito importante para a regi\u00e3o da Zona da Mata para atender a demanda de agricultores familiares devido a import\u00e2ncia do papel do agricultor na gera\u00e7\u00e3o de emprego, renda, seguran\u00e7a alimentar e preserva\u00e7\u00e3o ambiental&#8221; afirma a\u00a0Gerente Regional da Emater-RO Albertina Marangoni Bottega\u00a0.<\/p>\n<p>&nbsp;<\/p>\n<p>&nbsp;<\/p>\n<p>&nbsp;<\/p>\n<p>&nbsp;<\/p>\n<p>&nbsp;<\/p>\n<p>&nbsp;<\/p>\n","protected":false},"excerpt":{"rendered":"<p>Para atender a crescente procura dos agricultores da zona da mata por novas tecnologias agr\u00edcolas, em especial a busca pela irriga\u00e7\u00e3o de cafezais e outras culturas alimentares, o escrit\u00f3rio regional [&hellip;]<\/p>\n","protected":false},"author":11,"featured_media":801,"comment_status":"closed","ping_status":"closed","sticky":false,"template":"","format":"standard","meta":[],"categories":[9,12],"tags":[],"_links":{"self":[{"href":"http:\/\/www.emater.ro.gov.br\/ematerro\/wp-json\/wp\/v2\/posts\/798"}],"collection":[{"href":"http:\/\/www.emater.ro.gov.br\/ematerro\/wp-json\/wp\/v2\/posts"}],"about":[{"href":"http:\/\/www.emater.ro.gov.br\/ematerro\/wp-json\/wp\/v2\/types\/post"}],"author":[{"embeddable":true,"href":"http:\/\/www.emater.ro.gov.br\/ematerro\/wp-json\/wp\/v2\/users\/11"}],"replies":[{"embeddable":true,"href":"http:\/\/www.emater.ro.gov.br\/ematerro\/wp-json\/wp\/v2\/comments?post=798"}],"version-history":[{"count":7,"href":"http:\/\/www.emater.ro.gov.br\/ematerro\/wp-json\/wp\/v2\/posts\/798\/revisions"}],"predecessor-version":[{"id":841,"href":"http:\/\/www.emater.ro.gov.br\/ematerro\/wp-json\/wp\/v2\/posts\/798\/revisions\/841"}],"wp:featuredmedia":[{"embeddable":true,"href":"http:\/\/www.emater.ro.gov.br\/ematerro\/wp-json\/wp\/v2\/media\/801"}],"wp:attachment":[{"href":"http:\/\/www.emater.ro.gov.br\/ematerro\/wp-json\/wp\/v2\/media?parent=798"}],"wp:term":[{"taxonomy":"category","embeddable":true,"href":"http:\/\/www.emater.ro.gov.br\/ematerro\/wp-json\/wp\/v2\/categories?post=798"},{"taxonomy":"post_tag","embeddable":true,"href":"http:\/\/www.emater.ro.gov.br\/ematerro\/wp-json\/wp\/v2\/tags?post=798"}],"curies":[{"name":"wp","href":"https:\/\/api.w.org\/{rel}","templated":true}]}}