{"id":790,"date":"2016-08-15T12:01:28","date_gmt":"2016-08-15T16:01:28","guid":{"rendered":"http:\/\/www.emater.ro.gov.br\/ematerro\/?p=790"},"modified":"2016-09-01T10:49:51","modified_gmt":"2016-09-01T14:49:51","slug":"embrapa-seagri-e-emater-se-unem-para-fortalecer-a-agropecuaria-de-rondonia","status":"publish","type":"post","link":"http:\/\/www.emater.ro.gov.br\/ematerro\/2016\/08\/15\/embrapa-seagri-e-emater-se-unem-para-fortalecer-a-agropecuaria-de-rondonia\/","title":{"rendered":"Embrapa, Seagri e Emater se unem para fortalecer a agropecu\u00e1ria de Rond\u00f4nia"},"content":{"rendered":"<p>A busca por uma agropecu\u00e1ria sustent\u00e1vel no estado de Rond\u00f4nia e a uni\u00e3o de for\u00e7as em prol do fortalecimento do setor, com base no trip\u00e9 Pesquisa-Extens\u00e3o-Assist\u00eancia e na proposi\u00e7\u00e3o de pol\u00edticas p\u00fablicas, foi o foco de uma reuni\u00e3o que integrou a Empresa Brasileira de Pesquisa Agropecu\u00e1ria (Embrapa), a Secretaria de Estado da Agricultura de Rond\u00f4nia (Seagri) e a Empresa Estadual de Assist\u00eancia T\u00e9cnica e Extens\u00e3o Rural do Estado de Rond\u00f4nia (Emater-RO) nesta quinta-feira, 11. &#8220;Precisamos oferecer aos produtores oportunidades de aumentar a produ\u00e7\u00e3o e torn\u00e1-la sustent\u00e1vel. Mas para que isso de fato aconte\u00e7a, \u00e9 preciso, principalmente, que sejam adotadas tecnologias e elas j\u00e1 est\u00e3o dispon\u00edveis. Assim, \u00e9 poss\u00edvel produzir mais, com menor custo, em menor \u00e1rea e de maneira a preservar o ecossistema&#8221;, destaca o chefe-geral da Embrapa Rond\u00f4nia Alaerto Marcolan.<\/p>\n<figure id=\"attachment_793\" aria-describedby=\"caption-attachment-793\" style=\"width: 622px\" class=\"wp-caption alignleft\"><img decoding=\"async\" loading=\"lazy\" class=\"wp-image-793 size-full\" src=\"http:\/\/www.emater.ro.gov.br\/ematerro\/wp-content\/uploads\/2016\/08\/EMBRAPA-EMATER003-Foto-Renata-Silva.jpg\" alt=\"Disponibiliza\u00e7\u00e3o e multiplica\u00e7\u00e3o de tecnologias.\" width=\"622\" height=\"600\" srcset=\"http:\/\/www.emater.ro.gov.br\/ematerro\/wp-content\/uploads\/2016\/08\/EMBRAPA-EMATER003-Foto-Renata-Silva.jpg 622w, http:\/\/www.emater.ro.gov.br\/ematerro\/wp-content\/uploads\/2016\/08\/EMBRAPA-EMATER003-Foto-Renata-Silva-300x289.jpg 300w\" sizes=\"(max-width: 622px) 100vw, 622px\" \/><figcaption id=\"caption-attachment-793\" class=\"wp-caption-text\">Disponibiliza\u00e7\u00e3o e multiplica\u00e7\u00e3o de tecnologias.<\/figcaption><\/figure>\n<p>Durante o encontro, dirigentes e representantes das tr\u00eas institui\u00e7\u00f5es apresentaram cen\u00e1rios e perspectivas para diversas \u00e1reas da agricultura e pecu\u00e1ria do estado, destacando-se a cafeicultura, a produ\u00e7\u00e3o de leite, pastagem, gr\u00e3os e fruticultura. Os pesquisadores da Embrapa apresentaram tecnologias e a\u00e7\u00f5es que est\u00e3o sendo planejadas para potencializar a produ\u00e7\u00e3o nestas \u00e1reas e solu\u00e7\u00f5es para alguns desafios da agropecu\u00e1ria do estado.<\/p>\n<p>Tamb\u00e9m foram apresentados poss\u00edveis impactos que podem ser esperados em Rond\u00f4nia com a ado\u00e7\u00e3o de tecnologias que j\u00e1 est\u00e3o dispon\u00edveis e acess\u00edveis aos produtores e que, se adotadas e utilizadas com o manejo adequado, podem gerar grandes resultados s\u00f3cio-econ\u00f4micos para o estado. &#8220;A extens\u00e3o rural depende da disponibiliza\u00e7\u00e3o de tecnologias para multiplic\u00e1-las no campo e j\u00e1 temos tecnologias que s\u00e3o capazes de transformar nossa realidade. Ent\u00e3o, precisamos alinhar nossas a\u00e7\u00f5es e propor pol\u00edticas p\u00fablicas efetivas para promover o desenvolvimento do setor. Sa\u00edmos deste encontro mais fortalecidos e com o mesmo alinhamento&#8221;, afirma o presidente da Emater-RO Francisco Mendes de S\u00e1.<\/p>\n<p>Para o secret\u00e1rio da Seagri, Evandro Padovani, o avan\u00e7o da tecnologia na agropecu\u00e1ria brasileira \u00e9 grande e r\u00e1pido e, principalmente o pequeno e o m\u00e9dio produtor tem dificuldade em acompanhar. Cabe, ent\u00e3o, a uni\u00e3o de esfor\u00e7os entre pesquisa, governo e extens\u00e3o rural para promover o desenvolvimento do agroneg\u00f3cio como um todo para o estado de Rond\u00f4nia. &#8220;\u00c9 levar tecnologias de ponta para o campo, por meio de uma assist\u00eancia t\u00e9cnica qualificada e presente. E o papel da Secretaria de Agricultura \u00e9 atuar de maneira a oferecer condi\u00e7\u00f5es de cr\u00e9dito e subs\u00eddios para que a tecnologia e o manejo possam ser adotados. Assim, todos ganham: o produtor rural, a sociedade e o estado de Rond\u00f4nia como um todo&#8221;, ressalta Padovani, que destacou tamb\u00e9m a import\u00e2ncia da Ag\u00eancia de Defesa Agrosilvopastoril de Rond\u00f4nia (Idaron) integrar estas a\u00e7\u00f5es.<\/p>\n<p><strong>Integra\u00e7\u00e3o Lavoura-Pecu\u00e1ria-Floresta: vi\u00e1vel para pequenos, m\u00e9dios e grandes produtores<\/strong><br \/>\nOutro tema abordado durante a reuni\u00e3o foi a viabilidade de ado\u00e7\u00e3o da integra\u00e7\u00e3o Lavoura-Pecu\u00e1ria-Floresta (ILPF) e suas varia\u00e7\u00f5es por pequenos, m\u00e9dios e grandes produtores de Rond\u00f4nia, uma realidade que j\u00e1 acontece no restante do pa\u00eds e que tem provocado uma grande revolu\u00e7\u00e3o no campo, sendo respons\u00e1vel por uma agropecu\u00e1ria sustent\u00e1vel \u2013 econ\u00f4mica, social e ambientalmente correta. &#8220;\u00c9 preciso quebrar o mito de que o sistema ILPF \u00e9 voltado apenas para grandes produtores, pois ele \u00e9 interessante para todos. O pequeno produtor, por exemplo, pode aproveitar melhor sua \u00e1rea produzindo milho para silagem, depois entrando com o gado de leite e tendo a suplementa\u00e7\u00e3o necess\u00e1ria para o per\u00edodo seco&#8221;, explica o chefe de Transfer\u00eancia de Tecnologia da Embrapa, Frederico Botelho.<\/p>\n<p>Para se ter uma ideia, com a ado\u00e7\u00e3o do sistema ILPF, \u00e9 poss\u00edvel ter at\u00e9 quatro safras na propriedade. Por exemplo, primeiro a safra de ver\u00e3o, que pode ser com soja. Colhe-se a soja e faz-se uma safrinha de milho consorciada com capim. Colhe-se o milho e coloca-se uma safrinha de boi. Tira-se o boi e ainda \u00e9 poss\u00edvel fazer uma safra de palhada para o plantio direto e gerar mat\u00e9ria org\u00e2nica no solo. Com isso, s\u00e3o quatro safras que acabam dependo apenas de chuva, sem irriga\u00e7\u00e3o.<\/p>\n<figure id=\"attachment_792\" aria-describedby=\"caption-attachment-792\" style=\"width: 496px\" class=\"wp-caption alignright\"><img decoding=\"async\" loading=\"lazy\" class=\"wp-image-792 \" src=\"http:\/\/www.emater.ro.gov.br\/ematerro\/wp-content\/uploads\/2016\/08\/EMBRAPA-EMATER002-Foto-Renata-Silva.jpg\" alt=\"Oportunidades de aumentar a produ\u00e7\u00e3o e torn\u00e1-la sustent\u00e1vel.\" width=\"496\" height=\"310\" srcset=\"http:\/\/www.emater.ro.gov.br\/ematerro\/wp-content\/uploads\/2016\/08\/EMBRAPA-EMATER002-Foto-Renata-Silva.jpg 640w, http:\/\/www.emater.ro.gov.br\/ematerro\/wp-content\/uploads\/2016\/08\/EMBRAPA-EMATER002-Foto-Renata-Silva-300x188.jpg 300w\" sizes=\"(max-width: 496px) 100vw, 496px\" \/><figcaption id=\"caption-attachment-792\" class=\"wp-caption-text\">Oportunidades de aumentar a produ\u00e7\u00e3o e torn\u00e1-la sustent\u00e1vel.<\/figcaption><\/figure>\n<p><strong>Livro Caf\u00e9 na Amaz\u00f4nia<\/strong><br \/>\nAo final do encontro, exemplares do livro Caf\u00e9 na Amaz\u00f4nia foram entregues para os dirigentes da Seagri e da Emater-RO para que sejam distribu\u00eddos por todo o estado. &#8220;Nosso objetivo \u00e9 que estas recomenda\u00e7\u00f5es e tecnologias cheguem aos t\u00e9cnicos e, consequentemente, aos produtores&#8221;, explicou Alaerto Marcolan, destacando ainda que o livro est\u00e1 dispon\u00edvel gratuitamente no formato digital e pode ser baixado no portal da Embrapa Rond\u00f4nia (<a href=\"http:\/\/www.embrapa.br\/rondonia\">www.embrapa.br\/rondonia<\/a>).<\/p>\n<p>O livro \u00e9 considerado a &#8220;B\u00edblia do caf\u00e9 na Am<\/p>\n<p>az\u00f4nia&#8221;, por reunir e atualizar todo o conhecimento gerado pela Embrapa Rond\u00f4nia em seus 41 anos de exist\u00eancia no estado. A obra, em seus 21 cap\u00edtulos escritos por 54 autores, cont\u00e9m informa\u00e7\u00f5es necess\u00e1rias a todos aqueles que pretendem cultivar ou participar dos esfor\u00e7os para o cultivo do caf\u00e9 na Regi\u00e3o Amaz\u00f4nica. Permite as tomadas de decis\u00e3o do agricultor, em sua planta\u00e7\u00e3o; dos agentes financeiros, respons\u00e1veis pelo financiamento da produ\u00e7\u00e3o; dos estudantes em sua forma\u00e7\u00e3o; do extensionista, na aplica\u00e7\u00e3o das t\u00e9cnicas indicadas. Enfim, uma obra completa e \u00fatil para o desenvolvimento e fortalecimento da cafeicultura na Amaz\u00f4nia, garantindo a competitividade do setor cafeeiro frente \u00e0s demais regi\u00f5es produtoras, em um cen\u00e1rio econ\u00f4mico que exige, cada vez mais, a profissionaliza\u00e7\u00e3o do setor agr\u00e1rio e a efici\u00eancia de utiliza\u00e7\u00e3o de recursos ambientais, econ\u00f4micos e humanos.<\/p>\n<p>O livro tem a parceria da Energia Sustent\u00e1vel do Brasil (ESBR), concession\u00e1ria da Usina Hidrel\u00e9trica (UHE) Jirau; e conta com o apoio do Cons\u00f3rcio Pesquisa Caf\u00e9, coordenado pela Embrapa Caf\u00e9, e da Seagri.<\/p>\n<p>Fonte: Renata Silva<br \/>\nEmbrapa-RO<\/p>\n","protected":false},"excerpt":{"rendered":"<p>A busca por uma agropecu\u00e1ria sustent\u00e1vel no estado de Rond\u00f4nia e a uni\u00e3o de for\u00e7as em prol do fortalecimento do setor, com base no trip\u00e9 Pesquisa-Extens\u00e3o-Assist\u00eancia e na proposi\u00e7\u00e3o de [&hellip;]<\/p>\n","protected":false},"author":9,"featured_media":791,"comment_status":"closed","ping_status":"closed","sticky":false,"template":"","format":"standard","meta":[],"categories":[9,12],"tags":[47,45,46],"_links":{"self":[{"href":"http:\/\/www.emater.ro.gov.br\/ematerro\/wp-json\/wp\/v2\/posts\/790"}],"collection":[{"href":"http:\/\/www.emater.ro.gov.br\/ematerro\/wp-json\/wp\/v2\/posts"}],"about":[{"href":"http:\/\/www.emater.ro.gov.br\/ematerro\/wp-json\/wp\/v2\/types\/post"}],"author":[{"embeddable":true,"href":"http:\/\/www.emater.ro.gov.br\/ematerro\/wp-json\/wp\/v2\/users\/9"}],"replies":[{"embeddable":true,"href":"http:\/\/www.emater.ro.gov.br\/ematerro\/wp-json\/wp\/v2\/comments?post=790"}],"version-history":[{"count":1,"href":"http:\/\/www.emater.ro.gov.br\/ematerro\/wp-json\/wp\/v2\/posts\/790\/revisions"}],"predecessor-version":[{"id":794,"href":"http:\/\/www.emater.ro.gov.br\/ematerro\/wp-json\/wp\/v2\/posts\/790\/revisions\/794"}],"wp:featuredmedia":[{"embeddable":true,"href":"http:\/\/www.emater.ro.gov.br\/ematerro\/wp-json\/wp\/v2\/media\/791"}],"wp:attachment":[{"href":"http:\/\/www.emater.ro.gov.br\/ematerro\/wp-json\/wp\/v2\/media?parent=790"}],"wp:term":[{"taxonomy":"category","embeddable":true,"href":"http:\/\/www.emater.ro.gov.br\/ematerro\/wp-json\/wp\/v2\/categories?post=790"},{"taxonomy":"post_tag","embeddable":true,"href":"http:\/\/www.emater.ro.gov.br\/ematerro\/wp-json\/wp\/v2\/tags?post=790"}],"curies":[{"name":"wp","href":"https:\/\/api.w.org\/{rel}","templated":true}]}}