{"id":7876,"date":"2020-02-18T09:41:30","date_gmt":"2020-02-18T13:41:30","guid":{"rendered":"http:\/\/www.emater.ro.gov.br\/ematerro\/?p=7876"},"modified":"2020-02-19T08:20:36","modified_gmt":"2020-02-19T12:20:36","slug":"volta-das-compras-do-paa-anima-produtores-de-hortalicas-de-porto-velho","status":"publish","type":"post","link":"http:\/\/www.emater.ro.gov.br\/ematerro\/2020\/02\/18\/volta-das-compras-do-paa-anima-produtores-de-hortalicas-de-porto-velho\/","title":{"rendered":"Volta das compras do PAA anima produtores de hortali\u00e7as de Porto Velho"},"content":{"rendered":"<figure id=\"attachment_7879\" aria-describedby=\"caption-attachment-7879\" style=\"width: 1024px\" class=\"wp-caption aligncenter\"><img decoding=\"async\" loading=\"lazy\" class=\"wp-image-7879 size-large\" src=\"http:\/\/www.emater.ro.gov.br\/ematerro\/wp-content\/uploads\/2020\/02\/PAA-setor-chacareiro-PVH-17fev2020-Irene-Mendes-3-1024x681.jpg\" alt=\"PAA setor chacareiro PVH - 17fev2020 Irene Mendes (3)\" width=\"1024\" height=\"681\" srcset=\"http:\/\/www.emater.ro.gov.br\/ematerro\/wp-content\/uploads\/2020\/02\/PAA-setor-chacareiro-PVH-17fev2020-Irene-Mendes-3-1024x681.jpg 1024w, http:\/\/www.emater.ro.gov.br\/ematerro\/wp-content\/uploads\/2020\/02\/PAA-setor-chacareiro-PVH-17fev2020-Irene-Mendes-3-300x199.jpg 300w, http:\/\/www.emater.ro.gov.br\/ematerro\/wp-content\/uploads\/2020\/02\/PAA-setor-chacareiro-PVH-17fev2020-Irene-Mendes-3-768x511.jpg 768w, http:\/\/www.emater.ro.gov.br\/ematerro\/wp-content\/uploads\/2020\/02\/PAA-setor-chacareiro-PVH-17fev2020-Irene-Mendes-3-480x320.jpg 480w\" sizes=\"(max-width: 1024px) 100vw, 1024px\" \/><figcaption id=\"caption-attachment-7879\" class=\"wp-caption-text\"><em>Os agricultores s\u00e3o un\u00e2nimes em reconhecer import\u00e2ncia do trabalho de orienta\u00e7\u00e3o t\u00e9cnica dos extensionistas da Emater-RO<\/em><\/figcaption><\/figure>\n<p>O entorno de Porto Velho tem uma intensa atividade agr\u00edcola que abastece os mercados locais e atende o Programa de Aquisi\u00e7\u00e3o de Alimentos (PAA), mantido pelo governo. Os produtores vivem e trabalham em micro propriedades, onde s\u00e3o produzidas algumas frutas e uma grande quantidade de hortali\u00e7as, especialmente esp\u00e9cies folhosas como alfaces, couves e condimentares, entre elas o cheiro verde, que \u00e9 a jun\u00e7\u00e3o de cebolinha e coentro, ingrediente indispens\u00e1vel na culin\u00e1ria regional.<\/p>\n<p>Um ma\u00e7o de cheiro verde pesa no m\u00e1ximo cem gramas e \u00e9 vendido a pre\u00e7os que chegam a um real, dependendo da \u00e9poca do ano e do tipo de comercializa\u00e7\u00e3o. O jovem rural Lucas dos Santos produz cheiro verde, \u00e9 cadastrado como agricultor familiar e, apesar de ter apenas 21 anos, fez sua Declara\u00e7\u00e3o de Aptid\u00e3o ao Pronaf (DAP). Ele \u00e9 fornecedor do PAA e ficou feliz com a not\u00edcia de que o programa voltou e faz a primeira compra j\u00e1 nesta ter\u00e7a feira (18).<\/p>\n<p>O programa de compra do governo n\u00e3o \u00e9 o principal comprador dos produtos dos agricultores familiares do entorno da capital, mas \u00e9 considerado muito importante por todos eles, porque d\u00e1 vaz\u00e3o a poss\u00edveis excedentes de produ\u00e7\u00e3o e ainda paga pre\u00e7os de varejo pelo produto ofertado.<\/p>\n<figure id=\"attachment_7878\" aria-describedby=\"caption-attachment-7878\" style=\"width: 444px\" class=\"wp-caption alignright\"><img decoding=\"async\" loading=\"lazy\" class=\"wp-image-7878\" src=\"http:\/\/www.emater.ro.gov.br\/ematerro\/wp-content\/uploads\/2020\/02\/PAA-setor-chacareiro-PVH-17fev2020-Irene-Mendes-5.jpg\" alt=\"PAA setor chacareiro PVH - 17fev2020 Irene Mendes (5)\" width=\"444\" height=\"295\" srcset=\"http:\/\/www.emater.ro.gov.br\/ematerro\/wp-content\/uploads\/2020\/02\/PAA-setor-chacareiro-PVH-17fev2020-Irene-Mendes-5.jpg 4512w, http:\/\/www.emater.ro.gov.br\/ematerro\/wp-content\/uploads\/2020\/02\/PAA-setor-chacareiro-PVH-17fev2020-Irene-Mendes-5-300x199.jpg 300w, http:\/\/www.emater.ro.gov.br\/ematerro\/wp-content\/uploads\/2020\/02\/PAA-setor-chacareiro-PVH-17fev2020-Irene-Mendes-5-768x511.jpg 768w, http:\/\/www.emater.ro.gov.br\/ematerro\/wp-content\/uploads\/2020\/02\/PAA-setor-chacareiro-PVH-17fev2020-Irene-Mendes-5-1024x681.jpg 1024w, http:\/\/www.emater.ro.gov.br\/ematerro\/wp-content\/uploads\/2020\/02\/PAA-setor-chacareiro-PVH-17fev2020-Irene-Mendes-5-480x320.jpg 480w\" sizes=\"(max-width: 444px) 100vw, 444px\" \/><figcaption id=\"caption-attachment-7878\" class=\"wp-caption-text\"><em>O cultivo de hortali\u00e7as \u00e9 a principal atividade do agricultores familiares do entorno da capital.<\/em><\/figcaption><\/figure>\n<p>A propriedade vizinha \u00e0 da fam\u00edlia do Lucas pertence \u00e0 Thiago Mateus Constantino, outro jovem agricultor que produz hortali\u00e7as e tamb\u00e9m fornece para o PAA. Thiago comprou sua ch\u00e1cara depois que perdeu o emprego em uma grande empresa, antes ele ajudava um tio no cultivo da horta, apenas nos dias de folga. \u201cAgora tenho mais liberdade, fa\u00e7o meus hor\u00e1rios\u201d, fala o produtor. Ele n\u00e3o diz quanto ganha, mas diz que vende tudo quanto produz e que consegue trabalhar o ano todo, j\u00e1 construiu algumas estufas e est\u00e1 aprendendo as t\u00e9cnicas do cultivo protegido.<\/p>\n<p>Em ambos os casos os jovens agricultores ficam entusiasmados ao falar do aprendizado que est\u00e3o conseguindo e s\u00e3o un\u00e2nimes em reconhecer que, sem o trabalho da Emater-RO, a situa\u00e7\u00e3o seria muito mais dif\u00edcil. \u201cA orienta\u00e7\u00e3o da Emater-RO \u00e9 fundamental no nosso trabalho, sem ela n\u00e3o d\u00e1 pra desenvolver n\u00e3o\u201d, diz o jovem produtor rural Constantino.<\/p>\n<h6 style=\"text-align: right;\"><em>Texto: Enoque de Oliveira<\/em><br \/>\n<em>Fotos: Irene Mendes<\/em><br \/>\n<em>EMATER-RO<\/em><\/h6>\n","protected":false},"excerpt":{"rendered":"<p>O entorno de Porto Velho tem uma intensa atividade agr\u00edcola que abastece os mercados locais e atende o Programa de Aquisi\u00e7\u00e3o de Alimentos (PAA), mantido pelo governo. Os produtores vivem [&hellip;]<\/p>\n","protected":false},"author":8,"featured_media":7877,"comment_status":"closed","ping_status":"closed","sticky":false,"template":"","format":"standard","meta":[],"categories":[10,9,12],"tags":[459,75],"_links":{"self":[{"href":"http:\/\/www.emater.ro.gov.br\/ematerro\/wp-json\/wp\/v2\/posts\/7876"}],"collection":[{"href":"http:\/\/www.emater.ro.gov.br\/ematerro\/wp-json\/wp\/v2\/posts"}],"about":[{"href":"http:\/\/www.emater.ro.gov.br\/ematerro\/wp-json\/wp\/v2\/types\/post"}],"author":[{"embeddable":true,"href":"http:\/\/www.emater.ro.gov.br\/ematerro\/wp-json\/wp\/v2\/users\/8"}],"replies":[{"embeddable":true,"href":"http:\/\/www.emater.ro.gov.br\/ematerro\/wp-json\/wp\/v2\/comments?post=7876"}],"version-history":[{"count":7,"href":"http:\/\/www.emater.ro.gov.br\/ematerro\/wp-json\/wp\/v2\/posts\/7876\/revisions"}],"predecessor-version":[{"id":7886,"href":"http:\/\/www.emater.ro.gov.br\/ematerro\/wp-json\/wp\/v2\/posts\/7876\/revisions\/7886"}],"wp:featuredmedia":[{"embeddable":true,"href":"http:\/\/www.emater.ro.gov.br\/ematerro\/wp-json\/wp\/v2\/media\/7877"}],"wp:attachment":[{"href":"http:\/\/www.emater.ro.gov.br\/ematerro\/wp-json\/wp\/v2\/media?parent=7876"}],"wp:term":[{"taxonomy":"category","embeddable":true,"href":"http:\/\/www.emater.ro.gov.br\/ematerro\/wp-json\/wp\/v2\/categories?post=7876"},{"taxonomy":"post_tag","embeddable":true,"href":"http:\/\/www.emater.ro.gov.br\/ematerro\/wp-json\/wp\/v2\/tags?post=7876"}],"curies":[{"name":"wp","href":"https:\/\/api.w.org\/{rel}","templated":true}]}}