{"id":7824,"date":"2020-02-05T16:04:42","date_gmt":"2020-02-05T20:04:42","guid":{"rendered":"http:\/\/www.emater.ro.gov.br\/ematerro\/?p=7824"},"modified":"2020-02-19T12:24:56","modified_gmt":"2020-02-19T16:24:56","slug":"alinhamento-das-acoes-de-ater-visa-abrir-novos-caminhos-para-o-fortalecimento-da-agricultura-familiar-no-estado","status":"publish","type":"post","link":"http:\/\/www.emater.ro.gov.br\/ematerro\/2020\/02\/05\/alinhamento-das-acoes-de-ater-visa-abrir-novos-caminhos-para-o-fortalecimento-da-agricultura-familiar-no-estado\/","title":{"rendered":"Alinhamento das a\u00e7\u00f5es de Ater visa abrir novos caminhos para o fortalecimento da agricultura familiar no estado"},"content":{"rendered":"<div>\n<div>Para garantir o cumprimento das a\u00e7\u00f5es do <a href=\"http:\/\/www.emater.ro.gov.br\/ematerro\/wp-content\/uploads\/2020\/02\/Book-Rondonia-V12.pdf\"><span style=\"color: #0000ff;\"><strong>plano estrat\u00e9gico de Rond\u00f4nia<\/strong><\/span><\/a> para o fortalecimento dos servi\u00e7os de assist\u00eancia t\u00e9cnica e extens\u00e3o rural (Ater) e alinhar as a\u00e7\u00f5es para o exerc\u00edcio de 2020, a diretoria da Emater-RO reuniu, nesta quarta-feira (5), no centro de treinamento da autarquia, sua equipe de gerentes, supervisores, assessores e administrativos regionais. A proposta \u00e9 seguir a pol\u00edtica de governo do estado em dar um novo norte e promover a\u00e7\u00f5es que garantam ao produtor rural condi\u00e7\u00f5es de produzir com qualidade e efici\u00eancia e que resultem na melhoria da qualidade de vida e bem estar de sua fam\u00edlia.<\/div>\n<div><\/div>\n<div>\n<figure id=\"attachment_7828\" aria-describedby=\"caption-attachment-7828\" style=\"width: 1000px\" class=\"wp-caption aligncenter\"><img decoding=\"async\" loading=\"lazy\" class=\"size-full wp-image-7828\" src=\"http:\/\/www.emater.ro.gov.br\/ematerro\/wp-content\/uploads\/2020\/02\/Alinhamento-das-acoes-de-Ater-05fev2020_002-foto-IRENE-MENDES.jpg\" alt=\"Todos os escrit\u00f3rios daEmater-RO dever\u00e3o estar alinhados com as novas estrat\u00e9gias.\" width=\"1000\" height=\"664\" srcset=\"http:\/\/www.emater.ro.gov.br\/ematerro\/wp-content\/uploads\/2020\/02\/Alinhamento-das-acoes-de-Ater-05fev2020_002-foto-IRENE-MENDES.jpg 1000w, http:\/\/www.emater.ro.gov.br\/ematerro\/wp-content\/uploads\/2020\/02\/Alinhamento-das-acoes-de-Ater-05fev2020_002-foto-IRENE-MENDES-300x199.jpg 300w, http:\/\/www.emater.ro.gov.br\/ematerro\/wp-content\/uploads\/2020\/02\/Alinhamento-das-acoes-de-Ater-05fev2020_002-foto-IRENE-MENDES-768x510.jpg 768w, http:\/\/www.emater.ro.gov.br\/ematerro\/wp-content\/uploads\/2020\/02\/Alinhamento-das-acoes-de-Ater-05fev2020_002-foto-IRENE-MENDES-480x320.jpg 480w\" sizes=\"(max-width: 1000px) 100vw, 1000px\" \/><figcaption id=\"caption-attachment-7828\" class=\"wp-caption-text\">Todos os escrit\u00f3rios da Emater-RO dever\u00e3o estar alinhados com as novas estrat\u00e9gias.<\/figcaption><\/figure>\n<p>Ao apresentar os objetivos da reuni\u00e3o, o diretor-presidente da Emater-RO, Luciano Brand\u00e3o enfatizou a necessidade de todos os escrit\u00f3rios estarem alinhados e todos os colaboradores empenhados em seguir as determina\u00e7\u00f5es que ser\u00e3o definidas at\u00e9 o final do encontro a fim de obter resultados cada vez melhores para os produtores rurais. Luciano falou ainda que a institui\u00e7\u00e3o teve um crescimento significativo de a\u00e7\u00f5es a serem desenvolvidas, e que, apesar de algumas a\u00e7\u00f5es terem superados as expectativas, ainda \u00e9 preciso avan\u00e7ar em alguns setores.<\/p>\n<\/div>\n<div><\/div>\n<div>Durante as atividades, a diretoria administrativa e financeira (Diafi) apresentou o or\u00e7amento da Emater-RO para 2020, cerca de 86 milh\u00f5es de reais para atender aos programas de gest\u00e3o administrativa do poder executivo, op\u00e7\u00f5es especiais e fortalecimento da agricultura familiar, definidos no plano plurianual (PPA) do governo estadual e priorizado na Lei de Diretrizes Or\u00e7ament\u00e1rias (LDO) do estado.<\/div>\n<div><\/div>\n<div>\n<figure id=\"attachment_7829\" aria-describedby=\"caption-attachment-7829\" style=\"width: 400px\" class=\"wp-caption alignleft\"><img decoding=\"async\" loading=\"lazy\" class=\"wp-image-7829\" src=\"http:\/\/www.emater.ro.gov.br\/ematerro\/wp-content\/uploads\/2020\/02\/Alinhamento-das-acoes-de-Ater-05fev2020_004-foto-IRENE-MENDES.jpg\" alt=\"Compromisso de repassar aos colaboradores as estrat\u00e9gias pr\u00e9-definidas.\" width=\"400\" height=\"266\" srcset=\"http:\/\/www.emater.ro.gov.br\/ematerro\/wp-content\/uploads\/2020\/02\/Alinhamento-das-acoes-de-Ater-05fev2020_004-foto-IRENE-MENDES.jpg 1000w, http:\/\/www.emater.ro.gov.br\/ematerro\/wp-content\/uploads\/2020\/02\/Alinhamento-das-acoes-de-Ater-05fev2020_004-foto-IRENE-MENDES-300x199.jpg 300w, http:\/\/www.emater.ro.gov.br\/ematerro\/wp-content\/uploads\/2020\/02\/Alinhamento-das-acoes-de-Ater-05fev2020_004-foto-IRENE-MENDES-768x510.jpg 768w, http:\/\/www.emater.ro.gov.br\/ematerro\/wp-content\/uploads\/2020\/02\/Alinhamento-das-acoes-de-Ater-05fev2020_004-foto-IRENE-MENDES-480x320.jpg 480w\" sizes=\"(max-width: 400px) 100vw, 400px\" \/><figcaption id=\"caption-attachment-7829\" class=\"wp-caption-text\">Compromisso de repassar aos colaboradores as estrat\u00e9gias pr\u00e9-definidas.<\/figcaption><\/figure>\n<p>As gest\u00f5es t\u00e9cnicas foram explanadas pela equipe da diretoria t\u00e9cnica e de planejamento (Ditep) que apresentou as estrat\u00e9gias de gest\u00e3o para o exerc\u00edcio de 2020 e os programas e projetos que est\u00e3o sendo trabalhados pela Emater-RO, dentre eles o cr\u00e9dito rural, uma das ferramentas de arrecada\u00e7\u00e3o da autarquia. Coordeanada pela Gerencia de Desenvolvimento Pessoal (Gedep), a programa\u00e7\u00e3o da reuni\u00e3o t\u00e9cnica para alinhamento das a\u00e7\u00f5es de Aterpara o exerc\u00edcio 2020 segue at\u00e9 sexta-feira (7), quando ser\u00e3o apresentadas as atividades das demais gerencias e ser\u00e1 finalizada com a realizada de uma oficina para opera\u00e7\u00e3o do sistema de gerenciamento de Assist\u00eancia T\u00e9cnica e Extens\u00e3o Rural (Sigater).<\/p>\n<\/div>\n<div><\/div>\n<div>Depois de encerradas as atividades, os participantes ter\u00e3o o compromisso de levar aos colaboradores de seus escrit\u00f3rios as estrat\u00e9gias pr\u00e9-definidas durante o encontro. Com essas a\u00e7\u00f5es busca-se dar um novo direcionamento aos servi\u00e7os de Ater no estado, primando pela qualidade e efici\u00eancia, com resultados satisfat\u00f3rios para todos os segmentos da cadeia produtiva.<\/div>\n<h6 style=\"text-align: right;\"><em>Texto: Wania Ressutti<\/em><br \/>\n<em>Jornalista \u2013 MTE-1744\/RO<\/em><br \/>\n<em>Fotos: Irene Mendes<\/em><br \/>\n<em>Rep\u00f3rter fotogr\u00e1fica \u2013 MTE-368\/RO<\/em><br \/>\n<em>EMATER-RO<\/em><\/h6>\n<\/div>\n","protected":false},"excerpt":{"rendered":"<p>Para garantir o cumprimento das a\u00e7\u00f5es do plano estrat\u00e9gico de Rond\u00f4nia para o fortalecimento dos servi\u00e7os de assist\u00eancia t\u00e9cnica e extens\u00e3o rural (Ater) e alinhar as a\u00e7\u00f5es para o exerc\u00edcio [&hellip;]<\/p>\n","protected":false},"author":9,"featured_media":7827,"comment_status":"closed","ping_status":"closed","sticky":false,"template":"","format":"standard","meta":[],"categories":[10,9,12],"tags":[457,222,456],"_links":{"self":[{"href":"http:\/\/www.emater.ro.gov.br\/ematerro\/wp-json\/wp\/v2\/posts\/7824"}],"collection":[{"href":"http:\/\/www.emater.ro.gov.br\/ematerro\/wp-json\/wp\/v2\/posts"}],"about":[{"href":"http:\/\/www.emater.ro.gov.br\/ematerro\/wp-json\/wp\/v2\/types\/post"}],"author":[{"embeddable":true,"href":"http:\/\/www.emater.ro.gov.br\/ematerro\/wp-json\/wp\/v2\/users\/9"}],"replies":[{"embeddable":true,"href":"http:\/\/www.emater.ro.gov.br\/ematerro\/wp-json\/wp\/v2\/comments?post=7824"}],"version-history":[{"count":11,"href":"http:\/\/www.emater.ro.gov.br\/ematerro\/wp-json\/wp\/v2\/posts\/7824\/revisions"}],"predecessor-version":[{"id":7912,"href":"http:\/\/www.emater.ro.gov.br\/ematerro\/wp-json\/wp\/v2\/posts\/7824\/revisions\/7912"}],"wp:featuredmedia":[{"embeddable":true,"href":"http:\/\/www.emater.ro.gov.br\/ematerro\/wp-json\/wp\/v2\/media\/7827"}],"wp:attachment":[{"href":"http:\/\/www.emater.ro.gov.br\/ematerro\/wp-json\/wp\/v2\/media?parent=7824"}],"wp:term":[{"taxonomy":"category","embeddable":true,"href":"http:\/\/www.emater.ro.gov.br\/ematerro\/wp-json\/wp\/v2\/categories?post=7824"},{"taxonomy":"post_tag","embeddable":true,"href":"http:\/\/www.emater.ro.gov.br\/ematerro\/wp-json\/wp\/v2\/tags?post=7824"}],"curies":[{"name":"wp","href":"https:\/\/api.w.org\/{rel}","templated":true}]}}