{"id":7785,"date":"2020-01-31T10:56:09","date_gmt":"2020-01-31T14:56:09","guid":{"rendered":"http:\/\/www.emater.ro.gov.br\/ematerro\/?p=7785"},"modified":"2020-01-31T11:59:12","modified_gmt":"2020-01-31T15:59:12","slug":"exposicao-de-agroindustria-e-artesanato","status":"publish","type":"post","link":"http:\/\/www.emater.ro.gov.br\/ematerro\/2020\/01\/31\/exposicao-de-agroindustria-e-artesanato\/","title":{"rendered":"Exposi\u00e7\u00e3o de Agroind\u00fastria e Artesanato ganha calend\u00e1rio permanente"},"content":{"rendered":"<p><img decoding=\"async\" loading=\"lazy\" class=\" wp-image-7789 alignleft\" src=\"http:\/\/www.emater.ro.gov.br\/ematerro\/wp-content\/uploads\/2020\/01\/feira-public-1.jpg\" alt=\"feira-public\" width=\"382\" height=\"239\" srcset=\"http:\/\/www.emater.ro.gov.br\/ematerro\/wp-content\/uploads\/2020\/01\/feira-public-1.jpg 1000w, http:\/\/www.emater.ro.gov.br\/ematerro\/wp-content\/uploads\/2020\/01\/feira-public-1-300x188.jpg 300w, http:\/\/www.emater.ro.gov.br\/ematerro\/wp-content\/uploads\/2020\/01\/feira-public-1-768x480.jpg 768w\" sizes=\"(max-width: 382px) 100vw, 382px\" \/>Est\u00e1 sendo realizada nesta sexta feira, no estacionamento Pirarucu do Pal\u00e1cio Rio Madeira, a segunda edi\u00e7\u00e3o da Exposi\u00e7\u00e3o de produtos da agroind\u00fastria e artesanato de Rond\u00f4nia, a exposi\u00e7\u00e3o tem caracter\u00edstica de feira livre, e \u00e9 organizado pela Secretaria de Estado da Agricultura (Seagri) a pedido do governador Marcos Rocha.<\/p>\n<p>Os expositores s\u00e3o os pr\u00f3prios produtores, que trouxeram uma vasta variedade de produtos aliment\u00edcios processados, como caf\u00e9, torrado e mo\u00eddo, diferentes tipos de chocolates e am\u00eandoas torradas de cacau, prontas para consumo. Tamb\u00e9m h\u00e1 na exposi\u00e7\u00e3o uma grande oferta de produtos de latic\u00ednios, embutidos de carne, e produtos ap\u00edcolas, entre outros produtos alimentares e bebidas.<br \/>\nNuma outra vertente produtiva, o visitante encontra grande variedade de artesanato, em tecido, fibras e madeiras, tanto utilidades dom\u00e9sticas como brinquedos, principalmente bonecas de pano e carrinhos de madeira, artisticamente produzidos.<img decoding=\"async\" loading=\"lazy\" class=\" wp-image-7788 alignright\" src=\"http:\/\/www.emater.ro.gov.br\/ematerro\/wp-content\/uploads\/2020\/01\/feira-public1.jpg\" alt=\"feira-public1\" width=\"340\" height=\"213\" srcset=\"http:\/\/www.emater.ro.gov.br\/ematerro\/wp-content\/uploads\/2020\/01\/feira-public1.jpg 1000w, http:\/\/www.emater.ro.gov.br\/ematerro\/wp-content\/uploads\/2020\/01\/feira-public1-300x188.jpg 300w, http:\/\/www.emater.ro.gov.br\/ematerro\/wp-content\/uploads\/2020\/01\/feira-public1-768x480.jpg 768w\" sizes=\"(max-width: 340px) 100vw, 340px\" \/><br \/>\nLogo no in\u00edcio da manh\u00e3 houve visita\u00e7\u00e3o de autoridades aos stands de venda e naturalmente um forte fluxo de servidores que ainda est\u00e3o indo visitar a exposi\u00e7\u00e3o para adquirir produtos para um lanche r\u00e1pido, e tamb\u00e9m para levar para casa.<\/p>\n<p>Os participantes expositores vieram de munic\u00edpios de todas as regi\u00f5es do Estado, e est\u00e3o dispostos a se tornar ass\u00edduos, acompanhando o calend\u00e1rio da exposi\u00e7\u00e3o definido pela Seagri, para acontecer sempre \u00e0s sextas feiras subsequentes ao pagamento do sal\u00e1rio dos empregados do Estado, disse Victor Paiva, coordenador da exposi\u00e7\u00e3o no \u00e2mbito da Seagri.<\/p>\n<p>&nbsp;<\/p>\n<p style=\"text-align: right;\"><em>Texto: Enoque de Oliveira<\/em><\/p>\n<p style=\"text-align: right;\"><em>Fotos: Irene Mendes e Robson Paiva <\/em><\/p>\n","protected":false},"excerpt":{"rendered":"<p>Est\u00e1 sendo realizada nesta sexta feira, no estacionamento Pirarucu do Pal\u00e1cio Rio Madeira, a segunda edi\u00e7\u00e3o da Exposi\u00e7\u00e3o de produtos da agroind\u00fastria e artesanato de Rond\u00f4nia, a exposi\u00e7\u00e3o tem caracter\u00edstica [&hellip;]<\/p>\n","protected":false},"author":8,"featured_media":7786,"comment_status":"closed","ping_status":"closed","sticky":false,"template":"","format":"standard","meta":[],"categories":[9,12],"tags":[195],"_links":{"self":[{"href":"http:\/\/www.emater.ro.gov.br\/ematerro\/wp-json\/wp\/v2\/posts\/7785"}],"collection":[{"href":"http:\/\/www.emater.ro.gov.br\/ematerro\/wp-json\/wp\/v2\/posts"}],"about":[{"href":"http:\/\/www.emater.ro.gov.br\/ematerro\/wp-json\/wp\/v2\/types\/post"}],"author":[{"embeddable":true,"href":"http:\/\/www.emater.ro.gov.br\/ematerro\/wp-json\/wp\/v2\/users\/8"}],"replies":[{"embeddable":true,"href":"http:\/\/www.emater.ro.gov.br\/ematerro\/wp-json\/wp\/v2\/comments?post=7785"}],"version-history":[{"count":4,"href":"http:\/\/www.emater.ro.gov.br\/ematerro\/wp-json\/wp\/v2\/posts\/7785\/revisions"}],"predecessor-version":[{"id":7802,"href":"http:\/\/www.emater.ro.gov.br\/ematerro\/wp-json\/wp\/v2\/posts\/7785\/revisions\/7802"}],"wp:featuredmedia":[{"embeddable":true,"href":"http:\/\/www.emater.ro.gov.br\/ematerro\/wp-json\/wp\/v2\/media\/7786"}],"wp:attachment":[{"href":"http:\/\/www.emater.ro.gov.br\/ematerro\/wp-json\/wp\/v2\/media?parent=7785"}],"wp:term":[{"taxonomy":"category","embeddable":true,"href":"http:\/\/www.emater.ro.gov.br\/ematerro\/wp-json\/wp\/v2\/categories?post=7785"},{"taxonomy":"post_tag","embeddable":true,"href":"http:\/\/www.emater.ro.gov.br\/ematerro\/wp-json\/wp\/v2\/tags?post=7785"}],"curies":[{"name":"wp","href":"https:\/\/api.w.org\/{rel}","templated":true}]}}