{"id":7365,"date":"2019-11-18T11:51:02","date_gmt":"2019-11-18T15:51:02","guid":{"rendered":"http:\/\/www.emater.ro.gov.br\/ematerro\/?p=7365"},"modified":"2019-11-18T11:51:02","modified_gmt":"2019-11-18T15:51:02","slug":"ji-parana-recebera-fabrica-de-gelo-para-atender-pescadores-e-piscicultores","status":"publish","type":"post","link":"http:\/\/www.emater.ro.gov.br\/ematerro\/2019\/11\/18\/ji-parana-recebera-fabrica-de-gelo-para-atender-pescadores-e-piscicultores\/","title":{"rendered":"Ji-Paran\u00e1 receber\u00e1 f\u00e1brica de gelo para atender pescadores e piscicultores"},"content":{"rendered":"<p>Pescadores e piscicultores de Ji-Paran\u00e1 ser\u00e3o beneficiados com uma fabrica de gelo para apoiar a produ\u00e7\u00e3o de peixes da piscicultura local, e principalmente garantir o armazenamento do pescado da col\u00f4nia de pescadores do munic\u00edpio.<br \/>\nA f\u00e1brica est\u00e1 sendo adquirida pelo governo de Rond\u00f4nia atrav\u00e9s de emenda parlamentar apresentada pelo deputado Marcelo Cruz. A orienta\u00e7\u00e3o t\u00e9cnica para dimensionamento e compra do equipamento, bem como, a operacionalidade de instala\u00e7\u00e3o ser\u00e1 da Emater-RO.<\/p>\n<figure id=\"attachment_7496\" aria-describedby=\"caption-attachment-7496\" style=\"width: 1000px\" class=\"wp-caption aligncenter\"><img decoding=\"async\" loading=\"lazy\" class=\"size-full wp-image-7496\" src=\"http:\/\/www.emater.ro.gov.br\/ematerro\/wp-content\/uploads\/2019\/11\/Fabrica-de-gelo-peixe-1.jpg\" alt=\"A f\u00e1brica de gelo incrementar\u00e1 as a\u00e7\u00f5es para o fortalecimento da gest\u00e3o pesqueira e aquicola.\" width=\"1000\" height=\"611\" srcset=\"http:\/\/www.emater.ro.gov.br\/ematerro\/wp-content\/uploads\/2019\/11\/Fabrica-de-gelo-peixe-1.jpg 1000w, http:\/\/www.emater.ro.gov.br\/ematerro\/wp-content\/uploads\/2019\/11\/Fabrica-de-gelo-peixe-1-300x183.jpg 300w, http:\/\/www.emater.ro.gov.br\/ematerro\/wp-content\/uploads\/2019\/11\/Fabrica-de-gelo-peixe-1-768x469.jpg 768w\" sizes=\"(max-width: 1000px) 100vw, 1000px\" \/><figcaption id=\"caption-attachment-7496\" class=\"wp-caption-text\">A f\u00e1brica de gelo incrementar\u00e1 as a\u00e7\u00f5es para o fortalecimento da gest\u00e3o pesqueira e aquicola.<\/figcaption><\/figure>\n<p>Nesta quinta-feira o vice-presidente da Emater-RO Jose de Arimat\u00e9ia se reuniu com os vereadores Josiel Brito e Joaquim Teixeira do munic\u00edpio de Ji-Paran\u00e1 para inform\u00e1-los do andamento do processo de compra do equipamento industrial, que foi licitado pela Emater-RO e que ter\u00e1 capacidade de produ\u00e7\u00e3o de cinco toneladas e meia de gelo por dia.<\/p>\n<p>Al\u00e9m da fabrica de gelo os produtores e pescadores receber\u00e3o um silo para armazenamento de peixes com<\/p>\n<figure id=\"attachment_7498\" aria-describedby=\"caption-attachment-7498\" style=\"width: 326px\" class=\"wp-caption alignright\"><img decoding=\"async\" loading=\"lazy\" class=\"wp-image-7498\" src=\"http:\/\/www.emater.ro.gov.br\/ematerro\/wp-content\/uploads\/2019\/11\/Fabrica-de-gelo-peixe-3.jpg\" alt=\"A f\u00e1brica est\u00e1 sendo adquirida pelo governo de Rond\u00f4nia atrav\u00e9s de emenda parlamentar.\" width=\"326\" height=\"204\" srcset=\"http:\/\/www.emater.ro.gov.br\/ematerro\/wp-content\/uploads\/2019\/11\/Fabrica-de-gelo-peixe-3.jpg 370w, http:\/\/www.emater.ro.gov.br\/ematerro\/wp-content\/uploads\/2019\/11\/Fabrica-de-gelo-peixe-3-300x187.jpg 300w\" sizes=\"(max-width: 326px) 100vw, 326px\" \/><figcaption id=\"caption-attachment-7498\" class=\"wp-caption-text\"><em>A f\u00e1brica est\u00e1 sendo adquirida pelo governo de Rond\u00f4nia atrav\u00e9s de emenda parlamentar.<\/em><\/figcaption><\/figure>\n<p>aproximadamente 30 metros c\u00fabicos e capacidade de armazenamento de 15 toneladas de peixes, toda essa infra-estrutura ser\u00e1 administrada pela Col\u00f4nia de Pescadores Z-9, e alocada na carga patrimonial do munic\u00edpio de Ji-Paran\u00e1.<\/p>\n<p>A f\u00e1brica de gelo incrementar\u00e1 as a\u00e7\u00f5es para o fortalecimento da gest\u00e3o pesqueira e a aq\u00fcicultura, com ineg\u00e1vel reflexos na oferta de pescado para popula\u00e7\u00e3o urbana e melhoria na qualidade de vida dos pescadores e piscicultores, porque ser\u00e3o beneficiados com a redu\u00e7\u00e3o dos custos na compra de gelo e a produ\u00e7\u00e3o poder\u00e1 ser preservada por mais tempo, melhorando as condi\u00e7\u00f5es de comercializa\u00e7\u00e3o do produto e com menor press\u00e3o da perecividade produto.<\/p>\n<h6 style=\"text-align: right;\"><em>Texto: Enoque Gon\u00e7alves de Oliveira<\/em><br \/>\n<em>Fotos: <\/em><em>Emater-RO<\/em><\/h6>\n","protected":false},"excerpt":{"rendered":"<p>Pescadores e piscicultores de Ji-Paran\u00e1 ser\u00e3o beneficiados com uma fabrica de gelo para apoiar a produ\u00e7\u00e3o de peixes da piscicultura local, e principalmente garantir o armazenamento do pescado da col\u00f4nia [&hellip;]<\/p>\n","protected":false},"author":9,"featured_media":7497,"comment_status":"closed","ping_status":"closed","sticky":false,"template":"","format":"standard","meta":[],"categories":[10,9,12],"tags":[],"_links":{"self":[{"href":"http:\/\/www.emater.ro.gov.br\/ematerro\/wp-json\/wp\/v2\/posts\/7365"}],"collection":[{"href":"http:\/\/www.emater.ro.gov.br\/ematerro\/wp-json\/wp\/v2\/posts"}],"about":[{"href":"http:\/\/www.emater.ro.gov.br\/ematerro\/wp-json\/wp\/v2\/types\/post"}],"author":[{"embeddable":true,"href":"http:\/\/www.emater.ro.gov.br\/ematerro\/wp-json\/wp\/v2\/users\/9"}],"replies":[{"embeddable":true,"href":"http:\/\/www.emater.ro.gov.br\/ematerro\/wp-json\/wp\/v2\/comments?post=7365"}],"version-history":[{"count":3,"href":"http:\/\/www.emater.ro.gov.br\/ematerro\/wp-json\/wp\/v2\/posts\/7365\/revisions"}],"predecessor-version":[{"id":7499,"href":"http:\/\/www.emater.ro.gov.br\/ematerro\/wp-json\/wp\/v2\/posts\/7365\/revisions\/7499"}],"wp:featuredmedia":[{"embeddable":true,"href":"http:\/\/www.emater.ro.gov.br\/ematerro\/wp-json\/wp\/v2\/media\/7497"}],"wp:attachment":[{"href":"http:\/\/www.emater.ro.gov.br\/ematerro\/wp-json\/wp\/v2\/media?parent=7365"}],"wp:term":[{"taxonomy":"category","embeddable":true,"href":"http:\/\/www.emater.ro.gov.br\/ematerro\/wp-json\/wp\/v2\/categories?post=7365"},{"taxonomy":"post_tag","embeddable":true,"href":"http:\/\/www.emater.ro.gov.br\/ematerro\/wp-json\/wp\/v2\/tags?post=7365"}],"curies":[{"name":"wp","href":"https:\/\/api.w.org\/{rel}","templated":true}]}}