{"id":7363,"date":"2019-11-18T11:22:52","date_gmt":"2019-11-18T15:22:52","guid":{"rendered":"http:\/\/www.emater.ro.gov.br\/ematerro\/?p=7363"},"modified":"2019-11-18T11:22:52","modified_gmt":"2019-11-18T15:22:52","slug":"empregados-da-emater-ro-elegem-representante-para-compor-conselho-administracao","status":"publish","type":"post","link":"http:\/\/www.emater.ro.gov.br\/ematerro\/2019\/11\/18\/empregados-da-emater-ro-elegem-representante-para-compor-conselho-administracao\/","title":{"rendered":"Empregados da Emater-RO elegem representante para compor Conselho Administra\u00e7\u00e3o"},"content":{"rendered":"<p>Nesta \u00faltima ter\u00e7a-feira (5), os empregados da Emater-RO conheceram o resultado da elei\u00e7\u00e3o que definiu o representante da Emater-RO no Conselho de Administra\u00e7\u00e3o da autarquia. A apura\u00e7\u00e3o dos votos, previamente marcado para o dia 28 de outubro, s\u00f3 pode ser realizada ontem devido ao atraso da entrega das urnas da regi\u00e3o de S\u00e3o Francisco do Guapor\u00e9, por parte do correio, conforme aviso publicado no Di\u00e1rio Oficial do Estado n\u00ba 206 de 04\/11\/2019. O eleito, com 71,03% dos votos v\u00e1lidos foi Jurandir Pereira de Moura.<\/p>\n<p><img decoding=\"async\" loading=\"lazy\" class=\"wp-image-7494 size-full aligncenter\" src=\"http:\/\/www.emater.ro.gov.br\/ematerro\/wp-content\/uploads\/2019\/11\/ELEICAO-MEMBRO-CONSELHO-2019-3-1.jpg\" width=\"1000\" height=\"625\" srcset=\"http:\/\/www.emater.ro.gov.br\/ematerro\/wp-content\/uploads\/2019\/11\/ELEICAO-MEMBRO-CONSELHO-2019-3-1.jpg 1000w, http:\/\/www.emater.ro.gov.br\/ematerro\/wp-content\/uploads\/2019\/11\/ELEICAO-MEMBRO-CONSELHO-2019-3-1-300x188.jpg 300w, http:\/\/www.emater.ro.gov.br\/ematerro\/wp-content\/uploads\/2019\/11\/ELEICAO-MEMBRO-CONSELHO-2019-3-1-768x480.jpg 768w\" sizes=\"(max-width: 1000px) 100vw, 1000px\" \/><\/p>\n<p>Desde sua altera\u00e7\u00e3o jur\u00eddica para empresa (Lei 3139\/2013) e, posteriormente para entidade aut\u00e1rquica (Lei 3308\/2014), a Emater-RO \u00e9 administrada por um conselho composto por, sete membros, dentre os quais s\u00e3o membros natos os titulares das pastas das Secretarias de Estado: da Agricultura, Pecu\u00e1ria, e Regulariza\u00e7\u00e3o Fundi\u00e1ria, como presidente do Conselho; de Desenvolvimento Econ\u00f4mico e Social; do Planejamento e Coordena\u00e7\u00e3o Geral; de Finan\u00e7as; de Administra\u00e7\u00e3o; e de Desenvolvimento Ambiental. O s\u00e9timo membro deve ser um representante dos empregados da Emater-RO, eleito pela categoria, para um mandato de dois anos, sendo permitida a sua recondu\u00e7\u00e3o.<\/p>\n<p>O processo eleitoral para escolha do leg\u00edtimo representante da Emater-RO junto ao Conselho de Administra\u00e7\u00e3o contou com dois candidatos: Jurandir Pereira de Moura, atual presidente da Associa\u00e7\u00e3o dos Empregados da Emater-RO (Asser), e Marcelo Nogueira, extensionista da Emater-RO atualmente lotado no escrit\u00f3rio local de S\u00e3o Miguel do Guapor\u00e9. A comiss\u00e3o eleitoral foi formada por tr\u00eas membros sendo o representante da presid\u00eancia. Dr. Hermes Jos\u00e9 Dias Filho, o representante do Sindico dos Empregados da Emater-RO, Jos\u00e9 Edny de Lima Ramos, e o representante da Associa\u00e7\u00e3o dos Empregados da Emater-RO, Jos\u00e9 \u00c2ngelo do Nascimento.<\/p>\n<figure id=\"attachment_7492\" aria-describedby=\"caption-attachment-7492\" style=\"width: 218px\" class=\"wp-caption alignright\"><img decoding=\"async\" loading=\"lazy\" class=\"wp-image-7492\" src=\"http:\/\/www.emater.ro.gov.br\/ematerro\/wp-content\/uploads\/2019\/11\/Jurandir-Pereira-002.jpg\" alt=\"Jurandir Pereira de Moura foi eleito com 71,03% dos votos v\u00e1lidos.\" width=\"218\" height=\"300\" srcset=\"http:\/\/www.emater.ro.gov.br\/ematerro\/wp-content\/uploads\/2019\/11\/Jurandir-Pereira-002.jpg 726w, http:\/\/www.emater.ro.gov.br\/ematerro\/wp-content\/uploads\/2019\/11\/Jurandir-Pereira-002-218x300.jpg 218w\" sizes=\"(max-width: 218px) 100vw, 218px\" \/><figcaption id=\"caption-attachment-7492\" class=\"wp-caption-text\">Jurandir Pereira de Moura foi eleito com 71,03% dos votos v\u00e1lidos.<\/figcaption><\/figure>\n<p>Segundo o presidente da Comiss\u00e3o Eleitoral, Dr. Hermes Jos\u00e9 Dias Filho, procurador aut\u00e1rquico da Emater-RO, as elei\u00e7\u00f5es ocorreram de forma tranquila, sendo que apenas 21,58% dos empregados n\u00e3o compareceram \u00e0s urnas para vota\u00e7\u00e3o. Dos 770 votos constantes das urnas, 756 foram considerados v\u00e1lidos, enquanto 13 foram anulados e um voto em branco. Jurandir Pereira de Moura foi eleito com 71,03% (537) dos votos v\u00e1lidos e Marcelo Nogueira teve 28,97% (213) dos votos v\u00e1lidos.<\/p>\n<p>N\u00e3o \u00e9 a primeira vez que Jurandir representa os empregados da Emater-RO no Conselho de Administra\u00e7\u00e3o, sendo que em elei\u00e7\u00f5es anteriores, ele foi eleito por aclama\u00e7\u00e3o. Nesta \u00faltima elei\u00e7\u00e3o o presidente da Asser foi eleito por voto direto, legitimando sua representa\u00e7\u00e3o junto ao \u00f3rg\u00e3o que administra a autarquia.<\/p>\n<p>Jurandir Pereira representar\u00e1 a categoria nos pr\u00f3ximos dois anos, quando ent\u00e3o dever\u00e1 ser realizada outra elei\u00e7\u00e3o para escolha do novo representante, podendo ser reconduzido ao cargo se eleito novamente. Para Jurandir, sua postura continuar\u00e1 a mesma, defendendo sempre as posi\u00e7\u00f5es do empregado, sendo sua voz e levando suas demandas para discuss\u00e3o junto ao Conselho, como tamb\u00e9m levar aos empregados as decis\u00f5es tomadas pelo \u00f3rg\u00e3o.<\/p>\n<h6 style=\"text-align: right;\"><em>Texto: Wania Ressutti<\/em><br \/>\n<em>Jornalista \u2013 MTE-1744\/RO<\/em><br \/>\n<em>Fotos: Comiss\u00e3o eleitoral\/EMATER-RO<\/em><\/h6>\n","protected":false},"excerpt":{"rendered":"<p>Nesta \u00faltima ter\u00e7a-feira (5), os empregados da Emater-RO conheceram o resultado da elei\u00e7\u00e3o que definiu o representante da Emater-RO no Conselho de Administra\u00e7\u00e3o da autarquia. A apura\u00e7\u00e3o dos votos, previamente [&hellip;]<\/p>\n","protected":false},"author":9,"featured_media":7493,"comment_status":"closed","ping_status":"closed","sticky":false,"template":"","format":"standard","meta":[],"categories":[10,9,12],"tags":[],"_links":{"self":[{"href":"http:\/\/www.emater.ro.gov.br\/ematerro\/wp-json\/wp\/v2\/posts\/7363"}],"collection":[{"href":"http:\/\/www.emater.ro.gov.br\/ematerro\/wp-json\/wp\/v2\/posts"}],"about":[{"href":"http:\/\/www.emater.ro.gov.br\/ematerro\/wp-json\/wp\/v2\/types\/post"}],"author":[{"embeddable":true,"href":"http:\/\/www.emater.ro.gov.br\/ematerro\/wp-json\/wp\/v2\/users\/9"}],"replies":[{"embeddable":true,"href":"http:\/\/www.emater.ro.gov.br\/ematerro\/wp-json\/wp\/v2\/comments?post=7363"}],"version-history":[{"count":2,"href":"http:\/\/www.emater.ro.gov.br\/ematerro\/wp-json\/wp\/v2\/posts\/7363\/revisions"}],"predecessor-version":[{"id":7495,"href":"http:\/\/www.emater.ro.gov.br\/ematerro\/wp-json\/wp\/v2\/posts\/7363\/revisions\/7495"}],"wp:featuredmedia":[{"embeddable":true,"href":"http:\/\/www.emater.ro.gov.br\/ematerro\/wp-json\/wp\/v2\/media\/7493"}],"wp:attachment":[{"href":"http:\/\/www.emater.ro.gov.br\/ematerro\/wp-json\/wp\/v2\/media?parent=7363"}],"wp:term":[{"taxonomy":"category","embeddable":true,"href":"http:\/\/www.emater.ro.gov.br\/ematerro\/wp-json\/wp\/v2\/categories?post=7363"},{"taxonomy":"post_tag","embeddable":true,"href":"http:\/\/www.emater.ro.gov.br\/ematerro\/wp-json\/wp\/v2\/tags?post=7363"}],"curies":[{"name":"wp","href":"https:\/\/api.w.org\/{rel}","templated":true}]}}