{"id":7360,"date":"2019-11-18T11:13:50","date_gmt":"2019-11-18T15:13:50","guid":{"rendered":"http:\/\/www.emater.ro.gov.br\/ematerro\/?p=7360"},"modified":"2019-11-18T11:13:50","modified_gmt":"2019-11-18T15:13:50","slug":"gestores-da-agropecuaria-debatem-politicas-para-o-setor-produtivo","status":"publish","type":"post","link":"http:\/\/www.emater.ro.gov.br\/ematerro\/2019\/11\/18\/gestores-da-agropecuaria-debatem-politicas-para-o-setor-produtivo\/","title":{"rendered":"Gestores da Agropecu\u00e1ria debatem pol\u00edticas para o setor produtivo"},"content":{"rendered":"<p>Um grande debate sobre os desafios a serem enfrentados e elabora\u00e7\u00e3o de pol\u00edticas para o desenvolvimento da agropecu\u00e1ria no Brasil est\u00e1 sendo realizado em Bras\u00edlia-DF. Gestores municipais, extensionistas, representantes de Sindicatos de Produtores Rurais entre outros representantes ligados \u00e0s atividades do agroneg\u00f3cio brasileiro est\u00e3o reunidos para discutir a integra\u00e7\u00e3o de pol\u00edticas para o setor agropecu\u00e1rio. Al\u00e9m de compartilhar experi\u00eancias, os participantes ter\u00e3o a oportunidade de propor iniciativas para aprimorar a\u00e7\u00f5es que resultem na expans\u00e3o e no fortalecimento das atividades rurais.<\/p>\n<figure id=\"attachment_7487\" aria-describedby=\"caption-attachment-7487\" style=\"width: 1000px\" class=\"wp-caption aligncenter\"><img decoding=\"async\" loading=\"lazy\" class=\"size-full wp-image-7487\" src=\"http:\/\/www.emater.ro.gov.br\/ematerro\/wp-content\/uploads\/2019\/11\/Congresso-de-gestores-da-Agropecuaria-4-1-1.jpg\" alt=\"Desafios e oportunidades para a agricultura.\" width=\"1000\" height=\"625\" srcset=\"http:\/\/www.emater.ro.gov.br\/ematerro\/wp-content\/uploads\/2019\/11\/Congresso-de-gestores-da-Agropecuaria-4-1-1.jpg 1000w, http:\/\/www.emater.ro.gov.br\/ematerro\/wp-content\/uploads\/2019\/11\/Congresso-de-gestores-da-Agropecuaria-4-1-1-300x188.jpg 300w, http:\/\/www.emater.ro.gov.br\/ematerro\/wp-content\/uploads\/2019\/11\/Congresso-de-gestores-da-Agropecuaria-4-1-1-768x480.jpg 768w\" sizes=\"(max-width: 1000px) 100vw, 1000px\" \/><figcaption id=\"caption-attachment-7487\" class=\"wp-caption-text\">Desafios e oportunidades para a agricultura.<\/figcaption><\/figure>\n<p>O 1\u00ba Congresso Brasileiro de Gestores da Agropecu\u00e1ria \u00e9 uma iniciativa da a\u00e7\u00e3o conjunta entre Confedera\u00e7\u00e3o da Agricultura e Pecu\u00e1ria do Brasil (CNA), Minist\u00e9rio da Agricultura (Mapa) e Confedera\u00e7\u00e3o Nacional de Munic\u00edpios (CNM). Sua abertura contou com a participa\u00e7\u00e3o de nomes importantes no contexto agropecu\u00e1rio brasileiro, como o da ministra Tereza Cristina que falou sobre os desafios e oportunidades para a agricultura, e do ministro da economia Paulo Guedes apresentando os impactos da produ\u00e7\u00e3o rural no PIB nacional.<\/p>\n<figure id=\"attachment_7488\" aria-describedby=\"caption-attachment-7488\" style=\"width: 307px\" class=\"wp-caption alignright\"><img decoding=\"async\" loading=\"lazy\" class=\"wp-image-7488\" src=\"http:\/\/www.emater.ro.gov.br\/ematerro\/wp-content\/uploads\/2019\/11\/Congresso-de-gestores-da-Agropecuaria-5-1.jpg\" alt=\"Diretor-presidente da Emater-RO, Luciano Brand\u00e3o representou Rond\u00f4nia durante o evento.\" width=\"307\" height=\"192\" srcset=\"http:\/\/www.emater.ro.gov.br\/ematerro\/wp-content\/uploads\/2019\/11\/Congresso-de-gestores-da-Agropecuaria-5-1.jpg 1000w, http:\/\/www.emater.ro.gov.br\/ematerro\/wp-content\/uploads\/2019\/11\/Congresso-de-gestores-da-Agropecuaria-5-1-300x188.jpg 300w, http:\/\/www.emater.ro.gov.br\/ematerro\/wp-content\/uploads\/2019\/11\/Congresso-de-gestores-da-Agropecuaria-5-1-768x480.jpg 768w\" sizes=\"(max-width: 307px) 100vw, 307px\" \/><figcaption id=\"caption-attachment-7488\" class=\"wp-caption-text\">Diretor-presidente da Emater-RO, Luciano Brand\u00e3o representou Rond\u00f4nia durante o evento.<\/figcaption><\/figure>\n<p>O estado de Rond\u00f4nia est\u00e1 representado com a participa\u00e7\u00e3o do diretor-presidente da Emater-RO, Luciano Brand\u00e3o, que tamb\u00e9m \u00e9 membro da diretoria da Associa\u00e7\u00e3o Brasileira das Entidades Estaduais de Assist\u00eancia T\u00e9cnica e Extens\u00e3o Rural (Asbraer), uma das apoiadoras do evento.<\/p>\n<p>Durante o Congresso, que segue at\u00e9 quinta-feira (7), ser\u00e3o debatidas as pol\u00edticas p\u00fablicas de desenvolvimento do setor agropecu\u00e1rio, de forma a integrar as pol\u00edticas a fim de que uma n\u00e3o se sobreponha ou atrapalhe a outra. Na oportunidade tamb\u00e9m ser\u00e3o apresentados pain\u00e9is e palestras com temas espec\u00edficos gerando conte\u00fado que venha contribuir com a melhoria da gest\u00e3o do segmento agropecu\u00e1rio no pa\u00eds.<\/p>\n<p>Acompanhe a programa\u00e7\u00e3o do evento acessando p\u00e1gina do <span style=\"color: #0000ff;\"><a style=\"color: #0000ff;\" href=\"http:\/\/www.congressoagropecuaria.cnm.org.br\/programacao.php\" target=\"_blank\">Congresso Brasileiro de Gestores da Agropecu\u00e1ria<\/a><\/span> e assista a transmiss\u00e3o das <a href=\"http:\/\/www.congressoagropecuaria.cnm.org.br\/index.php\" target=\"_blank\"><span style=\"color: #0000ff;\">palestras<\/span><\/a>.<\/p>\n<h6 style=\"text-align: right;\"><em>Texto: Wania Ressutti<\/em><br \/>\n<em>Jornalista \u2013 MTE-1744\/RO<\/em><br \/>\n<em>Fotos: EMATER-RO<\/em><\/h6>\n","protected":false},"excerpt":{"rendered":"<p>Um grande debate sobre os desafios a serem enfrentados e elabora\u00e7\u00e3o de pol\u00edticas para o desenvolvimento da agropecu\u00e1ria no Brasil est\u00e1 sendo realizado em Bras\u00edlia-DF. Gestores municipais, extensionistas, representantes de [&hellip;]<\/p>\n","protected":false},"author":9,"featured_media":7489,"comment_status":"closed","ping_status":"closed","sticky":false,"template":"","format":"standard","meta":[],"categories":[10,9,12],"tags":[],"_links":{"self":[{"href":"http:\/\/www.emater.ro.gov.br\/ematerro\/wp-json\/wp\/v2\/posts\/7360"}],"collection":[{"href":"http:\/\/www.emater.ro.gov.br\/ematerro\/wp-json\/wp\/v2\/posts"}],"about":[{"href":"http:\/\/www.emater.ro.gov.br\/ematerro\/wp-json\/wp\/v2\/types\/post"}],"author":[{"embeddable":true,"href":"http:\/\/www.emater.ro.gov.br\/ematerro\/wp-json\/wp\/v2\/users\/9"}],"replies":[{"embeddable":true,"href":"http:\/\/www.emater.ro.gov.br\/ematerro\/wp-json\/wp\/v2\/comments?post=7360"}],"version-history":[{"count":3,"href":"http:\/\/www.emater.ro.gov.br\/ematerro\/wp-json\/wp\/v2\/posts\/7360\/revisions"}],"predecessor-version":[{"id":7490,"href":"http:\/\/www.emater.ro.gov.br\/ematerro\/wp-json\/wp\/v2\/posts\/7360\/revisions\/7490"}],"wp:featuredmedia":[{"embeddable":true,"href":"http:\/\/www.emater.ro.gov.br\/ematerro\/wp-json\/wp\/v2\/media\/7489"}],"wp:attachment":[{"href":"http:\/\/www.emater.ro.gov.br\/ematerro\/wp-json\/wp\/v2\/media?parent=7360"}],"wp:term":[{"taxonomy":"category","embeddable":true,"href":"http:\/\/www.emater.ro.gov.br\/ematerro\/wp-json\/wp\/v2\/categories?post=7360"},{"taxonomy":"post_tag","embeddable":true,"href":"http:\/\/www.emater.ro.gov.br\/ematerro\/wp-json\/wp\/v2\/tags?post=7360"}],"curies":[{"name":"wp","href":"https:\/\/api.w.org\/{rel}","templated":true}]}}