{"id":7358,"date":"2019-11-18T11:06:20","date_gmt":"2019-11-18T15:06:20","guid":{"rendered":"http:\/\/www.emater.ro.gov.br\/ematerro\/?p=7358"},"modified":"2019-11-18T11:06:20","modified_gmt":"2019-11-18T15:06:20","slug":"ariquemes-debate-custo-de-producao-na-criacao-de-tambaqui","status":"publish","type":"post","link":"http:\/\/www.emater.ro.gov.br\/ematerro\/2019\/11\/18\/ariquemes-debate-custo-de-producao-na-criacao-de-tambaqui\/","title":{"rendered":"Ariquemes debate custo de produ\u00e7\u00e3o na cria\u00e7\u00e3o de tambaqui"},"content":{"rendered":"<p>Criadores de peixes da regi\u00e3o do Vale do Jamari participam de dia de campo realizado pelo Emater-RO para divulgar os dados do levantamento do custo de produ\u00e7\u00e3o na cria\u00e7\u00e3o de tambaqui, e se contrapor a perda de efici\u00eancia dos produtores familiares quando comparados com a produ\u00e7\u00e3o empresarial.<\/p>\n<figure id=\"attachment_7479\" aria-describedby=\"caption-attachment-7479\" style=\"width: 1000px\" class=\"wp-caption aligncenter\"><img decoding=\"async\" loading=\"lazy\" class=\"wp-image-7479 size-full\" src=\"http:\/\/www.emater.ro.gov.br\/ematerro\/wp-content\/uploads\/2019\/11\/DC-Piscicultura-1.jpg\" width=\"1000\" height=\"625\" srcset=\"http:\/\/www.emater.ro.gov.br\/ematerro\/wp-content\/uploads\/2019\/11\/DC-Piscicultura-1.jpg 1000w, http:\/\/www.emater.ro.gov.br\/ematerro\/wp-content\/uploads\/2019\/11\/DC-Piscicultura-1-300x188.jpg 300w, http:\/\/www.emater.ro.gov.br\/ematerro\/wp-content\/uploads\/2019\/11\/DC-Piscicultura-1-768x480.jpg 768w\" sizes=\"(max-width: 1000px) 100vw, 1000px\" \/><figcaption id=\"caption-attachment-7479\" class=\"wp-caption-text\">70% dos custos da produ\u00e7\u00e3o de peixes est\u00e1 na alimenta\u00e7\u00e3o.<\/figcaption><\/figure>\n<p>T\u00e9cnicos da Emater-RO na regi\u00e3o do Vale do Jamari trabalham com os produtores de peixe a fim de determinar um custo de produ\u00e7\u00e3o para o cultivo do tambaqui, principal esp\u00e9cie criada em cativeiro em Rond\u00f4nia. A Emater-RO assume essa responsabilidade no cumprimento do seu papel de principal executor das pol\u00edticas p\u00fablicas do Estado, especialmente neste momento em que se observa uma redu\u00e7\u00e3o da atividade pisc\u00edcola entre os agricultores familiares, contrastando com o crescimento na atividade empresarial.<\/p>\n<p>A piscicultura entre os agricultores familiares foi impulsionada principalmente pelos programas governamentais de incentivo a produ\u00e7\u00e3o do tambaqui ( Propeixe e \u00c1gua Produtiva), e teve um forte crescimento em todo o Estado,\u00a0 posicionando Rond\u00f4nia como maior produtor de peixes nativos, entre os estados brasileiros, nos \u00faltimos tr\u00eas anos. Mesmo depois da queda no crescimento dos projetos da agricultura familiar, o Estado manteve a posi\u00e7\u00e3o no ranking nacional da produ\u00e7\u00e3o de peixes, por causa dos grandes empreendimentos que surgiram e alcan\u00e7aram maior efici\u00eancia produtiva.<\/p>\n<figure id=\"attachment_7480\" aria-describedby=\"caption-attachment-7480\" style=\"width: 239px\" class=\"wp-caption alignright\"><img decoding=\"async\" loading=\"lazy\" class=\"wp-image-7480\" src=\"http:\/\/www.emater.ro.gov.br\/ematerro\/wp-content\/uploads\/2019\/11\/DC-Piscicultura-8.jpg\" alt=\"A piscicultura foi impulsionada pelos programas governamentais de incentivo a produ\u00e7\u00e3o do tambaqui.\" width=\"239\" height=\"319\" srcset=\"http:\/\/www.emater.ro.gov.br\/ematerro\/wp-content\/uploads\/2019\/11\/DC-Piscicultura-8.jpg 625w, http:\/\/www.emater.ro.gov.br\/ematerro\/wp-content\/uploads\/2019\/11\/DC-Piscicultura-8-225x300.jpg 225w\" sizes=\"(max-width: 239px) 100vw, 239px\" \/><figcaption id=\"caption-attachment-7480\" class=\"wp-caption-text\">A piscicultura foi impulsionada pelos programas governamentais de incentivo a produ\u00e7\u00e3o do tambaqui.<\/figcaption><\/figure>\n<p>O crescimento da piscicultura nos empreendimentos de m\u00e9dio e grande porte, em movimento contr\u00e1rio ao da agricultura familiar, se deve provavelmente \u00e0 maior efici\u00eancia administrativa e financeira dos empreendedores empresariais, enquanto que os produtores familiares revelam uma resist\u00eancia em se organizar em cooperativas, dificultando os processos de compra de insumos e venda solid\u00e1ria da produ\u00e7\u00e3o. Acredita-se que ap\u00f3s o levantamento dos custos de produ\u00e7\u00e3o pelos extensionistas e a divulga\u00e7\u00e3o dos dados nos eventos da extens\u00e3o rural, os produtores despertem para a necessidade de ter maior efici\u00eancia no manejo dos ciclos produtivos.<\/p>\n<p>Para os t\u00e9cnicos est\u00e1 claro que 70% dos custos da produ\u00e7\u00e3o de peixes est\u00e1 na alimenta\u00e7\u00e3o e que o frete \u00e9 um importante componente deste custo. O conhecimento do custo facilitar\u00e1 a decis\u00e3o sobre valores m\u00ednimos para comercializa\u00e7\u00e3o do pescado, e para busca de estrat\u00e9gias mais eficientes para continuar produzindo. O levantamento dos custos de produ\u00e7\u00e3o e os eventos de divulga\u00e7\u00e3o dos resultados s\u00e3o realizados pela Emater-RO em parceria com Embrapa e apoio da Secretaria de Estado da Agricultura.<\/p>\n<h6 style=\"text-align: right;\"><em>Texto: Enoque Gon\u00e7alves de Oliveira<\/em><br \/>\n<em>Fotos: <\/em><em>Emater-RO<\/em><\/h6>\n","protected":false},"excerpt":{"rendered":"<p>Criadores de peixes da regi\u00e3o do Vale do Jamari participam de dia de campo realizado pelo Emater-RO para divulgar os dados do levantamento do custo de produ\u00e7\u00e3o na cria\u00e7\u00e3o de [&hellip;]<\/p>\n","protected":false},"author":9,"featured_media":7481,"comment_status":"closed","ping_status":"closed","sticky":false,"template":"","format":"standard","meta":[],"categories":[10,9,12],"tags":[],"_links":{"self":[{"href":"http:\/\/www.emater.ro.gov.br\/ematerro\/wp-json\/wp\/v2\/posts\/7358"}],"collection":[{"href":"http:\/\/www.emater.ro.gov.br\/ematerro\/wp-json\/wp\/v2\/posts"}],"about":[{"href":"http:\/\/www.emater.ro.gov.br\/ematerro\/wp-json\/wp\/v2\/types\/post"}],"author":[{"embeddable":true,"href":"http:\/\/www.emater.ro.gov.br\/ematerro\/wp-json\/wp\/v2\/users\/9"}],"replies":[{"embeddable":true,"href":"http:\/\/www.emater.ro.gov.br\/ematerro\/wp-json\/wp\/v2\/comments?post=7358"}],"version-history":[{"count":3,"href":"http:\/\/www.emater.ro.gov.br\/ematerro\/wp-json\/wp\/v2\/posts\/7358\/revisions"}],"predecessor-version":[{"id":7486,"href":"http:\/\/www.emater.ro.gov.br\/ematerro\/wp-json\/wp\/v2\/posts\/7358\/revisions\/7486"}],"wp:featuredmedia":[{"embeddable":true,"href":"http:\/\/www.emater.ro.gov.br\/ematerro\/wp-json\/wp\/v2\/media\/7481"}],"wp:attachment":[{"href":"http:\/\/www.emater.ro.gov.br\/ematerro\/wp-json\/wp\/v2\/media?parent=7358"}],"wp:term":[{"taxonomy":"category","embeddable":true,"href":"http:\/\/www.emater.ro.gov.br\/ematerro\/wp-json\/wp\/v2\/categories?post=7358"},{"taxonomy":"post_tag","embeddable":true,"href":"http:\/\/www.emater.ro.gov.br\/ematerro\/wp-json\/wp\/v2\/tags?post=7358"}],"curies":[{"name":"wp","href":"https:\/\/api.w.org\/{rel}","templated":true}]}}