{"id":7352,"date":"2019-11-18T09:56:26","date_gmt":"2019-11-18T13:56:26","guid":{"rendered":"http:\/\/www.emater.ro.gov.br\/ematerro\/?p=7352"},"modified":"2019-11-18T09:56:26","modified_gmt":"2019-11-18T13:56:26","slug":"emater-ro-recebera-novos-veiculos-para-atender-demanda-de-produtores-rurais","status":"publish","type":"post","link":"http:\/\/www.emater.ro.gov.br\/ematerro\/2019\/11\/18\/emater-ro-recebera-novos-veiculos-para-atender-demanda-de-produtores-rurais\/","title":{"rendered":"Emater-RO receber\u00e1 novos ve\u00edculos para atender demanda de produtores rurais"},"content":{"rendered":"<p>A demanda dos agricultores e representantes da Emater-RO nas regi\u00f5es da BR-429, Zona da Mata, regi\u00e3o do caf\u00e9 e regi\u00e3o cone sul do estado de Rond\u00f4nia, ser\u00e1 atendida. Est\u00e1 sendo disponibilizada no Or\u00e7amento Geral da Uni\u00e3o (OGU) para o exerc\u00edcio de 2020, uma emenda parlamentar no valor de R$ 2.470.000,00 para aquisi\u00e7\u00e3o de 19 ve\u00edculos camionetes 4&#215;4. Essa aquisi\u00e7\u00e3o ser\u00e1 de fundamental import\u00e2ncia para atender os servi\u00e7os de assist\u00eancia t\u00e9cnica e extens\u00e3o rural no estado.<\/p>\n<figure id=\"attachment_7453\" aria-describedby=\"caption-attachment-7453\" style=\"width: 1000px\" class=\"wp-caption aligncenter\"><img decoding=\"async\" loading=\"lazy\" class=\"wp-image-7453 size-full\" src=\"http:\/\/www.emater.ro.gov.br\/ematerro\/wp-content\/uploads\/2019\/11\/Aquisicao-veiculos_002-30set2019-foto-ROBSON-PAIVA-e1572538693205.jpg\" alt=\"Aquisicao-veiculos_002-30set2019-foto-ROBSON-PAIVA-e1572538693205\" width=\"1000\" height=\"625\" srcset=\"http:\/\/www.emater.ro.gov.br\/ematerro\/wp-content\/uploads\/2019\/11\/Aquisicao-veiculos_002-30set2019-foto-ROBSON-PAIVA-e1572538693205.jpg 1000w, http:\/\/www.emater.ro.gov.br\/ematerro\/wp-content\/uploads\/2019\/11\/Aquisicao-veiculos_002-30set2019-foto-ROBSON-PAIVA-e1572538693205-300x188.jpg 300w, http:\/\/www.emater.ro.gov.br\/ematerro\/wp-content\/uploads\/2019\/11\/Aquisicao-veiculos_002-30set2019-foto-ROBSON-PAIVA-e1572538693205-768x480.jpg 768w\" sizes=\"(max-width: 1000px) 100vw, 1000px\" \/><figcaption id=\"caption-attachment-7453\" class=\"wp-caption-text\"><em>Somente este ano j\u00e1 foram adquiridas sete camionetes 4&#215;4.<\/em><\/figcaption><\/figure>\n<p>A emenda individual impositiva n\u00ba 4149004 foi protocolada no Minist\u00e9rio da Agricultura pela deputada federal Jaqueline Cassol que se comprometeu em \u201ctrabalhar para a efetiva libera\u00e7\u00e3o dos recursos trazendo assim, melhores condi\u00e7\u00f5es de vida e de atendimento \u00e0 popula\u00e7\u00e3o\u201d.<\/p>\n<p>Para o diretor-presidente da Emater-RO, Luciano Brand\u00e3o, essa \u00e9 uma conquista do trabalho que vem sendo feito junto \u00e0 bancada federal, buscando fortalecimento da autarquia e melhoria dos servi\u00e7os junto ao seu p\u00fablico benefici\u00e1rio. Um dos maiores desafios de um gestor \u00e9 a capta\u00e7\u00e3o de recursos financeiros para a institui\u00e7\u00e3o e esfor\u00e7os v\u00eam sendo despendido para obten\u00e7\u00e3o dos melhores resultados.<\/p>\n<figure id=\"attachment_7454\" aria-describedby=\"caption-attachment-7454\" style=\"width: 300px\" class=\"wp-caption alignright\"><img decoding=\"async\" loading=\"lazy\" class=\"wp-image-7454 size-medium\" src=\"http:\/\/www.emater.ro.gov.br\/ematerro\/wp-content\/uploads\/2019\/11\/Aquisicao-veiculos_003-30set2019-foto-IRENE-MENDES-300x188.jpg\" alt=\"Aquisicao-veiculos_003-30set2019-foto-IRENE-MENDES\" width=\"300\" height=\"188\" srcset=\"http:\/\/www.emater.ro.gov.br\/ematerro\/wp-content\/uploads\/2019\/11\/Aquisicao-veiculos_003-30set2019-foto-IRENE-MENDES-300x188.jpg 300w, http:\/\/www.emater.ro.gov.br\/ematerro\/wp-content\/uploads\/2019\/11\/Aquisicao-veiculos_003-30set2019-foto-IRENE-MENDES-768x480.jpg 768w, http:\/\/www.emater.ro.gov.br\/ematerro\/wp-content\/uploads\/2019\/11\/Aquisicao-veiculos_003-30set2019-foto-IRENE-MENDES.jpg 1000w\" sizes=\"(max-width: 300px) 100vw, 300px\" \/><figcaption id=\"caption-attachment-7454\" class=\"wp-caption-text\"><em>A meta \u00e9 renovar toda a frota que j\u00e1 tem mais de cinco anos de uso.<\/em><\/figcaption><\/figure>\n<p>Somente este ano j\u00e1 foram adquiridas sete camionetes 4&#215;4, com recursos oriundos do Fundo do Programa de Melhoria da Qualidade e Produtividade do Leite (Proleite), sete pick-ups de emenda parlamentar do deputado estadual Chiquinho da Emater-RO, j\u00e1 recebidas, entre outros ve\u00edculos adquiridos com recursos pr\u00f3prios, al\u00e9m de dez camionetes 4&#215;4 e 33 pick-ups utilit\u00e1rios do ano passado referente \u00e0 emenda protocolada pelo ent\u00e3o deputado federal Luiz Cl\u00e1udio Pereira Alves, ainda em andamento e duas pick-ups utilit\u00e1rias, de emenda parlamentar do deputado estadual Adelino Folador, a receber ainda este ano. A meta do presidente Luciano \u00e9 renovar toda a frota que j\u00e1 tem mais de cinco anos de uso, dos quais muitos se encontram sucateados.<\/p>\n<p>Ap\u00f3s a libera\u00e7\u00e3o dos recursos financeiros, previstos para o pr\u00f3ximo ano, dever\u00e3o ser adquiridas 19 camionetes no valor unit\u00e1rio de R$ 130.000,00. Essa a\u00e7\u00e3o proporcionar\u00e1 uma assist\u00eancia t\u00e9cnica mais efetiva aos produtores rurais, em especial aos agricultores familiares que s\u00e3o assistidos pela Emater-RO.<\/p>\n<h6 style=\"text-align: right;\"><em>Texto: Wania Ressutti<\/em><br \/>\n<em>Jornalista \u2013 MTE-1744\/RO<\/em><br \/>\n<em>Fotos: Irene Mendes<\/em><br \/>\n<em>Rep\u00f3rter fotogr\u00e1fica \u2013 MTE-368\/RO<\/em><br \/>\n<em>EMATER-RO<\/em><\/h6>\n","protected":false},"excerpt":{"rendered":"<p>A demanda dos agricultores e representantes da Emater-RO nas regi\u00f5es da BR-429, Zona da Mata, regi\u00e3o do caf\u00e9 e regi\u00e3o cone sul do estado de Rond\u00f4nia, ser\u00e1 atendida. Est\u00e1 sendo [&hellip;]<\/p>\n","protected":false},"author":9,"featured_media":7455,"comment_status":"closed","ping_status":"closed","sticky":false,"template":"","format":"standard","meta":[],"categories":[10,9,12],"tags":[],"_links":{"self":[{"href":"http:\/\/www.emater.ro.gov.br\/ematerro\/wp-json\/wp\/v2\/posts\/7352"}],"collection":[{"href":"http:\/\/www.emater.ro.gov.br\/ematerro\/wp-json\/wp\/v2\/posts"}],"about":[{"href":"http:\/\/www.emater.ro.gov.br\/ematerro\/wp-json\/wp\/v2\/types\/post"}],"author":[{"embeddable":true,"href":"http:\/\/www.emater.ro.gov.br\/ematerro\/wp-json\/wp\/v2\/users\/9"}],"replies":[{"embeddable":true,"href":"http:\/\/www.emater.ro.gov.br\/ematerro\/wp-json\/wp\/v2\/comments?post=7352"}],"version-history":[{"count":2,"href":"http:\/\/www.emater.ro.gov.br\/ematerro\/wp-json\/wp\/v2\/posts\/7352\/revisions"}],"predecessor-version":[{"id":7456,"href":"http:\/\/www.emater.ro.gov.br\/ematerro\/wp-json\/wp\/v2\/posts\/7352\/revisions\/7456"}],"wp:featuredmedia":[{"embeddable":true,"href":"http:\/\/www.emater.ro.gov.br\/ematerro\/wp-json\/wp\/v2\/media\/7455"}],"wp:attachment":[{"href":"http:\/\/www.emater.ro.gov.br\/ematerro\/wp-json\/wp\/v2\/media?parent=7352"}],"wp:term":[{"taxonomy":"category","embeddable":true,"href":"http:\/\/www.emater.ro.gov.br\/ematerro\/wp-json\/wp\/v2\/categories?post=7352"},{"taxonomy":"post_tag","embeddable":true,"href":"http:\/\/www.emater.ro.gov.br\/ematerro\/wp-json\/wp\/v2\/tags?post=7352"}],"curies":[{"name":"wp","href":"https:\/\/api.w.org\/{rel}","templated":true}]}}