{"id":7349,"date":"2019-11-18T10:54:14","date_gmt":"2019-11-18T14:54:14","guid":{"rendered":"http:\/\/www.emater.ro.gov.br\/ematerro\/?p=7349"},"modified":"2019-11-18T10:54:14","modified_gmt":"2019-11-18T14:54:14","slug":"emater-realiza-dia-de-pecuaria-leiteira-e-1a-feira-da-agricultura-familiar","status":"publish","type":"post","link":"http:\/\/www.emater.ro.gov.br\/ematerro\/2019\/11\/18\/emater-realiza-dia-de-pecuaria-leiteira-e-1a-feira-da-agricultura-familiar\/","title":{"rendered":"Emater realiza Dia de Pecu\u00e1ria Leiteira e 1\u00aa Feira da Agricultura Familiar"},"content":{"rendered":"<figure id=\"attachment_7476\" aria-describedby=\"caption-attachment-7476\" style=\"width: 565px\" class=\"wp-caption alignleft\"><img decoding=\"async\" loading=\"lazy\" class=\"wp-image-7476 size-full\" src=\"http:\/\/www.emater.ro.gov.br\/ematerro\/wp-content\/uploads\/2019\/11\/boi-2.jpg\" alt=\"boi-2\" width=\"565\" height=\"353\" srcset=\"http:\/\/www.emater.ro.gov.br\/ematerro\/wp-content\/uploads\/2019\/11\/boi-2.jpg 565w, http:\/\/www.emater.ro.gov.br\/ematerro\/wp-content\/uploads\/2019\/11\/boi-2-300x187.jpg 300w\" sizes=\"(max-width: 565px) 100vw, 565px\" \/><figcaption id=\"caption-attachment-7476\" class=\"wp-caption-text\"><em>Melhoramento Gen\u00e9tico.<\/em><\/figcaption><\/figure>\n<p>Dois importantes eventos voltados ao setor produtivo est\u00e3o programados para este m\u00eas de novembro em Cerejeiras, cidade localizada no Sul de Rond\u00f4nia. O governo do Estado, por meio da Entidade Aut\u00e1rquica de Assist\u00eancia T\u00e9cnica e Extens\u00e3o Rural do Estado de Rond\u00f4nia (Emater) em parceria com a Secretaria de Agricultura do Estado (Seagri), realiza, no dia 22, a partir das 8h, no s\u00edtio Morada do Sol, localizado na Linha 03, KM 10, na propriedade do produtor Edinilson Francisco de Oliveira, um Dia Especial de Pecu\u00e1ria Leiteira.<\/p>\n<p>Segundo o gerente do escrit\u00f3rio da Emater em Cerejeiras, Sandro Malta, na ocasi\u00e3o, acontece uma palestra abordando o tema \u201cMelhoramento Gen\u00e9tico\u201d. Ainda este m\u00eas, de acordo com extensionista rural, ser\u00e1 realizada a 1\u00aa Feira da Agricultura Familiar, evento que acontece no dia 29, a partir das 14h, no espa\u00e7o do escrit\u00f3rio da Emater em Cerejeiras.<\/p>\n<p>Na oportunidade, ser\u00e3o comercializados os produtos dos agricultores da regi\u00e3o.\u201dConvidamos todos a participarem deste importante evento promovido pelo governo de Rond\u00f4nia que, entre outras a\u00e7\u00f5es, vem valorizando e atendendo as demandas do homem do campo\u201d, explicou o t\u00e9cnico.<\/p>\n<h6 style=\"text-align: right;\"><em>Fonte<\/em><br \/>\n<em>Texto: Eraldo Erick <\/em><br \/>\n<em>Fotos: Irene Mendes<\/em><br \/>\n<em>Secom &#8211; Governo de Rond\u00f4n<\/em>ia<\/h6>\n","protected":false},"excerpt":{"rendered":"<p>Dois importantes eventos voltados ao setor produtivo est\u00e3o programados para este m\u00eas de novembro em Cerejeiras, cidade localizada no Sul de Rond\u00f4nia. O governo do Estado, por meio da Entidade [&hellip;]<\/p>\n","protected":false},"author":9,"featured_media":7477,"comment_status":"closed","ping_status":"closed","sticky":false,"template":"","format":"standard","meta":[],"categories":[9,12],"tags":[],"_links":{"self":[{"href":"http:\/\/www.emater.ro.gov.br\/ematerro\/wp-json\/wp\/v2\/posts\/7349"}],"collection":[{"href":"http:\/\/www.emater.ro.gov.br\/ematerro\/wp-json\/wp\/v2\/posts"}],"about":[{"href":"http:\/\/www.emater.ro.gov.br\/ematerro\/wp-json\/wp\/v2\/types\/post"}],"author":[{"embeddable":true,"href":"http:\/\/www.emater.ro.gov.br\/ematerro\/wp-json\/wp\/v2\/users\/9"}],"replies":[{"embeddable":true,"href":"http:\/\/www.emater.ro.gov.br\/ematerro\/wp-json\/wp\/v2\/comments?post=7349"}],"version-history":[{"count":3,"href":"http:\/\/www.emater.ro.gov.br\/ematerro\/wp-json\/wp\/v2\/posts\/7349\/revisions"}],"predecessor-version":[{"id":7478,"href":"http:\/\/www.emater.ro.gov.br\/ematerro\/wp-json\/wp\/v2\/posts\/7349\/revisions\/7478"}],"wp:featuredmedia":[{"embeddable":true,"href":"http:\/\/www.emater.ro.gov.br\/ematerro\/wp-json\/wp\/v2\/media\/7477"}],"wp:attachment":[{"href":"http:\/\/www.emater.ro.gov.br\/ematerro\/wp-json\/wp\/v2\/media?parent=7349"}],"wp:term":[{"taxonomy":"category","embeddable":true,"href":"http:\/\/www.emater.ro.gov.br\/ematerro\/wp-json\/wp\/v2\/categories?post=7349"},{"taxonomy":"post_tag","embeddable":true,"href":"http:\/\/www.emater.ro.gov.br\/ematerro\/wp-json\/wp\/v2\/tags?post=7349"}],"curies":[{"name":"wp","href":"https:\/\/api.w.org\/{rel}","templated":true}]}}