{"id":7347,"date":"2019-11-18T10:47:26","date_gmt":"2019-11-18T14:47:26","guid":{"rendered":"http:\/\/www.emater.ro.gov.br\/ematerro\/?p=7347"},"modified":"2019-11-18T10:47:26","modified_gmt":"2019-11-18T14:47:26","slug":"programa-emater-e-o-campo-fortalece-relacao-entre-governo-e-produtores-rurais","status":"publish","type":"post","link":"http:\/\/www.emater.ro.gov.br\/ematerro\/2019\/11\/18\/programa-emater-e-o-campo-fortalece-relacao-entre-governo-e-produtores-rurais\/","title":{"rendered":"Programa Emater e o Campo fortalece rela\u00e7\u00e3o entre governo e produtores rurais"},"content":{"rendered":"<p>Veiculado pela r\u00e1dio FM Positiva (87,9) de Vilhena, \u00e0s quartas-feiras, das 7h \u00e0s 8h, o programa Emater e o Campo tem sido um meio eficiente para levar informa\u00e7\u00f5es \u00e0 classe produtiva do Cone Sul, fortalecendo, por outro lado, a rela\u00e7\u00e3o entre governo e produtores rurais. O programa, entre outros objetivos, destaca as a\u00e7\u00f5es desenvolvidas pelos \u00f3rg\u00e3os estaduais ligados ao setor produtivo, como Secretaria de Estado da Agricultura (Seagri) e Ag\u00eancia de Defesa Agrosilvopastoril (Idaron).<\/p>\n<figure id=\"attachment_7472\" aria-describedby=\"caption-attachment-7472\" style=\"width: 1000px\" class=\"wp-caption aligncenter\"><img decoding=\"async\" loading=\"lazy\" class=\"wp-image-7472 size-full\" src=\"http:\/\/www.emater.ro.gov.br\/ematerro\/wp-content\/uploads\/2019\/11\/Emater-e-o-campo-Vilhena_001-1.jpg\" alt=\"Emater-e-o-campo-Vilhena_001\" width=\"1000\" height=\"625\" srcset=\"http:\/\/www.emater.ro.gov.br\/ematerro\/wp-content\/uploads\/2019\/11\/Emater-e-o-campo-Vilhena_001-1.jpg 1000w, http:\/\/www.emater.ro.gov.br\/ematerro\/wp-content\/uploads\/2019\/11\/Emater-e-o-campo-Vilhena_001-1-300x188.jpg 300w, http:\/\/www.emater.ro.gov.br\/ematerro\/wp-content\/uploads\/2019\/11\/Emater-e-o-campo-Vilhena_001-1-768x480.jpg 768w\" sizes=\"(max-width: 1000px) 100vw, 1000px\" \/><figcaption id=\"caption-attachment-7472\" class=\"wp-caption-text\"><em>O programa destaca as a\u00e7\u00f5es desenvolvidas pelos \u00f3rg\u00e3os estaduais ligados ao setor produtivo.<\/em><\/figcaption><\/figure>\n<p>Em seu quarto programa, Emater e o Campo j\u00e1 abordou diversos temas, como bovinocultura, cr\u00e9dito, financiamento, piscicultura, pecu\u00e1ria leiteira, circuito agro, entre outros. O trabalho, que abre espa\u00e7o para o produtor interagir, \u00e9 apresentado pelos servidores da autarquia que, em cada edi\u00e7\u00e3o, se alternam nos atendimentos de pautas e demandas direcionadas aos produtores da regi\u00e3o.<\/p>\n<p>Iniciado no dia 9 deste m\u00eas, o programa teve sua estreia com o agr\u00f4nomo Maciel Silva que, na ocasi\u00e3o, destacou a cultura do caf\u00e9. Em seguida, no segundo programa, a engenheira Poliana Moreira falou sobre a quest\u00e3o do cr\u00e9dito e financiamento. Alexandre Miranda, zootecnista do \u00f3rg\u00e3o, tratou da pecu\u00e1ria leiteira e a qualidade do leite, destaque na pauta do terceiro programa. No fechamento do m\u00eas de outubro, o t\u00e9cnico em piscicultura, Lauro Vilas Boas, abordou a quest\u00e3o do licenciamento para a atividade.<\/p>\n<p>O chefe do escrit\u00f3rio da Emater-RO em Villhena, Cleverson Oliveira, tamb\u00e9m participa da elabora\u00e7\u00e3o das pautas, sendo, na verdade, um dos incentivadores do programa ao lado do gerente regional da autarquia no Cone Sul, Alessandro Predralli. O Emater e o Campo conta com o apoio do secret\u00e1rio de Agricultura, Evandro Padovani, um dos grandes entusiastas da proposta de levar informa\u00e7\u00f5es aos produtores rurais<\/p>\n<h6 style=\"text-align: right;\"><em>Fonte:<\/em><br \/>\n<em>Texto: Eraldo Erick <\/em><br \/>\n<em>Fotos: Divulga\u00e7\u00e3o<\/em><br \/>\n<em>Secom &#8211; Governo de Rond\u00f4nia<\/em><\/h6>\n","protected":false},"excerpt":{"rendered":"<p>Veiculado pela r\u00e1dio FM Positiva (87,9) de Vilhena, \u00e0s quartas-feiras, das 7h \u00e0s 8h, o programa Emater e o Campo tem sido um meio eficiente para levar informa\u00e7\u00f5es \u00e0 classe [&hellip;]<\/p>\n","protected":false},"author":9,"featured_media":7473,"comment_status":"closed","ping_status":"closed","sticky":false,"template":"","format":"standard","meta":[],"categories":[9,12],"tags":[],"_links":{"self":[{"href":"http:\/\/www.emater.ro.gov.br\/ematerro\/wp-json\/wp\/v2\/posts\/7347"}],"collection":[{"href":"http:\/\/www.emater.ro.gov.br\/ematerro\/wp-json\/wp\/v2\/posts"}],"about":[{"href":"http:\/\/www.emater.ro.gov.br\/ematerro\/wp-json\/wp\/v2\/types\/post"}],"author":[{"embeddable":true,"href":"http:\/\/www.emater.ro.gov.br\/ematerro\/wp-json\/wp\/v2\/users\/9"}],"replies":[{"embeddable":true,"href":"http:\/\/www.emater.ro.gov.br\/ematerro\/wp-json\/wp\/v2\/comments?post=7347"}],"version-history":[{"count":3,"href":"http:\/\/www.emater.ro.gov.br\/ematerro\/wp-json\/wp\/v2\/posts\/7347\/revisions"}],"predecessor-version":[{"id":7475,"href":"http:\/\/www.emater.ro.gov.br\/ematerro\/wp-json\/wp\/v2\/posts\/7347\/revisions\/7475"}],"wp:featuredmedia":[{"embeddable":true,"href":"http:\/\/www.emater.ro.gov.br\/ematerro\/wp-json\/wp\/v2\/media\/7473"}],"wp:attachment":[{"href":"http:\/\/www.emater.ro.gov.br\/ematerro\/wp-json\/wp\/v2\/media?parent=7347"}],"wp:term":[{"taxonomy":"category","embeddable":true,"href":"http:\/\/www.emater.ro.gov.br\/ematerro\/wp-json\/wp\/v2\/categories?post=7347"},{"taxonomy":"post_tag","embeddable":true,"href":"http:\/\/www.emater.ro.gov.br\/ematerro\/wp-json\/wp\/v2\/tags?post=7347"}],"curies":[{"name":"wp","href":"https:\/\/api.w.org\/{rel}","templated":true}]}}