{"id":7345,"date":"2019-11-18T10:41:48","date_gmt":"2019-11-18T14:41:48","guid":{"rendered":"http:\/\/www.emater.ro.gov.br\/ematerro\/?p=7345"},"modified":"2019-11-18T10:41:48","modified_gmt":"2019-11-18T14:41:48","slug":"emater-ro-e-sebrae-falam-em-tecnologia-e-inovacao-para-evolucao-dos-negocios","status":"publish","type":"post","link":"http:\/\/www.emater.ro.gov.br\/ematerro\/2019\/11\/18\/emater-ro-e-sebrae-falam-em-tecnologia-e-inovacao-para-evolucao-dos-negocios\/","title":{"rendered":"Emater-RO e Sebrae falam em tecnologia e inova\u00e7\u00e3o para evolu\u00e7\u00e3o dos neg\u00f3cios"},"content":{"rendered":"<p>Rec\u00e9m chegado da visita que fez ao Vale do Sil\u00edcio, na Calif\u00f3rnia (EUA), o diretor t\u00e9cnico do Sebrae de Rond\u00f4nia, Samuel Silva de Almeida, visitou o diretor presidente da Emater-RO, Luciano Brand\u00e3o para apresentar o que viu no sistema de inova\u00e7\u00e3o dos neg\u00f3cios do empresariado daquele pa\u00eds.<\/p>\n<figure id=\"attachment_7469\" aria-describedby=\"caption-attachment-7469\" style=\"width: 1000px\" class=\"wp-caption aligncenter\"><img decoding=\"async\" loading=\"lazy\" class=\"size-full wp-image-7469\" src=\"http:\/\/www.emater.ro.gov.br\/ematerro\/wp-content\/uploads\/2019\/11\/Emater-RO-e-Sebrae-falam-em-tecnologia_004-31out2019-Foto-WANIA-RESSUTTI-1.jpg\" alt=\"Fortalecimento da parceria em prol do desenvolvimento do setor produtivo, utilizando as melhores tecnologias.\" width=\"1000\" height=\"625\" srcset=\"http:\/\/www.emater.ro.gov.br\/ematerro\/wp-content\/uploads\/2019\/11\/Emater-RO-e-Sebrae-falam-em-tecnologia_004-31out2019-Foto-WANIA-RESSUTTI-1.jpg 1000w, http:\/\/www.emater.ro.gov.br\/ematerro\/wp-content\/uploads\/2019\/11\/Emater-RO-e-Sebrae-falam-em-tecnologia_004-31out2019-Foto-WANIA-RESSUTTI-1-300x188.jpg 300w, http:\/\/www.emater.ro.gov.br\/ematerro\/wp-content\/uploads\/2019\/11\/Emater-RO-e-Sebrae-falam-em-tecnologia_004-31out2019-Foto-WANIA-RESSUTTI-1-768x480.jpg 768w\" sizes=\"(max-width: 1000px) 100vw, 1000px\" \/><figcaption id=\"caption-attachment-7469\" class=\"wp-caption-text\"><em>Fortalecimento da parceria em prol do desenvolvimento do setor produtivo, utilizando as melhores tecnologias.<\/em><\/figcaption><\/figure>\n<p>Samuel acompanhou um grupo de empres\u00e1rios de Rond\u00f4nia patrocinado pela Sebrae em busca de novas propostas de presta\u00e7\u00e3o de servi\u00e7os, atua\u00e7\u00e3o e intera\u00e7\u00e3o com seu p\u00fablico. A escolha ao Vale do Sil\u00edcio deu-se em virtude de o local ser refer\u00eancia em startups, tecnologia, inova\u00e7\u00e3o e modelos de neg\u00f3cios, com empresas experientes em oferecer servi\u00e7os e produtos inovadores.<\/p>\n<p>A visita feita \u00e0 Emater-RO, segundo o diretor do Sebrae, serviu para \u201ccompartilhar as boas pr\u00e1ticas adquiridas e fortalecer a parceria em prol do desenvolvimento do setor produtivo, utilizando as melhores tecnologias e inova\u00e7\u00f5es para evolu\u00e7\u00e3o dos neg\u00f3cios\u201d. Luciano Brand\u00e3o, da Emater-RO, enfatizou que a autarquia est\u00e1 de portas abertas para receber essas inova\u00e7\u00f5es e que conta com o Sebrae no desenvolvimento de a\u00e7\u00f5es que tragam benef\u00edcios aos produtores rurais, p\u00fablico trabalhado pela institui\u00e7\u00e3o, principalmente no que diz respeito ao agroneg\u00f3cio familiar.<\/p>\n<figure id=\"attachment_7466\" aria-describedby=\"caption-attachment-7466\" style=\"width: 400px\" class=\"wp-caption alignright\"><img decoding=\"async\" loading=\"lazy\" class=\"wp-image-7466\" src=\"http:\/\/www.emater.ro.gov.br\/ematerro\/wp-content\/uploads\/2019\/11\/Emater-RO-e-Sebrae-falam-em-tecnologia-Foto-internet-Deposit-Photos_DINO-5d2cbae5-6fe7-436d-9a8f-b43114061a5b-1.jpg\" alt=\"Emater-RO-e-Sebrae-falam-em-tecnologia-Foto-internet-Deposit-Photos_DINO-5d2cbae5-6fe7-436d-9a8f-b43114061a5b\" width=\"400\" height=\"250\" srcset=\"http:\/\/www.emater.ro.gov.br\/ematerro\/wp-content\/uploads\/2019\/11\/Emater-RO-e-Sebrae-falam-em-tecnologia-Foto-internet-Deposit-Photos_DINO-5d2cbae5-6fe7-436d-9a8f-b43114061a5b-1.jpg 1000w, http:\/\/www.emater.ro.gov.br\/ematerro\/wp-content\/uploads\/2019\/11\/Emater-RO-e-Sebrae-falam-em-tecnologia-Foto-internet-Deposit-Photos_DINO-5d2cbae5-6fe7-436d-9a8f-b43114061a5b-1-300x188.jpg 300w, http:\/\/www.emater.ro.gov.br\/ematerro\/wp-content\/uploads\/2019\/11\/Emater-RO-e-Sebrae-falam-em-tecnologia-Foto-internet-Deposit-Photos_DINO-5d2cbae5-6fe7-436d-9a8f-b43114061a5b-1-768x480.jpg 768w\" sizes=\"(max-width: 400px) 100vw, 400px\" \/><figcaption id=\"caption-attachment-7466\" class=\"wp-caption-text\"><em>Foto: https:\/\/p2.trrsf.com\/image\/fget\/cf\/940\/0\/images.terra.com\/2019\/09\/27\/5d2cbae5-6fe7-436d-9a8f-b43114061a5b.jpg<\/em><\/figcaption><\/figure>\n<p>Na oportunidade, Samuel falou do evento que o Sebrae estar\u00e1 promovendo nos dias 25 de novembro, em Porto Velho, e 27 de novembro, em Ariquemes, quando dois empres\u00e1rios brasileiros que atuam no Vale do Sil\u00edcio estar\u00e3o compartilhando suas experi\u00eancias aos empres\u00e1rios brasileiros, no Brasil.<\/p>\n<p>Esses brasileiros representam dois startups que est\u00e3o ganhando destaque no setor econ\u00f4mico do Vale do Sil\u00edcio. Uma delas \u00e9 a <span style=\"color: #0000ff;\"><a style=\"color: #0000ff;\" href=\"http:\/\/www.hypercubes.global\/\" target=\"_blank\">Hypercubes Global<\/a><\/span>, que tem como fundador <span style=\"color: #0000ff;\"><a style=\"color: #0000ff;\" href=\"https:\/\/www.startse.com\/noticia\/ecossistema\/siliconvalley\/25860\/brasileiro-no-vale-do-silicio-esta-criando-tecnologia-para-mudar-a-terra\">F\u00e1bio Teixeira<\/a><\/span>, respons\u00e1vel por um <span style=\"color: #333300;\">sat\u00e9lite aut\u00f4nomo<\/span> para monitoramento do solo, outra \u00e9 a <span style=\"color: #0000ff;\"><a style=\"color: #0000ff;\" href=\"http:\/\/www.startse.com\" target=\"_blank\">StartSe<\/a><\/span>, cujo um dos s\u00f3cios \u00e9 <span style=\"color: #0000ff;\"><a style=\"color: #0000ff;\" href=\"https:\/\/www.startse.com\/noticia\/mercado\/47924\/inovacao-dos-laboratorios-para-o-dia-dia-das-cidades\" target=\"_blank\">Felipe Lamounier<\/a><\/span> , ex-executivo da TOTVS. Ambos estar\u00e3o no evento falando das oportunidades de neg\u00f3cios e suas experi\u00eancias no Vale do Sil\u00edcio.<\/p>\n<p>Tamb\u00e9m participaram da reuni\u00e3o com o diretor t\u00e9cnico do Sebrae, o vice-presidente da Emater-RO, Jos\u00e9 de Arimateia da Silva, e o engenheiro agr\u00f4nomo da Emater-RO, Cledmar Carneiro.<\/p>\n<h6 style=\"text-align: right;\"><em>Texto: Wania Ressutti<\/em><br \/>\n<em> Jornalista \u2013 MTE-1744\/RO<\/em><br \/>\n<em> Foto: Wania Ressutti<\/em><br \/>\n<em> Foto sat\u00e9lite: Deposit Photos \/ DINO<\/em><br \/>\n<em> EMATER-RO<\/em><\/h6>\n","protected":false},"excerpt":{"rendered":"<p>Rec\u00e9m chegado da visita que fez ao Vale do Sil\u00edcio, na Calif\u00f3rnia (EUA), o diretor t\u00e9cnico do Sebrae de Rond\u00f4nia, Samuel Silva de Almeida, visitou o diretor presidente da Emater-RO, [&hellip;]<\/p>\n","protected":false},"author":9,"featured_media":7467,"comment_status":"closed","ping_status":"closed","sticky":false,"template":"","format":"standard","meta":[],"categories":[10,9,12],"tags":[],"_links":{"self":[{"href":"http:\/\/www.emater.ro.gov.br\/ematerro\/wp-json\/wp\/v2\/posts\/7345"}],"collection":[{"href":"http:\/\/www.emater.ro.gov.br\/ematerro\/wp-json\/wp\/v2\/posts"}],"about":[{"href":"http:\/\/www.emater.ro.gov.br\/ematerro\/wp-json\/wp\/v2\/types\/post"}],"author":[{"embeddable":true,"href":"http:\/\/www.emater.ro.gov.br\/ematerro\/wp-json\/wp\/v2\/users\/9"}],"replies":[{"embeddable":true,"href":"http:\/\/www.emater.ro.gov.br\/ematerro\/wp-json\/wp\/v2\/comments?post=7345"}],"version-history":[{"count":4,"href":"http:\/\/www.emater.ro.gov.br\/ematerro\/wp-json\/wp\/v2\/posts\/7345\/revisions"}],"predecessor-version":[{"id":7471,"href":"http:\/\/www.emater.ro.gov.br\/ematerro\/wp-json\/wp\/v2\/posts\/7345\/revisions\/7471"}],"wp:featuredmedia":[{"embeddable":true,"href":"http:\/\/www.emater.ro.gov.br\/ematerro\/wp-json\/wp\/v2\/media\/7467"}],"wp:attachment":[{"href":"http:\/\/www.emater.ro.gov.br\/ematerro\/wp-json\/wp\/v2\/media?parent=7345"}],"wp:term":[{"taxonomy":"category","embeddable":true,"href":"http:\/\/www.emater.ro.gov.br\/ematerro\/wp-json\/wp\/v2\/categories?post=7345"},{"taxonomy":"post_tag","embeddable":true,"href":"http:\/\/www.emater.ro.gov.br\/ematerro\/wp-json\/wp\/v2\/tags?post=7345"}],"curies":[{"name":"wp","href":"https:\/\/api.w.org\/{rel}","templated":true}]}}