{"id":7343,"date":"2019-11-18T10:17:40","date_gmt":"2019-11-18T14:17:40","guid":{"rendered":"http:\/\/www.emater.ro.gov.br\/ematerro\/?p=7343"},"modified":"2019-11-18T10:17:40","modified_gmt":"2019-11-18T14:17:40","slug":"dia-de-campo-reune-mais-de-200-produtores-rurais-em-candeias-do-jamari","status":"publish","type":"post","link":"http:\/\/www.emater.ro.gov.br\/ematerro\/2019\/11\/18\/dia-de-campo-reune-mais-de-200-produtores-rurais-em-candeias-do-jamari\/","title":{"rendered":"Dia de Campo re\u00fane mais de 200 produtores rurais em Candeias do Jamari"},"content":{"rendered":"<p>Cafeicultores e interessados no cultivo de caf\u00e9 clonal participaram, no \u00faltimo final de semana, de um dia especial dedicado \u00e0s pr\u00e1ticas culturas do caf\u00e9 clonal. O evento foi promovido pelo governo estadual, por meio da Secretaria de Estado da Agricultura (Seagri) e Entidade Aut\u00e1rquica de Assist\u00eancia T\u00e9cnica e Extens\u00e3o Rural (Emater-RO) com o objetivo de levar informa\u00e7\u00f5es e sensibilizar o p\u00fablico participante sobre a import\u00e2ncia econ\u00f4mica, social e ambiental com a utiliza\u00e7\u00e3o de tecnologias e t\u00e9cnicas adequadas.<\/p>\n<figure id=\"attachment_7459\" aria-describedby=\"caption-attachment-7459\" style=\"width: 1000px\" class=\"wp-caption aligncenter\"><img decoding=\"async\" loading=\"lazy\" class=\"size-full wp-image-7459\" src=\"http:\/\/www.emater.ro.gov.br\/ematerro\/wp-content\/uploads\/2019\/11\/DE-Candeias-Jamari-cafe-1.jpg\" alt=\"Candeias do Jamari tem sua economia concentrada no setor prim\u00e1rio.\" width=\"1000\" height=\"625\" srcset=\"http:\/\/www.emater.ro.gov.br\/ematerro\/wp-content\/uploads\/2019\/11\/DE-Candeias-Jamari-cafe-1.jpg 1000w, http:\/\/www.emater.ro.gov.br\/ematerro\/wp-content\/uploads\/2019\/11\/DE-Candeias-Jamari-cafe-1-300x188.jpg 300w, http:\/\/www.emater.ro.gov.br\/ematerro\/wp-content\/uploads\/2019\/11\/DE-Candeias-Jamari-cafe-1-768x480.jpg 768w\" sizes=\"(max-width: 1000px) 100vw, 1000px\" \/><figcaption id=\"caption-attachment-7459\" class=\"wp-caption-text\"><em>Candeias do Jamari tem sua economia concentrada no setor prim\u00e1rio.<\/em><\/figcaption><\/figure>\n<p>Candeias do Jamari \u00e9 uma cidade com uma popula\u00e7\u00e3o de pouco mais de 25 mil habitantes, que cresceu localizada no cruzamento da BR-364 com o Rio Candeias, de onde lhe originou o nome. Distante 26 quil\u00f4metros78h da capital, Porto Velho, o munic\u00edpio come\u00e7ou a expandir-se na d\u00e9cada de 70, com atividades voltadas para a agricultura, com\u00e9rcio e turismo. Hoje, concentra sua economia no setor prim\u00e1rio, com foco no extrativismo vegetal, agricultura de subsist\u00eancia, produ\u00e7\u00e3o de leite, pecu\u00e1ria e hortali\u00e7as.<\/p>\n<p>O cultivo do caf\u00e9 est\u00e1 sendo revitalizado na regi\u00e3o e vem ganhando for\u00e7a junto aos agricultores que acreditam na potencialidade do caf\u00e9 clonal. O munic\u00edpio conta hoje com uma \u00e1rea de 255 hectares de caf\u00e9 plantado, com uma produ\u00e7\u00e3o de 382 toneladas e uma produtividade m\u00e9dia de 1.498 quilos\/hectare. A realiza\u00e7\u00e3o do Dia de Campo foi um incentivo para quem tem interesse em iniciar sua lavoura e uma oportunidade para aqueles que j\u00e1 investem na cultura do caf\u00e9, conhecer as t\u00e9cnica e pr\u00e1ticas para uma boa produ\u00e7\u00e3o e produtividade.<\/p>\n<figure id=\"attachment_7462\" aria-describedby=\"caption-attachment-7462\" style=\"width: 400px\" class=\"wp-caption alignright\"><img decoding=\"async\" loading=\"lazy\" class=\"wp-image-7462\" src=\"http:\/\/www.emater.ro.gov.br\/ematerro\/wp-content\/uploads\/2019\/11\/DE-Candeias-Jamari-cafe-2.jpg\" alt=\"O dia de campo foi realizado na propriedade do cafeicultor Paulo S\u00e9rgio Zeferino do Amaral.\" width=\"400\" height=\"250\" srcset=\"http:\/\/www.emater.ro.gov.br\/ematerro\/wp-content\/uploads\/2019\/11\/DE-Candeias-Jamari-cafe-2.jpg 1000w, http:\/\/www.emater.ro.gov.br\/ematerro\/wp-content\/uploads\/2019\/11\/DE-Candeias-Jamari-cafe-2-300x188.jpg 300w, http:\/\/www.emater.ro.gov.br\/ematerro\/wp-content\/uploads\/2019\/11\/DE-Candeias-Jamari-cafe-2-768x480.jpg 768w\" sizes=\"(max-width: 400px) 100vw, 400px\" \/><figcaption id=\"caption-attachment-7462\" class=\"wp-caption-text\">O dia de campo foi realizado na propriedade do cafeicultor Paulo S\u00e9rgio Zeferino do Amaral.<\/figcaption><\/figure>\n<p>O dia de campo sobre caf\u00e9 clonal foi realizado no quil\u00f4metro 18 da Linha 43, propriedade de Paulo S\u00e9rgio Zeferino do Amaral, reunindo mais de 200 pessoas em quatro esta\u00e7\u00f5es que apresentaram temas como: qualidade do caf\u00e9, diversidade gen\u00e9tica na lavoura cafeeira, pragas que acometem a lavoura, e preparo do solo.<\/p>\n<p>O evento contou com a presen\u00e7a do secret\u00e1rio de agricultura, Evandro Padovani, do vice-diretor presidente da Emater-RO, Jos\u00e9 de Arimateia da Silva, do deputado estadual, Francisco Mende S\u00e1 Barreto Coutinho (Chiquinho), al\u00e9m de outras autoridades. Na oportunidade foi realizada a entrega de equipamentos agr\u00edcolas adquiridos com recurso parlamentar sendo: oito tratores agr\u00edcolas, oito carretas agr\u00edcolas, oito grades, uma patrol, uma p\u00e1 carregadeira e um tanque de leite. Esses equipamentos servir\u00e3o de apoio ao desenvolvimento agropecu\u00e1rio na regi\u00e3o.<\/p>\n<h6 style=\"text-align: right;\"><em>Texto: Wania Ressutti<\/em><br \/>\n<em>Jornalista \u2013 MTE-1744\/RO<\/em><br \/>\n<em>Fotos: Esloc Candeias do Jamari<\/em><br \/>\n<em>EMATER-RO<\/em><\/h6>\n","protected":false},"excerpt":{"rendered":"<p>Cafeicultores e interessados no cultivo de caf\u00e9 clonal participaram, no \u00faltimo final de semana, de um dia especial dedicado \u00e0s pr\u00e1ticas culturas do caf\u00e9 clonal. O evento foi promovido pelo [&hellip;]<\/p>\n","protected":false},"author":9,"featured_media":7461,"comment_status":"closed","ping_status":"closed","sticky":false,"template":"","format":"standard","meta":[],"categories":[10,9,12],"tags":[],"_links":{"self":[{"href":"http:\/\/www.emater.ro.gov.br\/ematerro\/wp-json\/wp\/v2\/posts\/7343"}],"collection":[{"href":"http:\/\/www.emater.ro.gov.br\/ematerro\/wp-json\/wp\/v2\/posts"}],"about":[{"href":"http:\/\/www.emater.ro.gov.br\/ematerro\/wp-json\/wp\/v2\/types\/post"}],"author":[{"embeddable":true,"href":"http:\/\/www.emater.ro.gov.br\/ematerro\/wp-json\/wp\/v2\/users\/9"}],"replies":[{"embeddable":true,"href":"http:\/\/www.emater.ro.gov.br\/ematerro\/wp-json\/wp\/v2\/comments?post=7343"}],"version-history":[{"count":3,"href":"http:\/\/www.emater.ro.gov.br\/ematerro\/wp-json\/wp\/v2\/posts\/7343\/revisions"}],"predecessor-version":[{"id":7464,"href":"http:\/\/www.emater.ro.gov.br\/ematerro\/wp-json\/wp\/v2\/posts\/7343\/revisions\/7464"}],"wp:featuredmedia":[{"embeddable":true,"href":"http:\/\/www.emater.ro.gov.br\/ematerro\/wp-json\/wp\/v2\/media\/7461"}],"wp:attachment":[{"href":"http:\/\/www.emater.ro.gov.br\/ematerro\/wp-json\/wp\/v2\/media?parent=7343"}],"wp:term":[{"taxonomy":"category","embeddable":true,"href":"http:\/\/www.emater.ro.gov.br\/ematerro\/wp-json\/wp\/v2\/categories?post=7343"},{"taxonomy":"post_tag","embeddable":true,"href":"http:\/\/www.emater.ro.gov.br\/ematerro\/wp-json\/wp\/v2\/tags?post=7343"}],"curies":[{"name":"wp","href":"https:\/\/api.w.org\/{rel}","templated":true}]}}