{"id":7341,"date":"2019-11-18T09:46:18","date_gmt":"2019-11-18T13:46:18","guid":{"rendered":"http:\/\/www.emater.ro.gov.br\/ematerro\/?p=7341"},"modified":"2019-11-18T09:46:18","modified_gmt":"2019-11-18T13:46:18","slug":"cafeicultores-de-rondonia-vao-ao-espirito-santo-conhecer-tecnologias-para-o-cafe","status":"publish","type":"post","link":"http:\/\/www.emater.ro.gov.br\/ematerro\/2019\/11\/18\/cafeicultores-de-rondonia-vao-ao-espirito-santo-conhecer-tecnologias-para-o-cafe\/","title":{"rendered":"Cafeicultores de Rond\u00f4nia v\u00e3o ao Esp\u00edrito Santo conhecer tecnologias para o caf\u00e9"},"content":{"rendered":"<p>Um grupo de 22 pessoas envolvidas com a cafeicultura, entre elas cafeicultores e t\u00e9cnicos de entidades p\u00fablicas do estado de Rond\u00f4nia, viajaram ao Esp\u00edrito Santo para conhecerem empreendimentos de sucesso na cafeicultura, come\u00e7ando pela Cooperativa de S\u00e3o Gabriel da Palha (Cooabriel), dia 30\/10, e hoje visitam algumas lavouras de caf\u00e9 clonal bem sucedidas em terras capixabas, na foto acima, o grupo est\u00e1 na propriedade do cafeicultor Luciano Zanott no munic\u00edpio de Nova Venecia.<\/p>\n<figure id=\"attachment_7451\" aria-describedby=\"caption-attachment-7451\" style=\"width: 867px\" class=\"wp-caption aligncenter\"><img decoding=\"async\" loading=\"lazy\" class=\"size-full wp-image-7451\" src=\"http:\/\/www.emater.ro.gov.br\/ematerro\/wp-content\/uploads\/2019\/11\/Cafeicultores-vao-a-Espirito-Santo-3.jpg\" alt=\"Troca de experi\u00eancias e oportunidade de comparar tecnologias de cultivo e processos de produ\u00e7\u00e3o.\" width=\"867\" height=\"542\" srcset=\"http:\/\/www.emater.ro.gov.br\/ematerro\/wp-content\/uploads\/2019\/11\/Cafeicultores-vao-a-Espirito-Santo-3.jpg 867w, http:\/\/www.emater.ro.gov.br\/ematerro\/wp-content\/uploads\/2019\/11\/Cafeicultores-vao-a-Espirito-Santo-3-300x188.jpg 300w, http:\/\/www.emater.ro.gov.br\/ematerro\/wp-content\/uploads\/2019\/11\/Cafeicultores-vao-a-Espirito-Santo-3-768x480.jpg 768w\" sizes=\"(max-width: 867px) 100vw, 867px\" \/><figcaption id=\"caption-attachment-7451\" class=\"wp-caption-text\">Troca de experi\u00eancias e oportunidade de comparar tecnologias de cultivo e processos de produ\u00e7\u00e3o.<\/figcaption><\/figure>\n<p>Os excursionistas s\u00e3o produtores com boa classifica\u00e7\u00e3o no concurso de qualidade e sustentabilidade do caf\u00e9 de Rond\u00f4nia (Concaf\u00e9), selecionados atrav\u00e9s de uma chamada p\u00fablica realizada pelo Sebrae, com participa\u00e7\u00e3o da Seagri, Emater-RO, Suder e outras entidades estaduais. Tamb\u00e9m t\u00e9cnicos e autoridades das institui\u00e7\u00f5es envolvidas no desenvolvimento da cafeicultura, disse Sebasti\u00e3o Oliveira, economista do Sebrae em Ji-Paran\u00e1.<\/p>\n<p>A visita t\u00e9cnica proporciona aos participantes, entre outras experi\u00eancias, a oportunidade de comparar tecnologias de cultivo e novos processos de produ\u00e7\u00e3o e p\u00f3s-produ\u00e7\u00e3o desde a lavoura e ind\u00fastria de beneficiamento do produto in natura, at\u00e9 a transforma\u00e7\u00e3o atrav\u00e9s da torra, envase e comercializa\u00e7\u00e3o do caf\u00e9 pronto para consumo.<\/p>\n<p>Os agricultores v\u00eam de munic\u00edpios das regi\u00f5es, central e Zona da Mata rondoniense. Alguns destes agricultores excursionistas s\u00e3o capixabas, mas chegaram a Rond\u00f4nia, ainda muito jovens e n\u00e3o conheciam as modernas t\u00e9cnicas de produ\u00e7\u00e3o desenvolvidas por seus conterr\u00e2neos, outros est\u00e3o tendo a primeira experi\u00eancia com a cultura do caf\u00e9, na terra que deu origem ao modelo de cafeicultura praticada em Rond\u00f4nia.<\/p>\n<p>O secret\u00e1rio de estado da agricultura, Evandro Padovani, fez quest\u00e3o de participar da miss\u00e3o t\u00e9cnica, juntamente com o diretor t\u00e9cnico da Emater-RO, zootecnista Anderson Kuhl. A fim de facilitar a introdu\u00e7\u00e3o das novas tecnologias captadas atrav\u00e9s desse intercambio t\u00e9cnico com o estado que \u00e9 o maior produtor nacional do g\u00eanero cafeeiro, que mais cultivado em Rond\u00f4nia, Coffea Canefora, notadamente as variedades Robusta e Conillon.<\/p>\n<h6 style=\"text-align: right;\"><em>Texto: Enoque Gon\u00e7alves de Oliveira<\/em><br \/>\n<em>Fotos:<\/em><br \/>\n<em>Emater-RO<\/em><\/h6>\n","protected":false},"excerpt":{"rendered":"<p>Um grupo de 22 pessoas envolvidas com a cafeicultura, entre elas cafeicultores e t\u00e9cnicos de entidades p\u00fablicas do estado de Rond\u00f4nia, viajaram ao Esp\u00edrito Santo para conhecerem empreendimentos de sucesso [&hellip;]<\/p>\n","protected":false},"author":9,"featured_media":7450,"comment_status":"closed","ping_status":"closed","sticky":false,"template":"","format":"standard","meta":[],"categories":[10,9,12],"tags":[],"_links":{"self":[{"href":"http:\/\/www.emater.ro.gov.br\/ematerro\/wp-json\/wp\/v2\/posts\/7341"}],"collection":[{"href":"http:\/\/www.emater.ro.gov.br\/ematerro\/wp-json\/wp\/v2\/posts"}],"about":[{"href":"http:\/\/www.emater.ro.gov.br\/ematerro\/wp-json\/wp\/v2\/types\/post"}],"author":[{"embeddable":true,"href":"http:\/\/www.emater.ro.gov.br\/ematerro\/wp-json\/wp\/v2\/users\/9"}],"replies":[{"embeddable":true,"href":"http:\/\/www.emater.ro.gov.br\/ematerro\/wp-json\/wp\/v2\/comments?post=7341"}],"version-history":[{"count":2,"href":"http:\/\/www.emater.ro.gov.br\/ematerro\/wp-json\/wp\/v2\/posts\/7341\/revisions"}],"predecessor-version":[{"id":7452,"href":"http:\/\/www.emater.ro.gov.br\/ematerro\/wp-json\/wp\/v2\/posts\/7341\/revisions\/7452"}],"wp:featuredmedia":[{"embeddable":true,"href":"http:\/\/www.emater.ro.gov.br\/ematerro\/wp-json\/wp\/v2\/media\/7450"}],"wp:attachment":[{"href":"http:\/\/www.emater.ro.gov.br\/ematerro\/wp-json\/wp\/v2\/media?parent=7341"}],"wp:term":[{"taxonomy":"category","embeddable":true,"href":"http:\/\/www.emater.ro.gov.br\/ematerro\/wp-json\/wp\/v2\/categories?post=7341"},{"taxonomy":"post_tag","embeddable":true,"href":"http:\/\/www.emater.ro.gov.br\/ematerro\/wp-json\/wp\/v2\/tags?post=7341"}],"curies":[{"name":"wp","href":"https:\/\/api.w.org\/{rel}","templated":true}]}}