{"id":6916,"date":"2019-06-24T08:27:40","date_gmt":"2019-06-24T12:27:40","guid":{"rendered":"http:\/\/www.emater.ro.gov.br\/ematerro\/?p=6916"},"modified":"2019-06-24T08:27:40","modified_gmt":"2019-06-24T12:27:40","slug":"festa-junina-reune-a-alegria-com-o-sabor-do-campo","status":"publish","type":"post","link":"http:\/\/www.emater.ro.gov.br\/ematerro\/2019\/06\/24\/festa-junina-reune-a-alegria-com-o-sabor-do-campo\/","title":{"rendered":"Festa junina re\u00fane a alegria com o sabor do campo"},"content":{"rendered":"<p>Bolo de milho, mandioca, curau, milho verde, pa\u00e7oca, batata doce, cuscuz, pipoca, p\u00e9-de-moleque e outras tantas del\u00edcias. Quem nunca saboreou essa diversidade de alimentos acompanhada de muita m\u00fasica e uma boa fogueira? Pois \u00e9, as festas juninas contagiam a todos, mas \u00e9 do campo que vem toda essa alegria.<\/p>\n<p>Os petiscos tradicionais das festas juninas, aquelas l\u00e1 do nordeste, tamb\u00e9m fazem a alegria de muita gente Brasil a fora e na capital rondoniense \u00e9 grande o n\u00famero de pessoas que buscam divers\u00e3o nos mais variados arraiais de Porto Velho. E as m\u00fasicas, do forr\u00f3 nordestino, ao carimbo paraense, e \u00e0s batidas do boi-bumb\u00e1 n\u00e3o negam que a diversidade est\u00e1 presente nos ritos, mitos e tradi\u00e7\u00f5es de todo o pa\u00eds.<\/p>\n<figure id=\"attachment_6917\" aria-describedby=\"caption-attachment-6917\" style=\"width: 1000px\" class=\"wp-caption aligncenter\"><img decoding=\"async\" loading=\"lazy\" class=\"size-full wp-image-6917\" src=\"http:\/\/www.emater.ro.gov.br\/ematerro\/wp-content\/uploads\/2019\/06\/Festa-Junina_003-1.jpg\" alt=\"A produ\u00e7\u00e3o desses alimentos no estado de Rond\u00f4nia varia de regi\u00e3o para regi\u00e3o.\" width=\"1000\" height=\"625\" srcset=\"http:\/\/www.emater.ro.gov.br\/ematerro\/wp-content\/uploads\/2019\/06\/Festa-Junina_003-1.jpg 1000w, http:\/\/www.emater.ro.gov.br\/ematerro\/wp-content\/uploads\/2019\/06\/Festa-Junina_003-1-300x188.jpg 300w, http:\/\/www.emater.ro.gov.br\/ematerro\/wp-content\/uploads\/2019\/06\/Festa-Junina_003-1-768x480.jpg 768w\" sizes=\"(max-width: 1000px) 100vw, 1000px\" \/><figcaption id=\"caption-attachment-6917\" class=\"wp-caption-text\"><em>A produ\u00e7\u00e3o desses alimentos no estado de Rond\u00f4nia varia de regi\u00e3o para regi\u00e3o.<\/em><\/figcaption><\/figure>\n<p>Apesar da regionalidade que envolve as festas juninas, sua origem n\u00e3o \u00e9 brasileira e ainda gera controv\u00e9rsia. Alguns dizem que a festa homenageia tr\u00eas santos cat\u00f3licos: Santo Ant\u00f4nio, S\u00e3o Jo\u00e3o e S\u00e3o Pedro, comemorados, respectivamente nos dias 13, 24 e 30 de junho. Outros, que a festa teria origem em pa\u00edses da Europa em homenagem apenas a S\u00e3o Jo\u00e3o e que, &#8220;junina\u201d vem do nome original \u201cJoanina\u201d, trazido ao Brasil pelos portugueses.<\/p>\n<p>Europeia ou brasileira, a certeza que se tem \u00e9 que, tradicionalmente comemorada em junho, as festas juninas, al\u00e9m de trazer muita alegria com suas m\u00fasicas e dan\u00e7as, tamb\u00e9m \u00e9 um momento de fartura para quem vive no campo. Preparados com mat\u00e9rias-primas produzidas pela fam\u00edlia rural os pratos t\u00edpicos d\u00e3o um sabor especial tanto para quem produz quanto para quem saboreia essas guloseimas.<\/p>\n<p><strong>DO CAMPO \u00c0 MESA<\/strong><br \/>\nSe voc\u00ea vai a uma festa junina, seja na cidade ou no campo, n\u00e3o h\u00e1 como resistir, uma diversidade de alimentos apetitosos estar\u00e1 l\u00e1, com gostinho de quero mais. Trazendo a miscigena\u00e7\u00e3o dos povos que por aqui foram se acomodando, as comidas t\u00edpicas juninas apresentam uma variedade de alimentos que v\u00e3o do milho, o gr\u00e3o dourado que n\u00e3o pode faltar \u00e0 mesa de uma boa festa junina, at\u00e9 pratos feitos com arroz, amendoim, mandioca, batata-doce, ab\u00f3bora, tapioca, coco e, claro, a tradicional ma\u00e7\u00e3 do amor, a maioria saindo fresquinhos da propriedade rural, tornando o prato ainda mais saboroso.<\/p>\n<p>A produ\u00e7\u00e3o desses alimentos no estado de Rond\u00f4nia varia de regi\u00e3o para regi\u00e3o, com destaque para o milho e para a mandioca. O milho, por exemplo, \u00e9 produzido em grande escala para silagens e gr\u00e3os, transformando-se em fonte de para quase a maioria das esp\u00e9cies. Com 185.153 hectares plantados no estado, segundo dados da Emater-RO\/2019, produz em m\u00e9dia, 735.150 toneladas por ano, com maior produ\u00e7\u00e3o na regi\u00e3o do cone sul (Vilhena, Cerejeiras e Cabixi).<\/p>\n<figure id=\"attachment_6918\" aria-describedby=\"caption-attachment-6918\" style=\"width: 400px\" class=\"wp-caption alignleft\"><img decoding=\"async\" loading=\"lazy\" class=\"wp-image-6918\" src=\"http:\/\/www.emater.ro.gov.br\/ematerro\/wp-content\/uploads\/2019\/06\/Festa-Junina_005-mandioca-1.jpg\" alt=\"De grande sabor nutritivo, a mandioca est\u00e1 presente na maioria das mesas dos rondonienses.\" width=\"400\" height=\"250\" srcset=\"http:\/\/www.emater.ro.gov.br\/ematerro\/wp-content\/uploads\/2019\/06\/Festa-Junina_005-mandioca-1.jpg 1000w, http:\/\/www.emater.ro.gov.br\/ematerro\/wp-content\/uploads\/2019\/06\/Festa-Junina_005-mandioca-1-300x188.jpg 300w, http:\/\/www.emater.ro.gov.br\/ematerro\/wp-content\/uploads\/2019\/06\/Festa-Junina_005-mandioca-1-768x480.jpg 768w\" sizes=\"(max-width: 400px) 100vw, 400px\" \/><figcaption id=\"caption-attachment-6918\" class=\"wp-caption-text\"><em>De grande sabor nutritivo, a mandioca est\u00e1 presente na maioria das mesas dos rondonienses.<\/em><\/figcaption><\/figure>\n<p>De grande sabor nutritivo, a mandioca est\u00e1 presente na maioria das mesas dos rondonienses. Rica em vitamina A, B1, B2 e C, \u00e9 tr\u00eas vezes mais cal\u00f3rica que a batata, por\u00e9m, ao contr\u00e1rio de outras fontes de carboidrato, ela n\u00e3o gera picos de glicemia. Embora produzida em todas as regi\u00f5es do estado, com uma produ\u00e7\u00e3o anual em m\u00e9dia de 583.319 toneladas em 24.808 hectares plantados, sua maior produ\u00e7\u00e3o est\u00e1 concentrada na capital Porto Velho, Nova Mamor\u00e9 e Machadinho do Oeste.<\/p>\n<p>Seu preparo \u00e9 bem diversificado podendo ser consumida de forma simples, cozida na \u00e1gua e sal, em farinha, caldos e at\u00e9 em pratos mais elaborados, como o <strong><a href=\"http:\/\/www.emater.ro.gov.br\/ematerro\/wp-content\/uploads\/2019\/06\/Receita-Pudim-de-mandioca-com-coco.pdf\">pudim de mandioca com coco<\/a><\/strong>.<\/p>\n<p>O arroz, um dos pratos preferidos do brasileiro, recebe nova roupagem nas festas juninas. Passando de salgado para doce. Com uma produ\u00e7\u00e3o m\u00e9dia de 109.651 toneladas ano em 39.063 hectares plantados, o arroz est\u00e1 presente em Porto Velho, S\u00e3o Miguel do Guapor\u00e9 e Corumbiara.<\/p>\n<p>Em menor escala temos ab\u00f3bora e batata-doce, esta \u00faltima de produ\u00e7\u00e3o irris\u00f3ria, mas \u00e9 muito comum encontrar sua produ\u00e7\u00e3o para consumo interno da fam\u00edlia rural. Assim como esses, outros tantos produtos saem da propriedade, direto para a mesa do consumidor e, nessa \u00e9poca do ano, quando a festa invade os cora\u00e7\u00f5es dos amantes das festas juninas, transforma-se em um incremento para a economia familiar do produtor rural.<\/p>\n<h6 style=\"text-align: right;\">\n<p><em>Texto: Wania Ressutti<\/em><br \/>\n<em>Jornalista \u2013 MTE-1744\/RO<\/em><br \/>\n<em>Fotos ilustrativas<\/em><br \/>\n<em>EMATER-RO<\/em><\/h6>\n","protected":false},"excerpt":{"rendered":"<p>Bolo de milho, mandioca, curau, milho verde, pa\u00e7oca, batata doce, cuscuz, pipoca, p\u00e9-de-moleque e outras tantas del\u00edcias. Quem nunca saboreou essa diversidade de alimentos acompanhada de muita m\u00fasica e uma [&hellip;]<\/p>\n","protected":false},"author":9,"featured_media":6919,"comment_status":"closed","ping_status":"closed","sticky":false,"template":"","format":"standard","meta":[],"categories":[10,9,12],"tags":[135,45,421],"_links":{"self":[{"href":"http:\/\/www.emater.ro.gov.br\/ematerro\/wp-json\/wp\/v2\/posts\/6916"}],"collection":[{"href":"http:\/\/www.emater.ro.gov.br\/ematerro\/wp-json\/wp\/v2\/posts"}],"about":[{"href":"http:\/\/www.emater.ro.gov.br\/ematerro\/wp-json\/wp\/v2\/types\/post"}],"author":[{"embeddable":true,"href":"http:\/\/www.emater.ro.gov.br\/ematerro\/wp-json\/wp\/v2\/users\/9"}],"replies":[{"embeddable":true,"href":"http:\/\/www.emater.ro.gov.br\/ematerro\/wp-json\/wp\/v2\/comments?post=6916"}],"version-history":[{"count":2,"href":"http:\/\/www.emater.ro.gov.br\/ematerro\/wp-json\/wp\/v2\/posts\/6916\/revisions"}],"predecessor-version":[{"id":6921,"href":"http:\/\/www.emater.ro.gov.br\/ematerro\/wp-json\/wp\/v2\/posts\/6916\/revisions\/6921"}],"wp:featuredmedia":[{"embeddable":true,"href":"http:\/\/www.emater.ro.gov.br\/ematerro\/wp-json\/wp\/v2\/media\/6919"}],"wp:attachment":[{"href":"http:\/\/www.emater.ro.gov.br\/ematerro\/wp-json\/wp\/v2\/media?parent=6916"}],"wp:term":[{"taxonomy":"category","embeddable":true,"href":"http:\/\/www.emater.ro.gov.br\/ematerro\/wp-json\/wp\/v2\/categories?post=6916"},{"taxonomy":"post_tag","embeddable":true,"href":"http:\/\/www.emater.ro.gov.br\/ematerro\/wp-json\/wp\/v2\/tags?post=6916"}],"curies":[{"name":"wp","href":"https:\/\/api.w.org\/{rel}","templated":true}]}}