{"id":6890,"date":"2019-06-17T11:31:00","date_gmt":"2019-06-17T15:31:00","guid":{"rendered":"http:\/\/www.emater.ro.gov.br\/ematerro\/?p=6890"},"modified":"2019-06-17T11:31:57","modified_gmt":"2019-06-17T15:31:57","slug":"dia-de-campo-em-cerejeiras-destaca-importancia-do-cafe-clonal-na-geracao-de-rendas-para-a-familia-rural","status":"publish","type":"post","link":"http:\/\/www.emater.ro.gov.br\/ematerro\/2019\/06\/17\/dia-de-campo-em-cerejeiras-destaca-importancia-do-cafe-clonal-na-geracao-de-rendas-para-a-familia-rural\/","title":{"rendered":"Dia de Campo em Cerejeiras destaca import\u00e2ncia do Caf\u00e9 Clonal na gera\u00e7\u00e3o de rendas para a fam\u00edlia rural"},"content":{"rendered":"<p>A Emater-RO em parceira com a Prefeitura de Cerejeiras, por meio da Secretaria Municipal de Agricultura (Semagric) realizou um dia de campo sobre caf\u00e9 clonal. O evento foi realizado na propriedade do produtor rural Jos\u00e9 Carlos Miranda, localizada na linha 4, km 3,5, da 3\u00aa p\/ 4\u00aa eixo, daquele munic\u00edpio.<\/p>\n<figure id=\"attachment_6891\" aria-describedby=\"caption-attachment-6891\" style=\"width: 800px\" class=\"wp-caption aligncenter\"><img decoding=\"async\" loading=\"lazy\" class=\"size-full wp-image-6891\" src=\"http:\/\/www.emater.ro.gov.br\/ematerro\/wp-content\/uploads\/2019\/06\/DSC_0546.jpg\" alt=\"Incentivo \u00e0 novas culturas e diversifica\u00e7\u00e3o de renda na agricultura familiar.\" width=\"800\" height=\"500\" srcset=\"http:\/\/www.emater.ro.gov.br\/ematerro\/wp-content\/uploads\/2019\/06\/DSC_0546.jpg 800w, http:\/\/www.emater.ro.gov.br\/ematerro\/wp-content\/uploads\/2019\/06\/DSC_0546-300x188.jpg 300w, http:\/\/www.emater.ro.gov.br\/ematerro\/wp-content\/uploads\/2019\/06\/DSC_0546-768x480.jpg 768w\" sizes=\"(max-width: 800px) 100vw, 800px\" \/><figcaption id=\"caption-attachment-6891\" class=\"wp-caption-text\"><em>Incentivo \u00e0 novas culturas e diversifica\u00e7\u00e3o de renda na agricultura familiar.<\/em><\/figcaption><\/figure>\n<p>Durante o dia de campo foram realizadas palestras com temas de Podas P\u00f3s Colheita, ministrada pelo extensionista rural da Emater-RO, Rodrigo Pires Guarnieri; Controle de Pragas e Doen\u00e7as, pelo extensionista rural Walter Jo\u00e3o, tamb\u00e9m da Emater-RO, al\u00e9m de palestras com agentes financeiros do Banco da Amaz\u00f4nia e Banco do Brasil.<\/p>\n<p>O dia de campo teve por objetivo incentivar novas culturas no munic\u00edpio com o intuito de aumentar e diversificar a renda na agricultura familiar, aprimorar e atualizar os conhecimentos dos produtores rurais em torno da cultura do Caf\u00e9 clonal. De acordo com o gerente do escrit\u00f3rio local da Emater-RO em Cerejeiras, Sandro Malta Xavier, \u201co munic\u00edpio conta com uma \u00e1rea de 25 hectares de Caf\u00e9 Clonal plantado e j\u00e1 espera uma produ\u00e7\u00e3o de 60 sacas por hectare\u201d. O gerente destacou ainda a import\u00e2ncia da cultura para gera\u00e7\u00e3o de renda e empregos na pequena propriedade.<\/p>\n<p>O presidente da Emater-RO, Luciano Brand\u00e3o, fez o encerramento das atividades agradecendo ao casal de produtores anfitri\u00e3o, Sr. Jose Carlos Miranda e sua esposa D. Rosa e falou sobre a import\u00e2ncia dos trabalhos da Emater-RO. Luciano destacou a diversifica\u00e7\u00e3o\u00a0 nas pequenas\u00a0 propriedades, a exemplo do caf\u00e9 clonal, urucum, cacau e demais culturas, e os resultados com a realiza\u00e7\u00e3o de dias de campos promovidos pela Emater-RO, \u201conde os agricultores familiares podem ver de perto os resultados alcan\u00e7ados\u00a0 na pequena propriedade\u201d.<\/p>\n<h6 style=\"text-align: right;\"><em>Texto: Wania Ressutti<\/em><br \/>\n<em>Jornalista \u2013 MTE-1744\/RO<\/em><br \/>\n<em>Fotos: Esloc Cerejeiras<\/em><br \/>\n<em>EMATER-RO<\/em><\/h6>\n","protected":false},"excerpt":{"rendered":"<p>A Emater-RO em parceira com a Prefeitura de Cerejeiras, por meio da Secretaria Municipal de Agricultura (Semagric) realizou um dia de campo sobre caf\u00e9 clonal. O evento foi realizado na [&hellip;]<\/p>\n","protected":false},"author":9,"featured_media":6892,"comment_status":"closed","ping_status":"closed","sticky":false,"template":"","format":"standard","meta":[],"categories":[10,9,12],"tags":[],"_links":{"self":[{"href":"http:\/\/www.emater.ro.gov.br\/ematerro\/wp-json\/wp\/v2\/posts\/6890"}],"collection":[{"href":"http:\/\/www.emater.ro.gov.br\/ematerro\/wp-json\/wp\/v2\/posts"}],"about":[{"href":"http:\/\/www.emater.ro.gov.br\/ematerro\/wp-json\/wp\/v2\/types\/post"}],"author":[{"embeddable":true,"href":"http:\/\/www.emater.ro.gov.br\/ematerro\/wp-json\/wp\/v2\/users\/9"}],"replies":[{"embeddable":true,"href":"http:\/\/www.emater.ro.gov.br\/ematerro\/wp-json\/wp\/v2\/comments?post=6890"}],"version-history":[{"count":2,"href":"http:\/\/www.emater.ro.gov.br\/ematerro\/wp-json\/wp\/v2\/posts\/6890\/revisions"}],"predecessor-version":[{"id":6895,"href":"http:\/\/www.emater.ro.gov.br\/ematerro\/wp-json\/wp\/v2\/posts\/6890\/revisions\/6895"}],"wp:featuredmedia":[{"embeddable":true,"href":"http:\/\/www.emater.ro.gov.br\/ematerro\/wp-json\/wp\/v2\/media\/6892"}],"wp:attachment":[{"href":"http:\/\/www.emater.ro.gov.br\/ematerro\/wp-json\/wp\/v2\/media?parent=6890"}],"wp:term":[{"taxonomy":"category","embeddable":true,"href":"http:\/\/www.emater.ro.gov.br\/ematerro\/wp-json\/wp\/v2\/categories?post=6890"},{"taxonomy":"post_tag","embeddable":true,"href":"http:\/\/www.emater.ro.gov.br\/ematerro\/wp-json\/wp\/v2\/tags?post=6890"}],"curies":[{"name":"wp","href":"https:\/\/api.w.org\/{rel}","templated":true}]}}