{"id":6750,"date":"2019-04-25T09:07:21","date_gmt":"2019-04-25T13:07:21","guid":{"rendered":"http:\/\/www.emater.ro.gov.br\/ematerro\/?p=6750"},"modified":"2019-04-25T09:48:49","modified_gmt":"2019-04-25T13:48:49","slug":"estado-define-prioridades-para-as-cadeias-produtivas-da-agricultura","status":"publish","type":"post","link":"http:\/\/www.emater.ro.gov.br\/ematerro\/2019\/04\/25\/estado-define-prioridades-para-as-cadeias-produtivas-da-agricultura\/","title":{"rendered":"Estado define prioridades para as cadeias produtivas da agricultura"},"content":{"rendered":"<p>A Produ\u00e7\u00e3o rural do estado de Rond\u00f4nia dever\u00e1 viver um novo per\u00edodo de prosperidade, \u00e9 o que se desenha com a proposta da nova diretriz para a agricultura no Estado, que prev\u00ea o desenvolvimento priorit\u00e1rio de 12 cadeias produtivas e a implanta\u00e7\u00e3o de uma Central de Abastecimento, para dinamizar a log\u00edstica e comercializa\u00e7\u00e3o da produ\u00e7\u00e3o agr\u00edcola rondoniense.<\/p>\n<figure id=\"attachment_6753\" aria-describedby=\"caption-attachment-6753\" style=\"width: 1000px\" class=\"wp-caption alignnone\"><img decoding=\"async\" loading=\"lazy\" class=\"wp-image-6753 size-full\" src=\"http:\/\/www.emater.ro.gov.br\/ematerro\/wp-content\/uploads\/2019\/04\/projeto-cadeias-produtivas.jpg\" alt=\"projeto-cadeias-produtivas\" width=\"1000\" height=\"625\" srcset=\"http:\/\/www.emater.ro.gov.br\/ematerro\/wp-content\/uploads\/2019\/04\/projeto-cadeias-produtivas.jpg 1000w, http:\/\/www.emater.ro.gov.br\/ematerro\/wp-content\/uploads\/2019\/04\/projeto-cadeias-produtivas-300x188.jpg 300w, http:\/\/www.emater.ro.gov.br\/ematerro\/wp-content\/uploads\/2019\/04\/projeto-cadeias-produtivas-768x480.jpg 768w\" sizes=\"(max-width: 1000px) 100vw, 1000px\" \/><figcaption id=\"caption-attachment-6753\" class=\"wp-caption-text\">Os projetos das cadeias produtivas adequam o planejamento do Seagri para a agricultura nos pr\u00f3ximos quatro anos<\/figcaption><\/figure>\n<p>Esta semana os t\u00e9cnicos da Emater-RO e Secretaria de Estado da Agricultura apresentaram ao secret\u00e1rio Evandro Padovani e ao presidente da Emater-RO, Luciano Brand\u00e3o uma minuta dos projetos de desenvolvimento das cadeias produtivas indicadas pelo governo como priorit\u00e1rias. Algumas dessas cadeias j\u00e1 s\u00e3o destaques de produ\u00e7\u00e3o no cen\u00e1rio nacional, mas ainda carentes de incentivos e assist\u00eancia especializada para se consolidarem e at\u00e9 se multiplicarem, ainda na gest\u00e3o desse governo.<\/p>\n<p>Entre as cadeias produtivas bem sucedidas est\u00e3o a do peixe, da pecu\u00e1ria leiteira e a do caf\u00e9, mas mesmo estas cadeias consideradas consolidadas, ainda carecem de investimento p\u00fablico para que se melhore a rentabilidade do produtor, com a consequente amplia\u00e7\u00e3o da produ\u00e7\u00e3o e o aumento da receita fiscal do Estado.<\/p>\n<p>A cadeia do leite est\u00e1 distribu\u00edda em todos os munic\u00edpios do Estado, com cerca de 33 mil unidades produtivas de pecu\u00e1ria leiteira, destas 96% possuem at\u00e9 30 vacas por produtor, apenas 1% dos produtores de leite possuem mais de 50vacas. O objetivo do governo de Rond\u00f4nia \u00e9 promover programas de incentivo a melhoria das pastagens, desenvolver assist\u00eancia t\u00e9cnica com foco na gest\u00e3o econ\u00f4mica, social e ambiental. E com o uso de boas pr\u00e1ticas de produ\u00e7\u00e3o conseguir em quatro anos elevar em 100% a produ\u00e7\u00e3o leiteira.<\/p>\n<figure id=\"attachment_6756\" aria-describedby=\"caption-attachment-6756\" style=\"width: 606px\" class=\"wp-caption alignright\"><img decoding=\"async\" loading=\"lazy\" class=\"wp-image-6756\" src=\"http:\/\/www.emater.ro.gov.br\/ematerro\/wp-content\/uploads\/2019\/04\/escola-de-governo-1-1.jpg\" alt=\"escola-de-governo-(1)-(1)\" width=\"606\" height=\"379\" srcset=\"http:\/\/www.emater.ro.gov.br\/ematerro\/wp-content\/uploads\/2019\/04\/escola-de-governo-1-1.jpg 1000w, http:\/\/www.emater.ro.gov.br\/ematerro\/wp-content\/uploads\/2019\/04\/escola-de-governo-1-1-300x188.jpg 300w, http:\/\/www.emater.ro.gov.br\/ematerro\/wp-content\/uploads\/2019\/04\/escola-de-governo-1-1-768x480.jpg 768w\" sizes=\"(max-width: 606px) 100vw, 606px\" \/><figcaption id=\"caption-attachment-6756\" class=\"wp-caption-text\">O planejamento da Seagri e emater prev\u00ea o desenvolvimento priorit\u00e1rio a 12 cadeias produtivas<\/figcaption><\/figure>\n<p>Existem outras cadeias como a de hortali\u00e7as e a de frutas que carecem de desenvolvimento. O estado ainda importa mais de 50% de seu consumo de frutas e verduras, apesar de dispor de solo, clima, e abund\u00e2ncia de \u00e1gua, dispon\u00edvel para irriga\u00e7\u00e3o. Mesmo com boas condi\u00e7\u00f5es para produzir, a fruticultura e a olericultura ( produ\u00e7\u00e3o de hortali\u00e7as), ainda s\u00e3o deficientes em nosso estado, com impactos na seguran\u00e7a alimentar, e na evas\u00e3o de capitais.<\/p>\n<p>A proposta do Estado \u00e9 reduzir a depend\u00eancia de importa\u00e7\u00e3o dos atuais 61% para 20% do consumo, desses g\u00eaneros de primeira necessidade.<\/p>\n<p>Para apoiar a produ\u00e7\u00e3o de frutas e verduras, produtos indispens\u00e1veis \u00e0 manuten\u00e7\u00e3o da nutri\u00e7\u00e3o e sa\u00fade humana, o governo planeja oferecer assist\u00eancia t\u00e9cnica qualificada para quatro mil produtores de hortali\u00e7as e elevar a produtividade de 20 para 26,5 toneladas por hectare ano.<\/p>\n<p>A proposta \u00e9 parte do projeto de instala\u00e7\u00e3o de uma Central de Abastecimento na capital, e inclui o incremento de outras a\u00e7\u00f5es a serem executadas em todos os munic\u00edpios, notadamente naqueles mais populosos para equacionar ou mitigar fatores limitantes da competitividade e do desenvolvimento das cadeias produtivas hortifrutigranjeiras, especialmente a dificuldade log\u00edstica, (transporte, armazenamento, e outros).<\/p>\n<p>Outras cadeias produtivas entre elas a aquicultura, suinocultura e avicultura compor\u00e3o o pacote tecnol\u00f3gico que est\u00e1 sendo organizado e ser\u00e1 oferecido \u00e0 classe produtora rural rondoniense, como parte da diretriz agr\u00edcola proposta pela Seagri, para execu\u00e7\u00e3o pelos diversos \u00f3rg\u00e3os do Estado, com destaque para a Emater-RO, entidade executora da pol\u00edtica de assist\u00eancia t\u00e9cnica e extens\u00e3o rural de Rond\u00f4nia.<\/p>\n<p>Texto :Enoque Oliveira<\/p>\n<p>Fotos : Robson Paiva<\/p>\n","protected":false},"excerpt":{"rendered":"<p>A Produ\u00e7\u00e3o rural do estado de Rond\u00f4nia dever\u00e1 viver um novo per\u00edodo de prosperidade, \u00e9 o que se desenha com a proposta da nova diretriz para a agricultura no Estado, [&hellip;]<\/p>\n","protected":false},"author":8,"featured_media":6756,"comment_status":"closed","ping_status":"closed","sticky":false,"template":"","format":"standard","meta":[],"categories":[9,12],"tags":[410],"_links":{"self":[{"href":"http:\/\/www.emater.ro.gov.br\/ematerro\/wp-json\/wp\/v2\/posts\/6750"}],"collection":[{"href":"http:\/\/www.emater.ro.gov.br\/ematerro\/wp-json\/wp\/v2\/posts"}],"about":[{"href":"http:\/\/www.emater.ro.gov.br\/ematerro\/wp-json\/wp\/v2\/types\/post"}],"author":[{"embeddable":true,"href":"http:\/\/www.emater.ro.gov.br\/ematerro\/wp-json\/wp\/v2\/users\/8"}],"replies":[{"embeddable":true,"href":"http:\/\/www.emater.ro.gov.br\/ematerro\/wp-json\/wp\/v2\/comments?post=6750"}],"version-history":[{"count":5,"href":"http:\/\/www.emater.ro.gov.br\/ematerro\/wp-json\/wp\/v2\/posts\/6750\/revisions"}],"predecessor-version":[{"id":6760,"href":"http:\/\/www.emater.ro.gov.br\/ematerro\/wp-json\/wp\/v2\/posts\/6750\/revisions\/6760"}],"wp:featuredmedia":[{"embeddable":true,"href":"http:\/\/www.emater.ro.gov.br\/ematerro\/wp-json\/wp\/v2\/media\/6756"}],"wp:attachment":[{"href":"http:\/\/www.emater.ro.gov.br\/ematerro\/wp-json\/wp\/v2\/media?parent=6750"}],"wp:term":[{"taxonomy":"category","embeddable":true,"href":"http:\/\/www.emater.ro.gov.br\/ematerro\/wp-json\/wp\/v2\/categories?post=6750"},{"taxonomy":"post_tag","embeddable":true,"href":"http:\/\/www.emater.ro.gov.br\/ematerro\/wp-json\/wp\/v2\/tags?post=6750"}],"curies":[{"name":"wp","href":"https:\/\/api.w.org\/{rel}","templated":true}]}}