{"id":6449,"date":"2019-02-18T09:09:00","date_gmt":"2019-02-18T13:09:00","guid":{"rendered":"http:\/\/www.emater.ro.gov.br\/ematerro\/?p=6449"},"modified":"2019-02-18T09:09:00","modified_gmt":"2019-02-18T13:09:00","slug":"tecnologia-facilitara-relacao-entre-tecnicos-e-produtores-rurais","status":"publish","type":"post","link":"http:\/\/www.emater.ro.gov.br\/ematerro\/2019\/02\/18\/tecnologia-facilitara-relacao-entre-tecnicos-e-produtores-rurais\/","title":{"rendered":"Tecnologia facilitar\u00e1 rela\u00e7\u00e3o entre t\u00e9cnicos e produtores rurais"},"content":{"rendered":"<p>Dar funcionalidade aos servi\u00e7os de assist\u00eancia t\u00e9cnica e extens\u00e3o rural de forma mais efetiva, \u00e1gil e moderna foi o tema da discuss\u00e3o entre os t\u00e9cnicos da Emater-RO e representantes da Diretoria Executiva de Tecnologia da Informa\u00e7\u00e3o e Comunica\u00e7\u00e3o (Detic), do governo estadual. O encontro foi realizado na sexta-feira (15), na sala de reuni\u00f5es da autarquia, e levou a proposta de integrar os \u00f3rg\u00e3os afins por meio de um aplicativo que atenda as necessidades de todos. O aplicativo do agricultor, vencedor da 4\u00aa edi\u00e7\u00e3o do pr\u00eamio Boas ideias, foi criado pela extensionista da Emater-RO, Lilian Barbosa.<\/p>\n<figure id=\"attachment_6450\" aria-describedby=\"caption-attachment-6450\" style=\"width: 1000px\" class=\"wp-caption aligncenter\"><img decoding=\"async\" loading=\"lazy\" class=\"size-full wp-image-6450\" src=\"http:\/\/www.emater.ro.gov.br\/ematerro\/wp-content\/uploads\/2019\/02\/Tecnologia-facilitara-relacao-entre-tecnicos-e-agricultores_002-foto-IRENE-MENDES.jpg\" alt=\"O aplicativo vai trabalhar com as principais atividades econ\u00f4micas desenvolvidas no estado.\" width=\"1000\" height=\"625\" srcset=\"http:\/\/www.emater.ro.gov.br\/ematerro\/wp-content\/uploads\/2019\/02\/Tecnologia-facilitara-relacao-entre-tecnicos-e-agricultores_002-foto-IRENE-MENDES.jpg 1000w, http:\/\/www.emater.ro.gov.br\/ematerro\/wp-content\/uploads\/2019\/02\/Tecnologia-facilitara-relacao-entre-tecnicos-e-agricultores_002-foto-IRENE-MENDES-300x188.jpg 300w, http:\/\/www.emater.ro.gov.br\/ematerro\/wp-content\/uploads\/2019\/02\/Tecnologia-facilitara-relacao-entre-tecnicos-e-agricultores_002-foto-IRENE-MENDES-768x480.jpg 768w\" sizes=\"(max-width: 1000px) 100vw, 1000px\" \/><figcaption id=\"caption-attachment-6450\" class=\"wp-caption-text\">O aplicativo vai trabalhar com as principais atividades econ\u00f4micas desenvolvidas no estado.<\/figcaption><\/figure>\n<p>A proposta inicial do aplicativo do agricultor apresentada pela extensionista visa estreitar o relacionamento entre os t\u00e9cnicos da Emater-RO e as fam\u00edlias rurais acelerando os ganhos econ\u00f4micos e os processos das propriedades rurais por meio do celular que hoje, segundo pesquisa da pr\u00f3pria extensionista, est\u00e1 presente em cerca de 90% da propriedade. Convidados para colocar o aplicativo em pr\u00e1tica, a Detic, \u00f3rg\u00e3o ligado \u00e0 Superintend\u00eancia do Estado para Resultados (EpR), viu a oportunidade de integrar as a\u00e7\u00f5es dos \u00f3rg\u00e3os ligados ao segmento produtivo dando maior alcance e aproveitamento das informa\u00e7\u00f5es colhidas.<\/p>\n<p>Assim, o aplicativo do agricultor dever\u00e1 contar com a jun\u00e7\u00e3o de banco de dados da Secretaria de Agricultura (Seagri), Secretaria de Desenvolvimento Ambiental (Sedam) Ag\u00eancia Idaron e Emater-RO. \u201cPara a Emater, esse processo dar\u00e1 maior funcionalidade aos servi\u00e7os de assist\u00eancia t\u00e9cnica e extens\u00e3o rural\u201d, enfatiza Luciano Brand\u00e3o, presidente da autarquia.<\/p>\n<figure id=\"attachment_6453\" aria-describedby=\"caption-attachment-6453\" style=\"width: 300px\" class=\"wp-caption alignright\"><img decoding=\"async\" loading=\"lazy\" class=\"wp-image-6453\" src=\"http:\/\/www.emater.ro.gov.br\/ematerro\/wp-content\/uploads\/2019\/02\/Tecnologia-facilitara-relacao-entre-tecnicos-e-agricultores_004-foto-IRENE-MENDES.jpg\" alt=\"Esse processo dar\u00e1 maior funcionalidade aos servi\u00e7os de Ater.\" width=\"300\" height=\"188\" srcset=\"http:\/\/www.emater.ro.gov.br\/ematerro\/wp-content\/uploads\/2019\/02\/Tecnologia-facilitara-relacao-entre-tecnicos-e-agricultores_004-foto-IRENE-MENDES.jpg 1000w, http:\/\/www.emater.ro.gov.br\/ematerro\/wp-content\/uploads\/2019\/02\/Tecnologia-facilitara-relacao-entre-tecnicos-e-agricultores_004-foto-IRENE-MENDES-300x188.jpg 300w, http:\/\/www.emater.ro.gov.br\/ematerro\/wp-content\/uploads\/2019\/02\/Tecnologia-facilitara-relacao-entre-tecnicos-e-agricultores_004-foto-IRENE-MENDES-768x480.jpg 768w\" sizes=\"(max-width: 300px) 100vw, 300px\" \/><figcaption id=\"caption-attachment-6453\" class=\"wp-caption-text\">Esse processo dar\u00e1 maior funcionalidade aos servi\u00e7os de Ater.<\/figcaption><\/figure>\n<p>A princ\u00edpio o objetivo \u00e9 trabalhar com as principais atividades desenvolvidas no estado, hoje, como bovinocultura, cafeicultura, piscicultura, utilizando-se banco de links, buscando a converg\u00eancia nas secretarias que comp\u00f5em o setor produtivo. Dessa forma espera-se desburocratizar e tornar mais eficiente tanto a log\u00edstica de a\u00e7\u00f5es como as informa\u00e7\u00f5es p\u00fablicas.<\/p>\n<p>O aplicativo ainda est\u00e1 em processo de constru\u00e7\u00e3o, mas quando estiver dispon\u00edvel ir\u00e1 facilitar o relacionamento entre os produtores rurais e os t\u00e9cnicos dos \u00f3rg\u00e3os envolvidos no processo, dando uma nova din\u00e2mica nas a\u00e7\u00f5es voltadas para o campo.<\/p>\n<p style=\"text-align: right;\">\n<em>Texto: Wania Ressutti<\/em><br \/>\n<em>Jornalista \u2013 MTE-1744\/RO<\/em><br \/>\n<em>Fotos: Irene Mendes<\/em><br \/>\n<em>Rep\u00f3rter fotogr\u00e1fica \u2013 MTE-368\/RO<\/em><br \/>\n<em>EMATER-RO<\/em><\/p>\n","protected":false},"excerpt":{"rendered":"<p>Dar funcionalidade aos servi\u00e7os de assist\u00eancia t\u00e9cnica e extens\u00e3o rural de forma mais efetiva, \u00e1gil e moderna foi o tema da discuss\u00e3o entre os t\u00e9cnicos da Emater-RO e representantes da [&hellip;]<\/p>\n","protected":false},"author":9,"featured_media":6451,"comment_status":"closed","ping_status":"closed","sticky":false,"template":"","format":"standard","meta":[],"categories":[10,9,12],"tags":[156,188,45,46],"_links":{"self":[{"href":"http:\/\/www.emater.ro.gov.br\/ematerro\/wp-json\/wp\/v2\/posts\/6449"}],"collection":[{"href":"http:\/\/www.emater.ro.gov.br\/ematerro\/wp-json\/wp\/v2\/posts"}],"about":[{"href":"http:\/\/www.emater.ro.gov.br\/ematerro\/wp-json\/wp\/v2\/types\/post"}],"author":[{"embeddable":true,"href":"http:\/\/www.emater.ro.gov.br\/ematerro\/wp-json\/wp\/v2\/users\/9"}],"replies":[{"embeddable":true,"href":"http:\/\/www.emater.ro.gov.br\/ematerro\/wp-json\/wp\/v2\/comments?post=6449"}],"version-history":[{"count":3,"href":"http:\/\/www.emater.ro.gov.br\/ematerro\/wp-json\/wp\/v2\/posts\/6449\/revisions"}],"predecessor-version":[{"id":6455,"href":"http:\/\/www.emater.ro.gov.br\/ematerro\/wp-json\/wp\/v2\/posts\/6449\/revisions\/6455"}],"wp:featuredmedia":[{"embeddable":true,"href":"http:\/\/www.emater.ro.gov.br\/ematerro\/wp-json\/wp\/v2\/media\/6451"}],"wp:attachment":[{"href":"http:\/\/www.emater.ro.gov.br\/ematerro\/wp-json\/wp\/v2\/media?parent=6449"}],"wp:term":[{"taxonomy":"category","embeddable":true,"href":"http:\/\/www.emater.ro.gov.br\/ematerro\/wp-json\/wp\/v2\/categories?post=6449"},{"taxonomy":"post_tag","embeddable":true,"href":"http:\/\/www.emater.ro.gov.br\/ematerro\/wp-json\/wp\/v2\/tags?post=6449"}],"curies":[{"name":"wp","href":"https:\/\/api.w.org\/{rel}","templated":true}]}}