{"id":6437,"date":"2019-02-15T11:28:26","date_gmt":"2019-02-15T15:28:26","guid":{"rendered":"http:\/\/www.emater.ro.gov.br\/ematerro\/?p=6437"},"modified":"2019-02-19T07:52:29","modified_gmt":"2019-02-19T11:52:29","slug":"ministerio-da-agricultura-amplia-prazo-de-validade-da-dap-para-dois-anos","status":"publish","type":"post","link":"http:\/\/www.emater.ro.gov.br\/ematerro\/2019\/02\/15\/ministerio-da-agricultura-amplia-prazo-de-validade-da-dap-para-dois-anos\/","title":{"rendered":"Minist\u00e9rio da Agricultura amplia prazo de validade da DAP para dois anos"},"content":{"rendered":"<figure id=\"attachment_6438\" aria-describedby=\"caption-attachment-6438\" style=\"width: 322px\" class=\"wp-caption alignright\"><img decoding=\"async\" loading=\"lazy\" class=\"wp-image-6438\" src=\"http:\/\/www.emater.ro.gov.br\/ematerro\/wp-content\/uploads\/2019\/02\/agricultor-melancia.jpg\" alt=\"agricultor-melancia\" width=\"322\" height=\"484\" srcset=\"http:\/\/www.emater.ro.gov.br\/ematerro\/wp-content\/uploads\/2019\/02\/agricultor-melancia.jpg 600w, http:\/\/www.emater.ro.gov.br\/ematerro\/wp-content\/uploads\/2019\/02\/agricultor-melancia-200x300.jpg 200w\" sizes=\"(max-width: 322px) 100vw, 322px\" \/><figcaption id=\"caption-attachment-6438\" class=\"wp-caption-text\">atrav\u00e9s da DAP o agricultor pode acessar os programas os programas de venda direta para o governo<\/figcaption><\/figure>\n<p>Para facilitar o acesso dos agricultores aos programas e pol\u00edticas p\u00fablicas do governo federal e tamb\u00e9m do governo estadual, o Minist\u00e9rio da Agricultura publicou no final de janeiro portaria que amplia o prazo de validade da Declara\u00e7\u00e3o de Aptid\u00e3o ao Programa Nacional da Agricultura Familiar (DAP).<\/p>\n<p>Todo agricultor familiar precisa de uma a DAP, o documento emitido gratuitamente pela Emater-RO e demais entidades credenciadas, \u00e9 t\u00e3o importante que j\u00e1 virou uma esp\u00e9cie de passaporte de acesso aos benef\u00edcios p\u00fablicos,destinados a agricultores de pequeno porte, que explorem a propriedade rural com a for\u00e7a de trabalho da fam\u00edlia.<\/p>\n<p>Para adquirir uma DAP o agricultor benefici\u00e1rio precisa possuir, a qualquer t\u00edtulo, um estabelecimento rural de at\u00e9 quatro m\u00f3dulos rurais, onde explore atividade agr\u00e1ria com m\u00e3o de obra familiar. A DAP pode ser principal ou acess\u00f3ria, esta segunda \u00e9 emitida quando outro membro da fam\u00edlia ou agregado desenvolva uma atividade independente, na mesma propriedade onde j\u00e1 tenha sido emitida uma DAP principal.<\/p>\n<p>O documento \u00e9 exigido, entre outras coisas, para o produtor rural pleitear um financiamento atrav\u00e9s do Pronaf, se cadastrar nos Programas de venda direta para o governo, como o Programa de Aquisi\u00e7\u00e3o de Alimentos (PAA). Programa\u00a0 Nacional de Merenda Escolar PNAE, ou para se habilitar \u00e0 compra de milho na Conab. E tamb\u00e9m para se habilitar a participar do Programa Estadual de Verticaliza\u00e7\u00e3o da Produ\u00e7\u00e3o, o Prove, que incentiva a agroind\u00fastria familiar.<\/p>\n<p>S\u00e3o muitas as raz\u00f5es para o agricultor tirar uma DAP e n\u00e3o \u00e9 somente o propriet\u00e1rio que precisa deste documento. O trabalhador rural, arrendat\u00e1rio ou meeiro tamb\u00e9m pode ter uma DAP, inclusive para facilitar o acesso ao Programa de Cr\u00e9dito Fundi\u00e1rio, que permite ao trabalhador sem terra ou com pouca terra, comprar uma parcela de terras com juros e prazos especiais.<\/p>\n<p>O prazo maior de validade da DAP, que era de apenas um ano e agora passa a valer por dois anos, evita que o agricultor tenha que enfrentar fila na hora de solicitar a emiss\u00e3o ou a renova\u00e7\u00e3o do documento, que mesmo sendo gratuito exige o deslocamento do produtor at\u00e9 um escrit\u00f3rio da Emater-RO ou outra entidade autorizada a emitir.<\/p>\n<p style=\"text-align: right;\"><em>Texto: Enoque de Oliveira<\/em><br \/>\n<em>Fotos: Irene Mendes\u00a0 \u00a0 \u00a0 \u00a0 \u00a0\u00a0<\/em><\/p>\n<p>&nbsp;<\/p>\n","protected":false},"excerpt":{"rendered":"<p>Para facilitar o acesso dos agricultores aos programas e pol\u00edticas p\u00fablicas do governo federal e tamb\u00e9m do governo estadual, o Minist\u00e9rio da Agricultura publicou no final de janeiro portaria que [&hellip;]<\/p>\n","protected":false},"author":8,"featured_media":6439,"comment_status":"closed","ping_status":"closed","sticky":false,"template":"","format":"standard","meta":[],"categories":[17,9,12],"tags":[],"_links":{"self":[{"href":"http:\/\/www.emater.ro.gov.br\/ematerro\/wp-json\/wp\/v2\/posts\/6437"}],"collection":[{"href":"http:\/\/www.emater.ro.gov.br\/ematerro\/wp-json\/wp\/v2\/posts"}],"about":[{"href":"http:\/\/www.emater.ro.gov.br\/ematerro\/wp-json\/wp\/v2\/types\/post"}],"author":[{"embeddable":true,"href":"http:\/\/www.emater.ro.gov.br\/ematerro\/wp-json\/wp\/v2\/users\/8"}],"replies":[{"embeddable":true,"href":"http:\/\/www.emater.ro.gov.br\/ematerro\/wp-json\/wp\/v2\/comments?post=6437"}],"version-history":[{"count":7,"href":"http:\/\/www.emater.ro.gov.br\/ematerro\/wp-json\/wp\/v2\/posts\/6437\/revisions"}],"predecessor-version":[{"id":6467,"href":"http:\/\/www.emater.ro.gov.br\/ematerro\/wp-json\/wp\/v2\/posts\/6437\/revisions\/6467"}],"wp:featuredmedia":[{"embeddable":true,"href":"http:\/\/www.emater.ro.gov.br\/ematerro\/wp-json\/wp\/v2\/media\/6439"}],"wp:attachment":[{"href":"http:\/\/www.emater.ro.gov.br\/ematerro\/wp-json\/wp\/v2\/media?parent=6437"}],"wp:term":[{"taxonomy":"category","embeddable":true,"href":"http:\/\/www.emater.ro.gov.br\/ematerro\/wp-json\/wp\/v2\/categories?post=6437"},{"taxonomy":"post_tag","embeddable":true,"href":"http:\/\/www.emater.ro.gov.br\/ematerro\/wp-json\/wp\/v2\/tags?post=6437"}],"curies":[{"name":"wp","href":"https:\/\/api.w.org\/{rel}","templated":true}]}}