{"id":632,"date":"2016-07-29T12:52:27","date_gmt":"2016-07-29T16:52:27","guid":{"rendered":"http:\/\/www.emater.ro.gov.br\/ematerro\/?p=632"},"modified":"2016-07-29T13:08:53","modified_gmt":"2016-07-29T17:08:53","slug":"secretario-da-agricultura-familiar-vem-rondonia-e-propoe-novos-convenios-para-ater","status":"publish","type":"post","link":"http:\/\/www.emater.ro.gov.br\/ematerro\/2016\/07\/29\/secretario-da-agricultura-familiar-vem-rondonia-e-propoe-novos-convenios-para-ater\/","title":{"rendered":"Secret\u00e1rio da Agricultura Familiar vem Rond\u00f4nia e prop\u00f5e novos conv\u00eanios para ATER"},"content":{"rendered":"<p style=\"text-align: justify\"><img decoding=\"async\" loading=\"lazy\" class=\"alignnone size-medium wp-image-633\" src=\"http:\/\/www.emater.ro.gov.br\/ematerro\/wp-content\/uploads\/2016\/07\/DSC09011-300x169.jpg\" alt=\"DSC09011\" width=\"300\" height=\"169\" srcset=\"http:\/\/www.emater.ro.gov.br\/ematerro\/wp-content\/uploads\/2016\/07\/DSC09011-300x169.jpg 300w, http:\/\/www.emater.ro.gov.br\/ematerro\/wp-content\/uploads\/2016\/07\/DSC09011-768x432.jpg 768w, http:\/\/www.emater.ro.gov.br\/ematerro\/wp-content\/uploads\/2016\/07\/DSC09011-1024x576.jpg 1024w, http:\/\/www.emater.ro.gov.br\/ematerro\/wp-content\/uploads\/2016\/07\/DSC09011.jpg 1920w\" sizes=\"(max-width: 300px) 100vw, 300px\" \/> A Emater-RO recebeu esta semana o diretor do Departamento de Assist\u00eancia T\u00e9cnica e Extens\u00e3o Rural (Dater) Everton Augusto de Paiva Ferreira, que interinamente acumula tamb\u00e9m o cargo de secret\u00e1rio especial da agricultura familiar e desenvolvimento agr\u00e1rio, a Secretaria \u00e9 ligada a Casa Civil da Presid\u00eancia da Rep\u00fablica. O ilustre visitante veio a Rond\u00f4nia para discutir quest\u00f5es das cadeias produtivas do leite, caf\u00e9 e agroecologia.<\/p>\n<p style=\"text-align: justify\">Atualmente a Emater-RO executa contratos firmados com o antigo Minist\u00e9rio do Desenvolvimento Agr\u00e1rio que beneficia mais de tr\u00eas mil agricultores que produzem caf\u00e9, leite, ou praticam agroecologia, nos territ\u00f3rios da cidadania Zona da Mata, Central, Rio Machado, Vale do Guapor\u00e9 e Vale do Jamari.<\/p>\n<p style=\"text-align: justify\">Durante a reuni\u00e3o tamb\u00e9m foi avaliado o trabalho desenvolvido pelos extensionistas para inclus\u00e3o econ\u00f4mica de agricultores do Estado que viviam em condi\u00e7\u00f5es de extrema pobreza. .<\/p>\n<p style=\"text-align: justify\">Ao final da reuni\u00e3o ficou pactuado entre o secret\u00e1rio especial e a dire\u00e7\u00e3o da Emater-RO a apresenta\u00e7\u00e3o de um projeto para equipar o servi\u00e7o de assist\u00eancia t\u00e9cnica e extens\u00e3o rural rondoniense com novos computadores e ve\u00edculos no valor de 2 milh\u00f5es de Reais, e ainda outra proposta de capacita\u00e7\u00e3o t\u00e9cnica para extensionistas que ainda ser\u00e1 avaliado pela Secretaria Especial da Agricultura Familiar e do Desenvolvimento Agr\u00e1rio.<\/p>\n<p style=\"text-align: justify\">Texto e fotos: Enoque de Oliveira<\/p>\n<p style=\"text-align: center\"><img decoding=\"async\" loading=\"lazy\" class=\"alignnone size-medium wp-image-634\" src=\"http:\/\/www.emater.ro.gov.br\/ematerro\/wp-content\/uploads\/2016\/07\/DSC09013-300x169.jpg\" alt=\"DSC09013\" width=\"300\" height=\"169\" srcset=\"http:\/\/www.emater.ro.gov.br\/ematerro\/wp-content\/uploads\/2016\/07\/DSC09013-300x169.jpg 300w, http:\/\/www.emater.ro.gov.br\/ematerro\/wp-content\/uploads\/2016\/07\/DSC09013-768x432.jpg 768w, http:\/\/www.emater.ro.gov.br\/ematerro\/wp-content\/uploads\/2016\/07\/DSC09013-1024x576.jpg 1024w, http:\/\/www.emater.ro.gov.br\/ematerro\/wp-content\/uploads\/2016\/07\/DSC09013.jpg 1920w\" sizes=\"(max-width: 300px) 100vw, 300px\" \/><\/p>\n","protected":false},"excerpt":{"rendered":"<p>A Emater-RO recebeu esta semana o diretor do Departamento de Assist\u00eancia T\u00e9cnica e Extens\u00e3o Rural (Dater) Everton Augusto de Paiva Ferreira, que interinamente acumula tamb\u00e9m o cargo de secret\u00e1rio especial [&hellip;]<\/p>\n","protected":false},"author":8,"featured_media":0,"comment_status":"closed","ping_status":"closed","sticky":false,"template":"","format":"standard","meta":[],"categories":[9],"tags":[33],"_links":{"self":[{"href":"http:\/\/www.emater.ro.gov.br\/ematerro\/wp-json\/wp\/v2\/posts\/632"}],"collection":[{"href":"http:\/\/www.emater.ro.gov.br\/ematerro\/wp-json\/wp\/v2\/posts"}],"about":[{"href":"http:\/\/www.emater.ro.gov.br\/ematerro\/wp-json\/wp\/v2\/types\/post"}],"author":[{"embeddable":true,"href":"http:\/\/www.emater.ro.gov.br\/ematerro\/wp-json\/wp\/v2\/users\/8"}],"replies":[{"embeddable":true,"href":"http:\/\/www.emater.ro.gov.br\/ematerro\/wp-json\/wp\/v2\/comments?post=632"}],"version-history":[{"count":2,"href":"http:\/\/www.emater.ro.gov.br\/ematerro\/wp-json\/wp\/v2\/posts\/632\/revisions"}],"predecessor-version":[{"id":636,"href":"http:\/\/www.emater.ro.gov.br\/ematerro\/wp-json\/wp\/v2\/posts\/632\/revisions\/636"}],"wp:attachment":[{"href":"http:\/\/www.emater.ro.gov.br\/ematerro\/wp-json\/wp\/v2\/media?parent=632"}],"wp:term":[{"taxonomy":"category","embeddable":true,"href":"http:\/\/www.emater.ro.gov.br\/ematerro\/wp-json\/wp\/v2\/categories?post=632"},{"taxonomy":"post_tag","embeddable":true,"href":"http:\/\/www.emater.ro.gov.br\/ematerro\/wp-json\/wp\/v2\/tags?post=632"}],"curies":[{"name":"wp","href":"https:\/\/api.w.org\/{rel}","templated":true}]}}