{"id":6084,"date":"2018-12-14T11:08:20","date_gmt":"2018-12-14T15:08:20","guid":{"rendered":"http:\/\/www.emater.ro.gov.br\/ematerro\/?p=6084"},"modified":"2018-12-14T11:08:20","modified_gmt":"2018-12-14T15:08:20","slug":"emater-ro-coordenada-encontro-de-cafeicultores-de-presidente-medici","status":"publish","type":"post","link":"http:\/\/www.emater.ro.gov.br\/ematerro\/2018\/12\/14\/emater-ro-coordenada-encontro-de-cafeicultores-de-presidente-medici\/","title":{"rendered":"Emater-RO coordenada encontro de cafeicultores de Presidente M\u00e9dici"},"content":{"rendered":"<p>O 2\u00ba II Encontro do Projeto de Desenvolvimento da Cafeicultura com Sustentabilidade reuniu, no dia 30 de novembro, produtores, t\u00e9cnicos e autoridades no munic\u00edpio de Presidente M\u00e9dici, para discutir assuntos referentes \u00e0 cadeia produtiva do caf\u00e9 na regi\u00e3o. O evento foi realizado na sede do escrit\u00f3rio local da Emater-RO em parceria entre a autarquia e a Prefeitura de Presidente M\u00e9dici, atrav\u00e9s da Secretaria Municipal da Agricultura, do Meio Ambiente e do Turismo de Presidente M\u00e9dici (Semat), e apoio da iniciativa privada.<\/p>\n<p>A atividade contou com 65 participantes que assistiram a apresenta\u00e7\u00e3o do extensionista da Emater-RO de Presidente M\u00e9dici, Wagner Osair de Oliveira, sobre os resultados alcan\u00e7ados, desde o in\u00edcio do projeto, em 2016. Segundo o extensionista, que tamb\u00e9m coordenou o evento, um dos resultados de maior relev\u00e2ncia foi a elabora\u00e7\u00e3o de uma proposta atendida dentro do projeto de desenvolvimento sustentado pelo Programa de Assist\u00eancia T\u00e9cnica e Extens\u00e3o Rural (Proater) 2016\/2018. \u201cEssa proposta foi o marco inicial de tudo o que vinha acontecendo desde ent\u00e3o\u201d comentou Wagner, dizendo que, quando aqui chegou, no final do ano de 2015, elaborou o projeto sustent\u00e1vel com a equipe t\u00e9cnica local.<\/p>\n<p>Presidente M\u00e9dici apresenta condi\u00e7\u00f5es favor\u00e1veis para a explora\u00e7\u00e3o da atividade, com o cultivo da variedade conilon clonal, que \u00e9 a mais rent\u00e1vel, mas, ao longo dos anos, n\u00e3o contava com uma pol\u00edtica agr\u00edcola para o setor agr\u00e1rio de forma que sustentasse um dos pilares econ\u00f4micos da agricultura como um todo conjunto, pensado na agricultura familiar. A partir desse ano, ao elaborar a proposta, tamb\u00e9m discutiu com os produtores as metodologias a serem aplicadas. \u201cAlgo bastante planejado e fundamentado como documento comprobat\u00f3rio que viesse a dar resultados na pr\u00e1tica.\u201d<\/p>\n<p>Neste ano de 2018, com apoio dos parceiros foram entregues e distribu\u00eddos clones em aproximadamente 80.000 unidades. Essas mudas foram implantadas nas unidades produtivas familiares e resultaram em um incremento de aproximadamente 35 hectares de \u00e1rea implantada e 35 fam\u00edlias beneficiadas, e j\u00e1 h\u00e1 uma demanda de 250.000 mudas para o ano de 2019.<\/p>\n<p>O produtor Giomar Monteiro, residente no munic\u00edpio vizinho de Ministro Andreazza uma refer\u00eancia na cafeicultura tecnificada e foi convidado pela coordena\u00e7\u00e3o para contribuir com uma palestra intitulada \u201cCaso de Sucesso na Atividade do Caf\u00e9 Conilon\u201d, para passar aos participantes suas experi\u00eancias de viv\u00eancia cotidiana, desenvolvendo a atividade por muitos anos e colhendo resultados satisfat\u00f3rios, o que contribuiu para que os agricultores familiares ouvissem e vissem que d\u00e1 resultado e lucratividade nessa modalidade.<\/p>\n<p>Ap\u00f3s foi realizada apresenta\u00e7\u00e3o da palestra \u201cProdu\u00e7\u00e3o de Forma Sustent\u00e1vel do Caf\u00e9 Conilon\u201d, proferida pelo extensionista Wesley Gama, da Emater\/Cacoal, cujo teor enfatizou informa\u00e7\u00f5es t\u00e9cnicas de relev\u00e2ncia, quanto ao alcance de resultados tanto no \u00e2mbito econ\u00f4mico, social e ambiental.<\/p>\n<p>Tamb\u00e9m na ocasi\u00e3o foi dada oportunidade para que a Secretaria de Assist\u00eancia Social de Presidente M\u00e9dici (Semas), repassasse informa\u00e7\u00f5es sobre a explora\u00e7\u00e3o do trabalho infantil no setor agr\u00edcola. Segundo os convidados, Dr. Jos\u00e9 Serra e Tarcisio Beck, a explora\u00e7\u00e3o do trabalho infantil \u00e9 crime e o \u00edndice no munic\u00edpio \u00e9 alto, o que despertou preocupa\u00e7\u00e3o e interesse dos participantes.<\/p>\n<p>Ao t\u00e9rmino das atividades, todos os participantes foram convidados, para o almo\u00e7o e sorteio de brindes, finalizando com os agradecimentos e votos de felicita\u00e7\u00f5es de fim de ano a todos que contribu\u00edram e vieram prestigiar o evento conosco.<\/p>\n    <style>      #bwg_container1_0 #bwg_container2_0 .bwg_standart_thumbnails_0 * {        -moz-box-sizing: border-box;        box-sizing: border-box;      }      #bwg_container1_0 #bwg_container2_0 .bwg_standart_thumb_spun1_0 {        -moz-box-sizing: content-box;        box-sizing: content-box;        background-color: #FFFFFF;        display: inline-block;        height: 90px;        margin: 4px;        padding: 0px;        opacity: 1.00;        filter: Alpha(opacity=100);        text-align: center;        vertical-align: middle;        transition: all 0.3s ease 0s;-webkit-transition: all 0.3s ease 0s;        width: 180px;        z-index: 100;      }      #bwg_container1_0 #bwg_container2_0 .bwg_standart_thumb_spun1_0:hover {        -ms-transform: scale(1.1);        -webkit-transform: scale(1.1);        backface-visibility: hidden;        -webkit-backface-visibility: hidden;        -moz-backface-visibility: hidden;        -ms-backface-visibility: hidden;        opacity: 1;        filter: Alpha(opacity=100);        transform: scale(1.1);        z-index: 102;        position: relative;      }      #bwg_container1_0 #bwg_container2_0 .bwg_standart_thumb_spun2_0 {        border: 0px none #CCCCCC;        border-radius: 0;        box-shadow: 0px 0px 0px #888888;        display: inline-block;        height: 90px;        overflow: hidden;        width: 180px;      }      #bwg_container1_0 #bwg_container2_0 .bwg_standart_thumbnails_0 {        background-color: rgba(255, 255, 255, 0.00);        display: inline-block;        font-size: 0;        max-width: 960px;        text-align: center;      }      #bwg_container1_0 #bwg_container2_0 .bwg_standart_thumb_0 {        display: inline-block;        text-align: center;      }            #bwg_container1_0 #bwg_container2_0 .bwg_standart_thumb_spun1_0:hover .bwg_title_spun1_0 {        left: 0px;        top: 0px;        opacity: 1;        filter: Alpha(opacity=100);      }      #bwg_container1_0 #bwg_container2_0 .bwg_title_spun2_0 {        color: #CCCCCC;        display: table-cell;        font-family: segoe ui;        font-size: 16px;        font-weight: bold;        height: inherit;        padding: 2px;        text-shadow: 0px 0px 0px #888888;        vertical-align: middle;        width: inherit;        word-wrap: break-word;      }      \/*pagination styles*\/      #bwg_container1_0 #bwg_container2_0 .tablenav-pages_0 {        text-align: center;        font-size: 12px;        font-family: segoe ui;        font-weight: bold;        color: #666666;        margin: 6px 0 4px;        display: block;        height: 30px;        line-height: 30px;      }      @media only screen and (max-width : 320px) {        #bwg_container1_0 #bwg_container2_0 .displaying-num_0 {          display: none;        }      }      #bwg_container1_0 #bwg_container2_0 .displaying-num_0 {        font-size: 12px;        font-family: segoe ui;        font-weight: bold;        color: #666666;        margin-right: 10px;        vertical-align: middle;      }      #bwg_container1_0 #bwg_container2_0 .paging-input_0 {        font-size: 12px;        font-family: segoe ui;        font-weight: bold;        color: #666666;        vertical-align: middle;      }      #bwg_container1_0 #bwg_container2_0 .tablenav-pages_0 a.disabled,      #bwg_container1_0 #bwg_container2_0 .tablenav-pages_0 a.disabled:hover,      #bwg_container1_0 #bwg_container2_0 .tablenav-pages_0 a.disabled:focus {        cursor: default;        color: rgba(102, 102, 102, 0.5);      }      #bwg_container1_0 #bwg_container2_0 .tablenav-pages_0 a {        cursor: pointer;        font-size: 12px;        font-family: segoe ui;        font-weight: bold;        color: #666666;        text-decoration: none;        padding: 3px 6px;        margin: 0;        border-radius: 0;        border-style: solid;        border-width: 1px;        border-color: #E3E3E3;        background-color: #FFFFFF;        opacity: 1.00;        filter: Alpha(opacity=100);        box-shadow: 0;        transition: all 0.3s ease 0s;-webkit-transition: all 0.3s ease 0s;      }      #bwg_container1_0 #bwg_container2_0 .bwg_back_0 {        background-color: rgba(0, 0, 0, 0);        color: #000000 !important;        cursor: pointer;        display: block;        font-family: segoe ui;        font-size: 16px;        font-weight: bold;        text-decoration: none;        padding: 0;      }      #bwg_container1_0 #bwg_container2_0 #spider_popup_overlay_0 {        background-color: #000000;        opacity: 0.70;        filter: Alpha(opacity=70);      }     .bwg_play_icon_spun_0 {        width: inherit;        height: inherit;        display: table;        position: absolute;      }\t      .bwg_play_icon_0 {        color: #CCCCCC;        font-size: 32px;        vertical-align: middle;        display: table-cell !important;        z-index: 1;        text-align: center;        margin: 0 auto;      }    <\/style>    <div id=\"bwg_container1_0\">      <div id=\"bwg_container2_0\">        <form id=\"gal_front_form_0\" method=\"post\" action=\"#\">                    <div class=\"bwg_back_0\"><\/div>          <div style=\"background-color:rgba(0, 0, 0, 0); text-align: center; width:100%; position: relative;\">            <div id=\"ajax_loading_0\" style=\"position:absolute;width: 100%; z-index: 115; text-align: center; height: 100%; vertical-align: middle; display:none;\">              <div style=\"display: table; vertical-align: middle; width: 100%; height: 100%; background-color: #FFFFFF; opacity: 0.7; filter: Alpha(opacity=70);\">                <div style=\"display: table-cell; text-align: center; position: relative; vertical-align: middle;\" >                  <div id=\"loading_div_0\" class=\"bwg_spider_ajax_loading\" style=\"display: inline-block; text-align:center; position:relative; vertical-align:middle; background-image:url(http:\/\/www.emater.ro.gov.br\/ematerro\/wp-content\/plugins\/photo-gallery\/images\/ajax_loader.gif); float: none; width:30px;height:30px;background-size:30px 30px;\">                  <\/div>                <\/div>              <\/div>            <\/div>                        <div id=\"bwg_standart_thumbnails_0\" class=\"bwg_standart_thumbnails_0\">                              <a  class=\"bwg_lightbox_0\" href=\"http:\/\/www.emater.ro.gov.br\/ematerro\/wp-content\/uploads\/photo-gallery\/Cafeicultores_EncontroPMedici_(11).jpg\" data-image-id=\"2219\">                  <span class=\"bwg_standart_thumb_0\">                                        <span class=\"bwg_standart_thumb_spun1_0\">                      <span class=\"bwg_standart_thumb_spun2_0\">                                                <img class=\"bwg_standart_thumb_img_0 bwg_img_clear bwg_img_custom\" style=\"width:180px; height:241.07142857143px; margin-left: 0px; margin-top: -75.535714285714px;\" id=\"2219\" src=\"http:\/\/www.emater.ro.gov.br\/ematerro\/wp-content\/uploads\/photo-gallery\/thumb\/Cafeicultores_EncontroPMedici_(11).jpg\" alt=\"Cafeicultores EncontroPMedici (11)\" \/>                      <\/span>                    <\/span>                                      <\/span>                <\/a>                                <a  class=\"bwg_lightbox_0\" href=\"http:\/\/www.emater.ro.gov.br\/ematerro\/wp-content\/uploads\/photo-gallery\/Cafeicultores_EncontroPMedici_(10).jpg\" data-image-id=\"2218\">                  <span class=\"bwg_standart_thumb_0\">                                        <span class=\"bwg_standart_thumb_spun1_0\">                      <span class=\"bwg_standart_thumb_spun2_0\">                                                <img class=\"bwg_standart_thumb_img_0 bwg_img_clear bwg_img_custom\" style=\"width:180px; height:241.07142857143px; margin-left: 0px; margin-top: -75.535714285714px;\" id=\"2218\" src=\"http:\/\/www.emater.ro.gov.br\/ematerro\/wp-content\/uploads\/photo-gallery\/thumb\/Cafeicultores_EncontroPMedici_(10).jpg\" alt=\"Cafeicultores EncontroPMedici (10)\" \/>                      <\/span>                    <\/span>                                      <\/span>                <\/a>                                <a  class=\"bwg_lightbox_0\" href=\"http:\/\/www.emater.ro.gov.br\/ematerro\/wp-content\/uploads\/photo-gallery\/Cafeicultores_EncontroPMedici_(9).jpg\" data-image-id=\"2217\">                  <span class=\"bwg_standart_thumb_0\">                                        <span class=\"bwg_standart_thumb_spun1_0\">                      <span class=\"bwg_standart_thumb_spun2_0\">                                                <img class=\"bwg_standart_thumb_img_0 bwg_img_clear bwg_img_custom\" style=\"width:180px; height:241.07142857143px; margin-left: 0px; margin-top: -75.535714285714px;\" id=\"2217\" src=\"http:\/\/www.emater.ro.gov.br\/ematerro\/wp-content\/uploads\/photo-gallery\/thumb\/Cafeicultores_EncontroPMedici_(9).jpg\" alt=\"Cafeicultores EncontroPMedici (9)\" \/>                      <\/span>                    <\/span>                                      <\/span>                <\/a>                                <a  class=\"bwg_lightbox_0\" href=\"http:\/\/www.emater.ro.gov.br\/ematerro\/wp-content\/uploads\/photo-gallery\/Cafeicultores_EncontroPMedici_(8).jpg\" data-image-id=\"2216\">                  <span class=\"bwg_standart_thumb_0\">                                        <span class=\"bwg_standart_thumb_spun1_0\">                      <span class=\"bwg_standart_thumb_spun2_0\">                                                <img class=\"bwg_standart_thumb_img_0 bwg_img_clear bwg_img_custom\" style=\"width:180px; height:241.07142857143px; margin-left: 0px; margin-top: -75.535714285714px;\" id=\"2216\" src=\"http:\/\/www.emater.ro.gov.br\/ematerro\/wp-content\/uploads\/photo-gallery\/thumb\/Cafeicultores_EncontroPMedici_(8).jpg\" alt=\"Cafeicultores EncontroPMedici (8)\" \/>                      <\/span>                    <\/span>                                      <\/span>                <\/a>                                <a  class=\"bwg_lightbox_0\" href=\"http:\/\/www.emater.ro.gov.br\/ematerro\/wp-content\/uploads\/photo-gallery\/Cafeicultores_EncontroPMedici_(7).jpg\" data-image-id=\"2215\">                  <span class=\"bwg_standart_thumb_0\">                                        <span class=\"bwg_standart_thumb_spun1_0\">                      <span class=\"bwg_standart_thumb_spun2_0\">                                                <img class=\"bwg_standart_thumb_img_0 bwg_img_clear bwg_img_custom\" style=\"width:180px; height:241.07142857143px; margin-left: 0px; margin-top: -75.535714285714px;\" id=\"2215\" src=\"http:\/\/www.emater.ro.gov.br\/ematerro\/wp-content\/uploads\/photo-gallery\/thumb\/Cafeicultores_EncontroPMedici_(7).jpg\" alt=\"Cafeicultores EncontroPMedici (7)\" \/>                      <\/span>                    <\/span>                                      <\/span>                <\/a>                                <a  class=\"bwg_lightbox_0\" href=\"http:\/\/www.emater.ro.gov.br\/ematerro\/wp-content\/uploads\/photo-gallery\/Cafeicultores_EncontroPMedici_(6).jpg\" data-image-id=\"2214\">                  <span class=\"bwg_standart_thumb_0\">                                        <span class=\"bwg_standart_thumb_spun1_0\">                      <span class=\"bwg_standart_thumb_spun2_0\">                                                <img class=\"bwg_standart_thumb_img_0 bwg_img_clear bwg_img_custom\" style=\"width:180px; height:241.07142857143px; margin-left: 0px; margin-top: -75.535714285714px;\" id=\"2214\" src=\"http:\/\/www.emater.ro.gov.br\/ematerro\/wp-content\/uploads\/photo-gallery\/thumb\/Cafeicultores_EncontroPMedici_(6).jpg\" alt=\"Cafeicultores EncontroPMedici (6)\" \/>                      <\/span>                    <\/span>                                      <\/span>                <\/a>                                <a  class=\"bwg_lightbox_0\" href=\"http:\/\/www.emater.ro.gov.br\/ematerro\/wp-content\/uploads\/photo-gallery\/Cafeicultores_EncontroPMedici_(5).jpg\" data-image-id=\"2213\">                  <span class=\"bwg_standart_thumb_0\">                                        <span class=\"bwg_standart_thumb_spun1_0\">                      <span class=\"bwg_standart_thumb_spun2_0\">                                                <img class=\"bwg_standart_thumb_img_0 bwg_img_clear bwg_img_custom\" style=\"width:180px; height:241.07142857143px; margin-left: 0px; margin-top: -75.535714285714px;\" id=\"2213\" src=\"http:\/\/www.emater.ro.gov.br\/ematerro\/wp-content\/uploads\/photo-gallery\/thumb\/Cafeicultores_EncontroPMedici_(5).jpg\" alt=\"Cafeicultores EncontroPMedici (5)\" \/>                      <\/span>                    <\/span>                                      <\/span>                <\/a>                                <a  class=\"bwg_lightbox_0\" href=\"http:\/\/www.emater.ro.gov.br\/ematerro\/wp-content\/uploads\/photo-gallery\/Cafeicultores_EncontroPMedici_(4).jpg\" data-image-id=\"2212\">                  <span class=\"bwg_standart_thumb_0\">                                        <span class=\"bwg_standart_thumb_spun1_0\">                      <span class=\"bwg_standart_thumb_spun2_0\">                                                <img class=\"bwg_standart_thumb_img_0 bwg_img_clear bwg_img_custom\" style=\"width:180px; height:241.07142857143px; margin-left: 0px; margin-top: -75.535714285714px;\" id=\"2212\" src=\"http:\/\/www.emater.ro.gov.br\/ematerro\/wp-content\/uploads\/photo-gallery\/thumb\/Cafeicultores_EncontroPMedici_(4).jpg\" alt=\"Cafeicultores EncontroPMedici (4)\" \/>                      <\/span>                    <\/span>                                      <\/span>                <\/a>                                <a  class=\"bwg_lightbox_0\" href=\"http:\/\/www.emater.ro.gov.br\/ematerro\/wp-content\/uploads\/photo-gallery\/Cafeicultores_EncontroPMedici_(3).jpg\" data-image-id=\"2211\">                  <span class=\"bwg_standart_thumb_0\">                                        <span class=\"bwg_standart_thumb_spun1_0\">                      <span class=\"bwg_standart_thumb_spun2_0\">                                                <img class=\"bwg_standart_thumb_img_0 bwg_img_clear bwg_img_custom\" style=\"width:180px; height:241.07142857143px; margin-left: 0px; margin-top: -75.535714285714px;\" id=\"2211\" src=\"http:\/\/www.emater.ro.gov.br\/ematerro\/wp-content\/uploads\/photo-gallery\/thumb\/Cafeicultores_EncontroPMedici_(3).jpg\" alt=\"Cafeicultores EncontroPMedici (3)\" \/>                      <\/span>                    <\/span>                                      <\/span>                <\/a>                                <a  class=\"bwg_lightbox_0\" href=\"http:\/\/www.emater.ro.gov.br\/ematerro\/wp-content\/uploads\/photo-gallery\/Cafeicultores_EncontroPMedici_(2).jpg\" data-image-id=\"2210\">                  <span class=\"bwg_standart_thumb_0\">                                        <span class=\"bwg_standart_thumb_spun1_0\">                      <span class=\"bwg_standart_thumb_spun2_0\">                                                <img class=\"bwg_standart_thumb_img_0 bwg_img_clear bwg_img_custom\" style=\"width:180px; height:241.07142857143px; margin-left: 0px; margin-top: -75.535714285714px;\" id=\"2210\" src=\"http:\/\/www.emater.ro.gov.br\/ematerro\/wp-content\/uploads\/photo-gallery\/thumb\/Cafeicultores_EncontroPMedici_(2).jpg\" alt=\"Cafeicultores EncontroPMedici (2)\" \/>                      <\/span>                    <\/span>                                      <\/span>                <\/a>                                <a  class=\"bwg_lightbox_0\" href=\"http:\/\/www.emater.ro.gov.br\/ematerro\/wp-content\/uploads\/photo-gallery\/Cafeicultores_EncontroPMedici_(1).jpg\" data-image-id=\"2209\">                  <span class=\"bwg_standart_thumb_0\">                                        <span class=\"bwg_standart_thumb_spun1_0\">                      <span class=\"bwg_standart_thumb_spun2_0\">                                                <img class=\"bwg_standart_thumb_img_0 bwg_img_clear bwg_img_custom\" style=\"width:180px; height:241.07142857143px; margin-left: 0px; margin-top: -75.535714285714px;\" id=\"2209\" src=\"http:\/\/www.emater.ro.gov.br\/ematerro\/wp-content\/uploads\/photo-gallery\/thumb\/Cafeicultores_EncontroPMedici_(1).jpg\" alt=\"Cafeicultores EncontroPMedici (1)\" \/>                      <\/span>                    <\/span>                                      <\/span>                <\/a>                            <\/div>                <span class=\"bwg_nav_cont_0\">        <div class=\"tablenav-pages_0\">          <\/div>          <input type=\"hidden\" id=\"page_number_0\" name=\"page_number_0\" value=\"1\" \/>    <script type=\"text\/javascript\">      function spider_page_0(cur, x, y, load_more) {        if (typeof load_more == \"undefined\") {          var load_more = false;        }        if (jQuery(cur).hasClass('disabled')) {          return false;        }        var items_county_0 = 1;        switch (y) {          case 1:            if (x >= items_county_0) {              document.getElementById('page_number_0').value = items_county_0;            }            else {              document.getElementById('page_number_0').value = x + 1;            }            break;          case 2:            document.getElementById('page_number_0').value = items_county_0;            break;          case -1:            if (x == 1) {              document.getElementById('page_number_0').value = 1;            }            else {              document.getElementById('page_number_0').value = x - 1;            }            break;          case -2:            document.getElementById('page_number_0').value = 1;            break;          default:            document.getElementById('page_number_0').value = 1;        }        spider_frontend_ajax('gal_front_form_0', '0', 'bwg_standart_thumbnails_0', '0', '', 'album', 0, '', '', load_more);      }      jQuery('.first-page-0').on('click', function() {        spider_page_0(this, 1, -2);      });      jQuery('.prev-page-0').on('click', function() {        spider_page_0(this, 1, -1);        return false;      });      jQuery('.next-page-0').on('click', function() {        spider_page_0(this, 1, 1);        return false;      });      jQuery('.last-page-0').on('click', function() {        spider_page_0(this, 1, 2);      });      jQuery('.bwg_load_btn_0').on('click', function() {        spider_page_0(this, 1, 1, true);        return false;      });    <\/script>    <\/span>              <\/div>        <\/form>        <div id=\"bwg_spider_popup_loading_0\" class=\"bwg_spider_popup_loading\"><\/div>        <div id=\"spider_popup_overlay_0\" class=\"spider_popup_overlay\" onclick=\"spider_destroypopup(1000)\"><\/div>      <\/div>    <\/div>    <script>            function bwg_gallery_box_0(image_id) {        var filterTags = jQuery(\"#bwg_tags_id_bwg_standart_thumbnails_0\" ).val() ? jQuery(\"#bwg_tags_id_bwg_standart_thumbnails_0\" ).val() : 0;        var filtersearchname = jQuery(\"#bwg_search_input_0\" ).val() ? jQuery(\"#bwg_search_input_0\" ).val() : '';        spider_createpopup('http:\/\/www.emater.ro.gov.br\/ematerro\/wp-admin\/admin-ajax.php?tag_id=0&action=GalleryBox&current_view=0&gallery_id=111&theme_id=1&thumb_width=180&thumb_height=90&open_with_fullscreen=0&open_with_autoplay=0&image_width=800&image_height=500&image_effect=fade&wd_sor=order&wd_ord= asc &enable_image_filmstrip=1&image_filmstrip_height=50&enable_image_ctrl_btn=1&enable_image_fullscreen=1&popup_enable_info=1&popup_info_always_show=0&popup_info_full_width=0&popup_hit_counter=0&popup_enable_rate=0&slideshow_interval=5&enable_comment_social=1&enable_image_facebook=1&enable_image_twitter=1&enable_image_google=1&enable_image_pinterest=0&enable_image_tumblr=0&watermark_type=none&slideshow_effect_duration=1&image_id=' + image_id + \"&filter_tag_0=\" +  filterTags + \"&filter_search_name_0=\" +  filtersearchname, '0', '800', '500', 1, 'testpopup', 5, \"bottom\");      }      function bwg_document_ready_0() {        var bwg_touch_flag = false;        jQuery(\".bwg_lightbox_0\").on(\"click\", function () {          if (!bwg_touch_flag) {            bwg_touch_flag = true;            setTimeout(function(){ bwg_touch_flag = false; }, 100);            bwg_gallery_box_0(jQuery(this).attr(\"data-image-id\"));            return false;          }        });               }      jQuery(document).ready(function () {        bwg_document_ready_0();      });    <\/script>    \n<p>&nbsp;<\/p>\n","protected":false},"excerpt":{"rendered":"<p>O 2\u00ba II Encontro do Projeto de Desenvolvimento da Cafeicultura com Sustentabilidade reuniu, no dia 30 de novembro, produtores, t\u00e9cnicos e autoridades no munic\u00edpio de Presidente M\u00e9dici, para discutir assuntos [&hellip;]<\/p>\n","protected":false},"author":9,"featured_media":6085,"comment_status":"closed","ping_status":"closed","sticky":false,"template":"","format":"standard","meta":[],"categories":[11],"tags":[65,395,396],"_links":{"self":[{"href":"http:\/\/www.emater.ro.gov.br\/ematerro\/wp-json\/wp\/v2\/posts\/6084"}],"collection":[{"href":"http:\/\/www.emater.ro.gov.br\/ematerro\/wp-json\/wp\/v2\/posts"}],"about":[{"href":"http:\/\/www.emater.ro.gov.br\/ematerro\/wp-json\/wp\/v2\/types\/post"}],"author":[{"embeddable":true,"href":"http:\/\/www.emater.ro.gov.br\/ematerro\/wp-json\/wp\/v2\/users\/9"}],"replies":[{"embeddable":true,"href":"http:\/\/www.emater.ro.gov.br\/ematerro\/wp-json\/wp\/v2\/comments?post=6084"}],"version-history":[{"count":1,"href":"http:\/\/www.emater.ro.gov.br\/ematerro\/wp-json\/wp\/v2\/posts\/6084\/revisions"}],"predecessor-version":[{"id":6086,"href":"http:\/\/www.emater.ro.gov.br\/ematerro\/wp-json\/wp\/v2\/posts\/6084\/revisions\/6086"}],"wp:featuredmedia":[{"embeddable":true,"href":"http:\/\/www.emater.ro.gov.br\/ematerro\/wp-json\/wp\/v2\/media\/6085"}],"wp:attachment":[{"href":"http:\/\/www.emater.ro.gov.br\/ematerro\/wp-json\/wp\/v2\/media?parent=6084"}],"wp:term":[{"taxonomy":"category","embeddable":true,"href":"http:\/\/www.emater.ro.gov.br\/ematerro\/wp-json\/wp\/v2\/categories?post=6084"},{"taxonomy":"post_tag","embeddable":true,"href":"http:\/\/www.emater.ro.gov.br\/ematerro\/wp-json\/wp\/v2\/tags?post=6084"}],"curies":[{"name":"wp","href":"https:\/\/api.w.org\/{rel}","templated":true}]}}