{"id":5926,"date":"2018-12-07T13:25:37","date_gmt":"2018-12-07T17:25:37","guid":{"rendered":"http:\/\/www.emater.ro.gov.br\/ematerro\/?p=5926"},"modified":"2018-12-10T08:55:51","modified_gmt":"2018-12-10T12:55:51","slug":"gerentes-da-emater-ro-debatem-como-melhorar-o-atendimento-a-agricultores-em-porto-velho","status":"publish","type":"post","link":"http:\/\/www.emater.ro.gov.br\/ematerro\/2018\/12\/07\/gerentes-da-emater-ro-debatem-como-melhorar-o-atendimento-a-agricultores-em-porto-velho\/","title":{"rendered":"Gerentes da Emater-RO debatem como melhorar o atendimento a agricultores em Porto Velho"},"content":{"rendered":"<p>Gerentes da Emater-RO na regi\u00e3o de Porto velho que abriga 15 escrit\u00f3rios de atendimento direto ao produtor rural, est\u00e3o reunidos nesta sexta feira para discutir os resultados alcan\u00e7ados neste ano de 2018, analisando as principais quest\u00f5es que resultaram em facilidade ou embara\u00e7o para uma presta\u00e7\u00e3o de servi\u00e7o \u00e1gil e eficaz ao agricultor assistido pelo servi\u00e7o de assist\u00eancia t\u00e9cnica e extens\u00e3o rural.<\/p>\n<figure id=\"attachment_5929\" aria-describedby=\"caption-attachment-5929\" style=\"width: 4512px\" class=\"wp-caption aligncenter\"><img decoding=\"async\" loading=\"lazy\" class=\"wp-image-5929 size-full\" src=\"http:\/\/www.emater.ro.gov.br\/ematerro\/wp-content\/uploads\/2018\/12\/DSC_0055.jpg\" alt=\"DSC_0055\" width=\"4512\" height=\"3000\" srcset=\"http:\/\/www.emater.ro.gov.br\/ematerro\/wp-content\/uploads\/2018\/12\/DSC_0055.jpg 4512w, http:\/\/www.emater.ro.gov.br\/ematerro\/wp-content\/uploads\/2018\/12\/DSC_0055-300x199.jpg 300w, http:\/\/www.emater.ro.gov.br\/ematerro\/wp-content\/uploads\/2018\/12\/DSC_0055-768x511.jpg 768w, http:\/\/www.emater.ro.gov.br\/ematerro\/wp-content\/uploads\/2018\/12\/DSC_0055-1024x681.jpg 1024w, http:\/\/www.emater.ro.gov.br\/ematerro\/wp-content\/uploads\/2018\/12\/DSC_0055-480x320.jpg 480w\" sizes=\"(max-width: 4512px) 100vw, 4512px\" \/><figcaption id=\"caption-attachment-5929\" class=\"wp-caption-text\">Mais de 23 milh\u00f5es foram financiados para agricultores familiares na regi\u00e3o de Porto Velho no de 2018<\/figcaption><\/figure>\n<p>&nbsp;<\/p>\n<p>Logo na abertura dos trabalhos o gerente regional Hilton Uchoa convidou o gerente t\u00e9cnico estadual Jose de Arimat\u00e9ia para apresentar um resumo da apresenta\u00e7\u00e3o feita \u00e0 comiss\u00e3o de transi\u00e7\u00e3o do governo com um retrato da condi\u00e7\u00e3o atual da Autarquia e as propostas para o ano de 2019.<\/p>\n<p>Nos 15 escrit\u00f3rios da Emater-RO na regi\u00e3o do Madeira Mamor\u00e9 que vai de itapu\u00e3 a Guajar\u00e1- Mirim, somente em 2018 foram atendidos aproximadamente oito mil agricultores familiares e at\u00e9 novembro j\u00e1 haviam sido contratadas junto aos bancos 371 opera\u00e7\u00f5es de cr\u00e9dito, que disponibilizaram aos agricultores familiares cadastrados no Pronaf, um volume de recursos no valor de R$ 23.687,00 usados basicamente para investimentos.<\/p>\n<p>Ainda nesta manh\u00e3 o gerente da ag\u00eancia do Banco da Amaz\u00f4nia fez uma breve participa\u00e7\u00e3o na reuni\u00e3o e na oportunidade apresentou sugest\u00f5es para evitar inconsist\u00eancias processuais no encaminhamento dos projetos, evitando-se devolu\u00e7\u00f5es e atrasos na contrata\u00e7\u00e3o do cr\u00e9dito rural. Tamb\u00e9m falou da inadimpl\u00eancia na regi\u00e3o de Porto Velho que est\u00e1 bem acima da m\u00e9dia estadual.<\/p>\n<p>O gerente do banco observou que a maior taxa de inadimpl\u00eancia est\u00e1 entre os produtores ribeirinhos especialmente pescadores nos projetos com mais de 4 anos. Uma causa prov\u00e1vel para a inadimpl\u00eancia, desse publico em especial, explicam os extensionistas da Emater-RO, pode ser principalmente em raz\u00e3o do desastre natural ocorrido no ano de 2014, com a grande cheia do Rio Madeira, quando os produtores perderam praticamente tudo, da tralha de pesca \u00e0s lavouras de subsist\u00eancia, e em alguns casos at\u00e9 as moradias.<\/p>\n<p>A reuni\u00e3o se estender\u00e1 at\u00e9 a tarde com os debates t\u00e9cnicos sobre como melhorar o servi\u00e7o e atendimento aos produtores rurais assistido pela Emater-RO, no pr\u00f3ximo ano e gest\u00e3o.<\/p>\n<p>Texto e foto: Enoque de Oliveira<\/p>\n<p>&nbsp;<\/p>\n","protected":false},"excerpt":{"rendered":"<p>Gerentes da Emater-RO na regi\u00e3o de Porto velho que abriga 15 escrit\u00f3rios de atendimento direto ao produtor rural, est\u00e3o reunidos nesta sexta feira para discutir os resultados alcan\u00e7ados neste ano [&hellip;]<\/p>\n","protected":false},"author":8,"featured_media":5927,"comment_status":"closed","ping_status":"closed","sticky":false,"template":"","format":"standard","meta":[],"categories":[10,9,12],"tags":[],"_links":{"self":[{"href":"http:\/\/www.emater.ro.gov.br\/ematerro\/wp-json\/wp\/v2\/posts\/5926"}],"collection":[{"href":"http:\/\/www.emater.ro.gov.br\/ematerro\/wp-json\/wp\/v2\/posts"}],"about":[{"href":"http:\/\/www.emater.ro.gov.br\/ematerro\/wp-json\/wp\/v2\/types\/post"}],"author":[{"embeddable":true,"href":"http:\/\/www.emater.ro.gov.br\/ematerro\/wp-json\/wp\/v2\/users\/8"}],"replies":[{"embeddable":true,"href":"http:\/\/www.emater.ro.gov.br\/ematerro\/wp-json\/wp\/v2\/comments?post=5926"}],"version-history":[{"count":2,"href":"http:\/\/www.emater.ro.gov.br\/ematerro\/wp-json\/wp\/v2\/posts\/5926\/revisions"}],"predecessor-version":[{"id":5934,"href":"http:\/\/www.emater.ro.gov.br\/ematerro\/wp-json\/wp\/v2\/posts\/5926\/revisions\/5934"}],"wp:featuredmedia":[{"embeddable":true,"href":"http:\/\/www.emater.ro.gov.br\/ematerro\/wp-json\/wp\/v2\/media\/5927"}],"wp:attachment":[{"href":"http:\/\/www.emater.ro.gov.br\/ematerro\/wp-json\/wp\/v2\/media?parent=5926"}],"wp:term":[{"taxonomy":"category","embeddable":true,"href":"http:\/\/www.emater.ro.gov.br\/ematerro\/wp-json\/wp\/v2\/categories?post=5926"},{"taxonomy":"post_tag","embeddable":true,"href":"http:\/\/www.emater.ro.gov.br\/ematerro\/wp-json\/wp\/v2\/tags?post=5926"}],"curies":[{"name":"wp","href":"https:\/\/api.w.org\/{rel}","templated":true}]}}