{"id":590,"date":"2016-07-26T12:10:29","date_gmt":"2016-07-26T16:10:29","guid":{"rendered":"http:\/\/www.emater.ro.gov.br\/ematerro\/?p=590"},"modified":"2016-07-26T13:03:59","modified_gmt":"2016-07-26T17:03:59","slug":"lancada-oficialmente-a-ii-portoagro","status":"publish","type":"post","link":"http:\/\/www.emater.ro.gov.br\/ematerro\/2016\/07\/26\/lancada-oficialmente-a-ii-portoagro\/","title":{"rendered":"Lan\u00e7ada oficialmente a II Portoagro"},"content":{"rendered":"<p style=\"text-align: justify\">Ao som do<img decoding=\"async\" loading=\"lazy\" class=\"size-medium wp-image-595 alignleft\" src=\"http:\/\/www.emater.ro.gov.br\/ematerro\/wp-content\/uploads\/2016\/07\/DSC_0109-300x198.jpg\" alt=\"DSC_0109\" width=\"300\" height=\"198\" srcset=\"http:\/\/www.emater.ro.gov.br\/ematerro\/wp-content\/uploads\/2016\/07\/DSC_0109-300x198.jpg 300w, http:\/\/www.emater.ro.gov.br\/ematerro\/wp-content\/uploads\/2016\/07\/DSC_0109.jpg 759w\" sizes=\"(max-width: 300px) 100vw, 300px\" \/> berrante de Bruno Berranteiro foi oficialmente lan\u00e7ada a segunda Portoagro (Feira de Neg\u00f3cios e Tecnologias Rurais Sustent\u00e1veis de Porto Velho), que ser\u00e1 realizada no Parque dos Tanques em Porto Velho, no per\u00edodo de 24 a 28 de agosto.<br \/>\nA Portoagro \u00e9 realizada pelas associa\u00e7\u00f5es APRRO e ARJAP (Associa\u00e7\u00e3o dos Propriet\u00e1rios Rurais de Rond\u00f4nia e Associa\u00e7\u00e3o Rural de Jaci-Paran\u00e1) e mais um amplo leque de parceiros, com destaque para a prefeitura municipal da capital e governo do estado de Rond\u00f4nia.<\/p>\n<p style=\"text-align: justify\">O primeiro palestrante da noite de lan\u00e7amento da Portoagro foi Adelio Barafaldi, presidente da APRRO que fez uma apresenta\u00e7\u00e3o apoiado por uma bateria de slides que demonstravam o desempenho da nossa agropecu\u00e1ria e tamb\u00e9m as dificuldades, que na sua opini\u00e3o, se constituem em barreiras para o desenvolvimento do Munic\u00edpio e do Estado.<\/p>\n<p style=\"text-align: justify\">O secret\u00e1rio municipal de agricultura e o presidente da Emater-RO, entre outros, fizeram uso da palavra para divulgar as facilidades e vantagens que os agricultores ter\u00e3o durante a feira.<\/p>\n<p style=\"text-align: justify\">Francisco Mende de S\u00e1, mais conhecido como Chiquinho da Emater, falou das iniciativas da Emater-RO que, atendendo determina\u00e7\u00e3o do governo do Estado vem realizando eventos pr\u00e9vios a Portoagro para divulgar o plano safra para os agricultores que poder\u00e3o adquirir m\u00e1quinas, suprimentos e animais de gen\u00e9tica superior, atrav\u00e9s de financiamento com recursos das linhas de Cr\u00e9dito dispon\u00edveis no Banco do Brasil,\u00a0 Banco da Amaz\u00f4nia e cooperativas de cr\u00e9dito.<\/p>\n<p style=\"text-align: justify\">O vice-governador encerrou a solenidade de lan\u00e7amento da feira demonstrando seu otimismo com o evento, dizendo que a Portoagro \u00e9 a maior oportunidade de neg\u00f3cios para os produtores dos munic\u00edpios da regi\u00e3o que cerca Porto Velho, desde Itapu\u00e3 at\u00e9 Guajar\u00e1 Mirim, porque a distancia inviabiliza a participa\u00e7\u00e3o mais efetiva dos agricultores dessa regi\u00e3o na Rond\u00f4nia Rural Show, disse Daniel Pereira.<\/p>\n<p>Texto: Enoque de Oliveira<\/p>\n<p>Fotos: Irene Mendes<br \/>\n<img decoding=\"async\" loading=\"lazy\" class=\"wp-image-596 aligncenter\" src=\"http:\/\/www.emater.ro.gov.br\/ematerro\/wp-content\/uploads\/2016\/07\/DSC_0119-1-300x182.jpg\" alt=\"DSC_0119\" width=\"302\" height=\"183\" srcset=\"http:\/\/www.emater.ro.gov.br\/ematerro\/wp-content\/uploads\/2016\/07\/DSC_0119-1-300x182.jpg 300w, http:\/\/www.emater.ro.gov.br\/ematerro\/wp-content\/uploads\/2016\/07\/DSC_0119-1.jpg 740w\" sizes=\"(max-width: 302px) 100vw, 302px\" \/>\u00a0<img decoding=\"async\" loading=\"lazy\" class=\"wp-image-593 aligncenter\" src=\"http:\/\/www.emater.ro.gov.br\/ematerro\/wp-content\/uploads\/2016\/07\/DSC_0123.jpg\" alt=\"DSC_0123\" width=\"303\" height=\"200\" srcset=\"http:\/\/www.emater.ro.gov.br\/ematerro\/wp-content\/uploads\/2016\/07\/DSC_0123.jpg 758w, http:\/\/www.emater.ro.gov.br\/ematerro\/wp-content\/uploads\/2016\/07\/DSC_0123-300x198.jpg 300w\" sizes=\"(max-width: 303px) 100vw, 303px\" \/><\/p>\n<p><img decoding=\"async\" loading=\"lazy\" class=\"wp-image-597 aligncenter\" src=\"http:\/\/www.emater.ro.gov.br\/ematerro\/wp-content\/uploads\/2016\/07\/DSC_0020-2-300x172.jpg\" alt=\"DSC_0020\" width=\"312\" height=\"179\" srcset=\"http:\/\/www.emater.ro.gov.br\/ematerro\/wp-content\/uploads\/2016\/07\/DSC_0020-2-300x172.jpg 300w, http:\/\/www.emater.ro.gov.br\/ematerro\/wp-content\/uploads\/2016\/07\/DSC_0020-2-768x441.jpg 768w, http:\/\/www.emater.ro.gov.br\/ematerro\/wp-content\/uploads\/2016\/07\/DSC_0020-2.jpg 789w\" sizes=\"(max-width: 312px) 100vw, 312px\" \/><\/p>\n<p>&nbsp;<\/p>\n<p>&nbsp;<\/p>\n","protected":false},"excerpt":{"rendered":"<p>Ao som do berrante de Bruno Berranteiro foi oficialmente lan\u00e7ada a segunda Portoagro (Feira de Neg\u00f3cios e Tecnologias Rurais Sustent\u00e1veis de Porto Velho), que ser\u00e1 realizada no Parque dos Tanques [&hellip;]<\/p>\n","protected":false},"author":8,"featured_media":0,"comment_status":"closed","ping_status":"closed","sticky":false,"template":"","format":"standard","meta":[],"categories":[9],"tags":[],"_links":{"self":[{"href":"http:\/\/www.emater.ro.gov.br\/ematerro\/wp-json\/wp\/v2\/posts\/590"}],"collection":[{"href":"http:\/\/www.emater.ro.gov.br\/ematerro\/wp-json\/wp\/v2\/posts"}],"about":[{"href":"http:\/\/www.emater.ro.gov.br\/ematerro\/wp-json\/wp\/v2\/types\/post"}],"author":[{"embeddable":true,"href":"http:\/\/www.emater.ro.gov.br\/ematerro\/wp-json\/wp\/v2\/users\/8"}],"replies":[{"embeddable":true,"href":"http:\/\/www.emater.ro.gov.br\/ematerro\/wp-json\/wp\/v2\/comments?post=590"}],"version-history":[{"count":2,"href":"http:\/\/www.emater.ro.gov.br\/ematerro\/wp-json\/wp\/v2\/posts\/590\/revisions"}],"predecessor-version":[{"id":602,"href":"http:\/\/www.emater.ro.gov.br\/ematerro\/wp-json\/wp\/v2\/posts\/590\/revisions\/602"}],"wp:attachment":[{"href":"http:\/\/www.emater.ro.gov.br\/ematerro\/wp-json\/wp\/v2\/media?parent=590"}],"wp:term":[{"taxonomy":"category","embeddable":true,"href":"http:\/\/www.emater.ro.gov.br\/ematerro\/wp-json\/wp\/v2\/categories?post=590"},{"taxonomy":"post_tag","embeddable":true,"href":"http:\/\/www.emater.ro.gov.br\/ematerro\/wp-json\/wp\/v2\/tags?post=590"}],"curies":[{"name":"wp","href":"https:\/\/api.w.org\/{rel}","templated":true}]}}