{"id":5846,"date":"2018-11-22T10:03:28","date_gmt":"2018-11-22T14:03:28","guid":{"rendered":"http:\/\/www.emater.ro.gov.br\/ematerro\/?p=5846"},"modified":"2018-11-22T10:07:17","modified_gmt":"2018-11-22T14:07:17","slug":"extensao-no-brasil-comemora-70-anos-e-anater-homenageia-extensionistas","status":"publish","type":"post","link":"http:\/\/www.emater.ro.gov.br\/ematerro\/2018\/11\/22\/extensao-no-brasil-comemora-70-anos-e-anater-homenageia-extensionistas\/","title":{"rendered":"Extens\u00e3o no Brasil comemora 70 anos e Anater homenageia extensionistas"},"content":{"rendered":"<p>Com o Semin\u00e1rio \u201cDesafios da Extens\u00e3o Rural no Contexto Atual\u201d, a Ag\u00eancia Nacional de Assist\u00eancia T\u00e9cnica e Extens\u00e3o Rural (Anater) dar\u00e1 in\u00edcio a uma s\u00e9rie de atividades em comemora\u00e7\u00e3o aos 70 anos de exist\u00eancia da extens\u00e3o rural no pa\u00eds. Nessa mesma data ocorrer\u00e1 a abertura da Semana Nacional do Extensionista 2018, quando ser\u00e1 prestada homenagem a todos os trabalhadores da extens\u00e3o rural. A abertura dar-se-\u00e1 \u00e0s 9h, do dia 3 de dezembro, no audit\u00f3rio Nereu Ramos, anexo II da C\u00e2mara dos Deputados, em Bras\u00edlia-DF, com atividades previstas at\u00e9 o dia 5 de dezembro e reunir\u00e1 representantes de todas as institui\u00e7\u00f5es que comp\u00f5em a Rede Nacional de Ater e autoridades convidadas.<\/p>\n<figure id=\"attachment_5849\" aria-describedby=\"caption-attachment-5849\" style=\"width: 1000px\" class=\"wp-caption aligncenter\"><img decoding=\"async\" loading=\"lazy\" class=\"size-full wp-image-5849\" src=\"http:\/\/www.emater.ro.gov.br\/ematerro\/wp-content\/uploads\/2018\/11\/Extensao-no-Brasil-comemora-70-anos_001-foto-IRENE-MENDES.jpg\" alt=\"Promover a gera\u00e7\u00e3o de renda \u00e9 uma das atividades dos extensionistas da Emater-RO.\" width=\"1000\" height=\"625\" srcset=\"http:\/\/www.emater.ro.gov.br\/ematerro\/wp-content\/uploads\/2018\/11\/Extensao-no-Brasil-comemora-70-anos_001-foto-IRENE-MENDES.jpg 1000w, http:\/\/www.emater.ro.gov.br\/ematerro\/wp-content\/uploads\/2018\/11\/Extensao-no-Brasil-comemora-70-anos_001-foto-IRENE-MENDES-300x188.jpg 300w, http:\/\/www.emater.ro.gov.br\/ematerro\/wp-content\/uploads\/2018\/11\/Extensao-no-Brasil-comemora-70-anos_001-foto-IRENE-MENDES-768x480.jpg 768w\" sizes=\"(max-width: 1000px) 100vw, 1000px\" \/><figcaption id=\"caption-attachment-5849\" class=\"wp-caption-text\"><em>Promover a gera\u00e7\u00e3o de renda \u00e9 uma das atividades dos extensionistas da Emater-RO.<\/em><\/figcaption><\/figure>\n<p>A primeira institui\u00e7\u00e3o de assist\u00eancia t\u00e9cnica e extens\u00e3o rural no Brasil surgiu em 1948, no estado de Minas Gerais, quando o governo mineiro recebeu apoio de empresas norte-americanas com interesse em ampliar suas atividades, principalmente \u00e0s voltadas ao sistema de explora\u00e7\u00e3o agropecu\u00e1ria. A Associa\u00e7\u00e3o de Cr\u00e9dito e Assist\u00eancia Rural (Acar) tinha como miss\u00e3o atuar em favor da melhoria das condi\u00e7\u00f5es de vida na zona rural. De l\u00e1 para c\u00e1, os servi\u00e7os de assist\u00eancia t\u00e9cnica e extens\u00e3o rural foi cada vez mais solicitado e espalhou-se pelo pa\u00eds, estando presente, hoje, nas 26 unidades federativas brasileiras e no Distrito Federal.<\/p>\n<p>Em Rond\u00f4nia, a Entidade Aut\u00e1rquica de Assist\u00eancia T\u00e9cnica e Extens\u00e3o Rural (Emater-RO) presta servi\u00e7os \u00e0 comunidade rural h\u00e1 47 anos e tem sido um instrumento de grande import\u00e2ncia para o desenvolvimento agropecu\u00e1rio do estado. Presente nos 52 munic\u00edpios rondoniense, conta atualmente com 83 unidades operacionais, desempenhando um papel de destaque na vida da fam\u00edlia rural.<\/p>\n<p><strong>A ANATER<\/strong><br \/>\nA Ag\u00eancia Nacional de Assist\u00eancia T\u00e9cnica e Extens\u00e3o Rural (Anater) nasceu com a proposta de promover, coordenar e implementar programas para o fortalecimento e sustentabilidade dos servi\u00e7os de assist\u00eancia t\u00e9cnica e extens\u00e3o rural no Brasil. Sua cria\u00e7\u00e3o \u00e9 fruto de um amplo movimento nacional, realizado com parcerias e participa\u00e7\u00e3o democr\u00e1tica, e que culminou com sua aprova\u00e7\u00e3o, em 2013, pelo Congresso Nacional, sendo regulamentada pela Presid\u00eancia da Rep\u00fablica em 2014.<\/p>\n<p>Mas foi em 2016, a partir da assinatura de um Contrato de Gest\u00e3o firmado com a Uni\u00e3o, por meio da Secretaria Especial de Agricultura Familiar e do Desenvolvimento Agr\u00e1rio (Sead), que a Anater iniciou efetivamente suas a\u00e7\u00f5es, com contrata\u00e7\u00e3o da equipe t\u00e9cnica, constru\u00e7\u00e3o dos instrumentos, e planejamento e elabora\u00e7\u00e3o dos projetos que hoje est\u00e3o sendo executados. Hoje, presente em 21 unidades da Federa\u00e7\u00e3o, as a\u00e7\u00f5es da Anater est\u00e3o beneficiando diretamente mais de 90 mil fam\u00edlias de agricultores em 1.549 munic\u00edpios, em todas as regi\u00f5es do Pa\u00eds, com a expectativa de chegar a aproximadamente 115 mil fam\u00edlias at\u00e9 o final de 2018.<\/p>\n<p><strong>SEMANA DO EXTENSIONISTA<\/strong><br \/>\nA Semana Nacional do Extensionista ser\u00e1 realizada no per\u00edodo de 3 a 5 de dezembro com atividades voltadas para a extens\u00e3o rural e seus desafios. \u00c0s 10h do dia 3 ser\u00e1 apresentado o painel \u201cConstruindo uma Ater Comunit\u00e1ria\u201d com palestras t\u00e9cnicas, com participa\u00e7\u00e3o de representantes da Anater, Asbraer, Embrapa, Instituto F\u00f3rum do Futuro e Universidade Federal de Santa Maria. O foco das explana\u00e7\u00f5es ser\u00e1 mostrar os principais resultados e as perspectivas das a\u00e7\u00f5es da Anater na reestrutura\u00e7\u00e3o da assist\u00eancia t\u00e9cnica e extens\u00e3o rural no Brasil e na promo\u00e7\u00e3o do desenvolvimento rural sustent\u00e1vel, tendo como centro do debate a integra\u00e7\u00e3o entre a Ater, o ensino e a pesquisa.<\/p>\n<figure id=\"attachment_5847\" aria-describedby=\"caption-attachment-5847\" style=\"width: 225px\" class=\"wp-caption alignleft\"><img decoding=\"async\" loading=\"lazy\" class=\"wp-image-5847\" src=\"http:\/\/www.emater.ro.gov.br\/ematerro\/wp-content\/uploads\/2018\/11\/Manuelina-Ramalho-169x300.jpg\" alt=\"Extensionista social Manuelina Ramalho Ferreira.\" width=\"225\" height=\"400\" srcset=\"http:\/\/www.emater.ro.gov.br\/ematerro\/wp-content\/uploads\/2018\/11\/Manuelina-Ramalho-169x300.jpg 169w, http:\/\/www.emater.ro.gov.br\/ematerro\/wp-content\/uploads\/2018\/11\/Manuelina-Ramalho.jpg 482w\" sizes=\"(max-width: 225px) 100vw, 225px\" \/><figcaption id=\"caption-attachment-5847\" class=\"wp-caption-text\"><em>Extensionista social Manuelina Ramalho Ferreira.<\/em><\/figcaption><\/figure>\n<p>\u00c0s 13h30 ser\u00e1 realizado o lan\u00e7amento do aplicativo do Sistema de Gest\u00e3o de Ater da Anater (SGA) e assinatura de termo de coopera\u00e7\u00e3o t\u00e9cnica da Anater com a Unicamp e com o Instituto F\u00f3rum do Futuro. Em seguida, ser\u00e1 apresentado o painel \u201cDesafios da Extens\u00e3o Rural no Contexto Atual\u201d, com participa\u00e7\u00e3o da presidente da Frente Parlamentar de Agropecu\u00e1ria e futura ministra da Agricultura, deputada federal Tereza Cristina, e do presidente da Frente Parlamentar de Ater, deputado federal Z\u00e9 Silva.<\/p>\n<p>\u00c0s 17 horas, ser\u00e1 realizada sess\u00e3o de homenagens e outorga do pr\u00eamio Ordem do M\u00e9rito Ater aos profissionais que v\u00eam se destacando na execu\u00e7\u00e3o das atividades dos projetos da Anater realizados em parceria com as entidades p\u00fablicas prestadoras de Ater, com objetivo de valorizar e reconhecer as habilidades e a compet\u00eancia dos profissionais, e prestar uma homenagem por ocasi\u00e3o das comemora\u00e7\u00f5es do Dia do Extensionista, cuja data nacional \u00e9 dia 06 de dezembro.<\/p>\n<p>A escolhida de Rond\u00f4nia para receber a homenagem foi a extensionista social Manuelina Ramalho Ferreira, do escrit\u00f3rio local de S\u00e3o Felipe do Oeste. Manu, como \u00e9 carinhosamente chamada pelos colegas, tem 25 anos de atividades junto \u00e0s fam\u00edlias rurais. Graduada em letras, com mestrado em gest\u00e3o social, ela participou de diversos programas e pol\u00edticas p\u00fablicas voltadas para a agricultura familiar.<\/p>\n<p>Hoje Manu \u00e9 uma entre os dez extensionistas selecionados em Rond\u00f4nia para levar o projeto piloto da Anater ao campo. Iniciado em outubro de 2017, o Projeto Piloto foi o primeiro termo de parceria de instrumentos de trabalho assinado entre a Anater e as Emateres do pa\u00eds, com o objetivo de apoiar custeios para amplia\u00e7\u00e3o e qualifica\u00e7\u00e3o da assist\u00eancia t\u00e9cnica qualificada aos agricultores familiares do Brasil. At\u00e9 o final de 2020, a previs\u00e3o \u00e9 que 10 mil fam\u00edlias sejam beneficiadas em todo o pa\u00eds, 500 delas, em Rond\u00f4nia.<\/p>\n<p>Dando sequ\u00eancia \u00e0 programa\u00e7\u00e3o, nos dias 4 e 5 ser\u00e1 realizado um curso de forma\u00e7\u00e3o de extensionistas rurais, com participa\u00e7\u00e3o de profissionais de todas as unidades da Federa\u00e7\u00e3o.\u00a0 O curso faz parte do Programa de Forma\u00e7\u00e3o em Ater da Anater, que tem o objetivo de formar neste ano 5.000 agentes e 300 gestores de Ater, que integram os projetos que est\u00e3o sendo realizados pela Ag\u00eancia e seus parceiros.<\/p>\n<p>Paralelamente \u00e0s atividades da Semana Nacional do Extensionista 2018, haver\u00e1 uma exposi\u00e7\u00e3o que destaca a atua\u00e7\u00e3o da Anater, desde sua cria\u00e7\u00e3o. O painel fotogr\u00e1fico ficar\u00e1 exposto no hall do audit\u00f3rio Nereu Ramos. Acesse a <a href=\"http:\/\/www.emater.ro.gov.br\/ematerro\/wp-content\/uploads\/2018\/11\/PROGRAMACAO-Semana-Nacional-do-Extensionista-2018.pdf\">programa\u00e7\u00e3o completa da Semana Nacional do Extensionista 2018<\/a>.<\/p>\n<h6 style=\"text-align: right;\"><em>Texto: Wania Ressutti<\/em><br \/>\n<em>Jornalista \u2013 MTE-1744\/RO<\/em><br \/>\nFotos: Irene Mendes<br \/>\nRep\u00f3rter fotogr\u00e1fica \u2013 MTE-368\/RO<br \/>\n<em>EMATER-RO<\/em><\/h6>\n","protected":false},"excerpt":{"rendered":"<p>Com o Semin\u00e1rio \u201cDesafios da Extens\u00e3o Rural no Contexto Atual\u201d, a Ag\u00eancia Nacional de Assist\u00eancia T\u00e9cnica e Extens\u00e3o Rural (Anater) dar\u00e1 in\u00edcio a uma s\u00e9rie de atividades em comemora\u00e7\u00e3o aos [&hellip;]<\/p>\n","protected":false},"author":9,"featured_media":5853,"comment_status":"closed","ping_status":"closed","sticky":false,"template":"","format":"standard","meta":[],"categories":[10,9,12],"tags":[],"_links":{"self":[{"href":"http:\/\/www.emater.ro.gov.br\/ematerro\/wp-json\/wp\/v2\/posts\/5846"}],"collection":[{"href":"http:\/\/www.emater.ro.gov.br\/ematerro\/wp-json\/wp\/v2\/posts"}],"about":[{"href":"http:\/\/www.emater.ro.gov.br\/ematerro\/wp-json\/wp\/v2\/types\/post"}],"author":[{"embeddable":true,"href":"http:\/\/www.emater.ro.gov.br\/ematerro\/wp-json\/wp\/v2\/users\/9"}],"replies":[{"embeddable":true,"href":"http:\/\/www.emater.ro.gov.br\/ematerro\/wp-json\/wp\/v2\/comments?post=5846"}],"version-history":[{"count":6,"href":"http:\/\/www.emater.ro.gov.br\/ematerro\/wp-json\/wp\/v2\/posts\/5846\/revisions"}],"predecessor-version":[{"id":5856,"href":"http:\/\/www.emater.ro.gov.br\/ematerro\/wp-json\/wp\/v2\/posts\/5846\/revisions\/5856"}],"wp:featuredmedia":[{"embeddable":true,"href":"http:\/\/www.emater.ro.gov.br\/ematerro\/wp-json\/wp\/v2\/media\/5853"}],"wp:attachment":[{"href":"http:\/\/www.emater.ro.gov.br\/ematerro\/wp-json\/wp\/v2\/media?parent=5846"}],"wp:term":[{"taxonomy":"category","embeddable":true,"href":"http:\/\/www.emater.ro.gov.br\/ematerro\/wp-json\/wp\/v2\/categories?post=5846"},{"taxonomy":"post_tag","embeddable":true,"href":"http:\/\/www.emater.ro.gov.br\/ematerro\/wp-json\/wp\/v2\/tags?post=5846"}],"curies":[{"name":"wp","href":"https:\/\/api.w.org\/{rel}","templated":true}]}}