{"id":5831,"date":"2018-11-14T11:28:15","date_gmt":"2018-11-14T15:28:15","guid":{"rendered":"http:\/\/www.emater.ro.gov.br\/ematerro\/?p=5831"},"modified":"2018-11-14T11:35:40","modified_gmt":"2018-11-14T15:35:40","slug":"emater-ro-entra-na-luta-pelo-fim-da-violencia-contra-a-mulher","status":"publish","type":"post","link":"http:\/\/www.emater.ro.gov.br\/ematerro\/2018\/11\/14\/emater-ro-entra-na-luta-pelo-fim-da-violencia-contra-a-mulher\/","title":{"rendered":"Emater-RO entra na luta pelo fim da viol\u00eancia contra a mulher"},"content":{"rendered":"<p>Inicia nesta segunda-feira, 19, a campanha \u201c16 dias de Ativismo pelo Fim da Viol\u00eancia Contra as Mulheres\u201d. O ato \u00e9 uma mobiliza\u00e7\u00e3o anual empreendida por diversos segmentos da sociedade civil e do poder p\u00fablico com o objetivo de conscientizar a popula\u00e7\u00e3o acerca das diferentes formas de ataques diretos aos direitos e bem estar das mulheres com foco na preven\u00e7\u00e3o e combate \u00e0 viol\u00eancia.<\/p>\n<figure id=\"attachment_5832\" aria-describedby=\"caption-attachment-5832\" style=\"width: 425px\" class=\"wp-caption alignleft\"><img decoding=\"async\" loading=\"lazy\" class=\"wp-image-5832\" src=\"http:\/\/www.emater.ro.gov.br\/ematerro\/wp-content\/uploads\/2018\/11\/Dia-de-Ativismo-212x300.jpg\" alt=\"Muito antes de a campanha ser lan\u00e7ada, extensionistas da Emater-RO j\u00e1 atuavam com mulheres no campo\" width=\"425\" height=\"600\" srcset=\"http:\/\/www.emater.ro.gov.br\/ematerro\/wp-content\/uploads\/2018\/11\/Dia-de-Ativismo-212x300.jpg 212w, http:\/\/www.emater.ro.gov.br\/ematerro\/wp-content\/uploads\/2018\/11\/Dia-de-Ativismo.jpg 708w\" sizes=\"(max-width: 425px) 100vw, 425px\" \/><figcaption id=\"caption-attachment-5832\" class=\"wp-caption-text\"><em>Extensionistas da Emater-RO orientam mulheres no campo desde a d\u00e9cada de 80.<br \/><\/em><\/figcaption><\/figure>\n<p>A a\u00e7\u00e3o colocar\u00e1 em pauta temas como: racismo, agress\u00e3o, sexualidade, seguran\u00e7a e outros que afetam diretamente meninas e mulheres em todo o mundo.<\/p>\n<p>&nbsp;<\/p>\n<p>A campanha \u201c16 dias de Ativismo pelo Fim da Viol\u00eancia Contra as Mulheres\u201d \u00e9 realizada anualmente, em escala mundial, desde 1991 e j\u00e1 conquistou a ades\u00e3o de mais de 150 pa\u00edses. O per\u00edodo escolhido para representar o ato tem in\u00edcio no dia 25 de novembro, Dia Internacional da N\u00e3o Viol\u00eancia Contra a Mulher, e t\u00e9rmino no dia 10 de dezembro, data da proclama\u00e7\u00e3o da Declara\u00e7\u00e3o Universal dos Direitos Humanos.<\/p>\n<p>Em Rond\u00f4nia, as atividades ter\u00e3o in\u00edcio no dia 19, com o Encontro Estadual de Mulheres Negras, a ser realizado na sede do Sindicato dos Trabalhadores em Educa\u00e7\u00e3o (Sintero-RO), em Porto Velho. A abertura oficial ser\u00e1 realizada no dia 20 de novembro, no Sal\u00e3o Nobre Rosilda Shockness do edif\u00edcio Paca\u00e1s Novos, no Centro Pol\u00edtico Administrativo Pal\u00e1cio Rio Madeira.<\/p>\n<p>A participa\u00e7\u00e3o da Emater-RO na luta pelos direitos e pelo fim da viol\u00eancia contra as mulheres n\u00e3o \u00e9 de hoje. Muito antes de a campanha ser lan\u00e7ada, extensionistas da Emater-RO j\u00e1 atuavam com mulheres no campo, implantando, em conson\u00e2ncia com o governo do estado, as pol\u00edticas de assist\u00eancia social e orienta\u00e7\u00e3o. \u201cA Emater-RO trabalha pelo bem-estar das mulheres desde os anos 80, quando foi criada a extens\u00e3o social dentro da institui\u00e7\u00e3o e n\u00f3s sempre estivemos presentes nessa luta\u201d, diz Irisvone Magalh\u00e3es, extensionista da Emater-RO.<\/p>\n<p>Hoje pode-se dizer que as mulheres j\u00e1 obtiveram muitas conquistas, como a cria\u00e7\u00e3o da Delegacia da Mulher, dos Conselhos da Mulher, do seu empoderamento, mas muita coisa ainda precisa ser discutida. Com a realiza\u00e7\u00e3o dos 16 dias de ativismo, pretende-se colocar a sociedade em alerta, promover o debate e denunciar a viol\u00eancia contra a mulher em Rond\u00f4nia e no mundo.<\/p>\n<p>Acesse a <a href=\"http:\/\/www.emater.ro.gov.br\/ematerro\/wp-content\/uploads\/2018\/11\/Projeto-16-dias-de-ativismo-2.pdf\">programa\u00e7\u00e3o completa aqui.<\/a><\/p>\n<h6 style=\"text-align: right;\"><em>Texto: Wania Ressutti<\/em><br \/>\n<em>Jornalista \u2013 MTE-1744\/RO<\/em><br \/>\n<em>Fotos: Irene Mendes<\/em><br \/>\n<em>Rep\u00f3rter fotogr\u00e1fica \u2013 MTE-368\/RO<\/em><br \/>\n<em>EMATER-RO<\/em><\/h6>\n","protected":false},"excerpt":{"rendered":"<p>Inicia nesta segunda-feira, 19, a campanha \u201c16 dias de Ativismo pelo Fim da Viol\u00eancia Contra as Mulheres\u201d. O ato \u00e9 uma mobiliza\u00e7\u00e3o anual empreendida por diversos segmentos da sociedade civil [&hellip;]<\/p>\n","protected":false},"author":9,"featured_media":5838,"comment_status":"closed","ping_status":"closed","sticky":false,"template":"","format":"standard","meta":[],"categories":[10,9,12],"tags":[388,387],"_links":{"self":[{"href":"http:\/\/www.emater.ro.gov.br\/ematerro\/wp-json\/wp\/v2\/posts\/5831"}],"collection":[{"href":"http:\/\/www.emater.ro.gov.br\/ematerro\/wp-json\/wp\/v2\/posts"}],"about":[{"href":"http:\/\/www.emater.ro.gov.br\/ematerro\/wp-json\/wp\/v2\/types\/post"}],"author":[{"embeddable":true,"href":"http:\/\/www.emater.ro.gov.br\/ematerro\/wp-json\/wp\/v2\/users\/9"}],"replies":[{"embeddable":true,"href":"http:\/\/www.emater.ro.gov.br\/ematerro\/wp-json\/wp\/v2\/comments?post=5831"}],"version-history":[{"count":3,"href":"http:\/\/www.emater.ro.gov.br\/ematerro\/wp-json\/wp\/v2\/posts\/5831\/revisions"}],"predecessor-version":[{"id":5837,"href":"http:\/\/www.emater.ro.gov.br\/ematerro\/wp-json\/wp\/v2\/posts\/5831\/revisions\/5837"}],"wp:featuredmedia":[{"embeddable":true,"href":"http:\/\/www.emater.ro.gov.br\/ematerro\/wp-json\/wp\/v2\/media\/5838"}],"wp:attachment":[{"href":"http:\/\/www.emater.ro.gov.br\/ematerro\/wp-json\/wp\/v2\/media?parent=5831"}],"wp:term":[{"taxonomy":"category","embeddable":true,"href":"http:\/\/www.emater.ro.gov.br\/ematerro\/wp-json\/wp\/v2\/categories?post=5831"},{"taxonomy":"post_tag","embeddable":true,"href":"http:\/\/www.emater.ro.gov.br\/ematerro\/wp-json\/wp\/v2\/tags?post=5831"}],"curies":[{"name":"wp","href":"https:\/\/api.w.org\/{rel}","templated":true}]}}