{"id":4914,"date":"2018-04-06T14:07:30","date_gmt":"2018-04-06T18:07:30","guid":{"rendered":"http:\/\/www.emater.ro.gov.br\/ematerro\/?p=4914"},"modified":"2018-04-09T08:40:14","modified_gmt":"2018-04-09T12:40:14","slug":"dia-de-campo-reune-mais-de-500-cafeicultores-em-alto-alegre-dos-parecis","status":"publish","type":"post","link":"http:\/\/www.emater.ro.gov.br\/ematerro\/2018\/04\/06\/dia-de-campo-reune-mais-de-500-cafeicultores-em-alto-alegre-dos-parecis\/","title":{"rendered":"Dia de Campo re\u00fane mais de 500 cafeicultores em Alto Alegre dos Parecis"},"content":{"rendered":"<p style=\"text-align: right;\">O cafeicultor Marcelo Braun, morador da Linha P34, Km 02, do munic\u00edpio de Alto Alegre dos Parecis, abriu as portas de sua propriedade para receber cafeicultores e produtores de Rond\u00f4nia e do Mato Grosso interessados em investir na cultura. O Dia de Campo teve in\u00edcio neste dia 6 com o objetivo de apresentar manejo e tratos culturais de uma lavoura bem conduzida, com incentivo do governo e assist\u00eancia t\u00e9cnica da Emater-RO. A atividade continua no dia 7 com as palestras proferidas por especialistas na condu\u00e7\u00e3o da lavoura cafeeira.<\/p>\n<figure id=\"attachment_4917\" aria-describedby=\"caption-attachment-4917\" style=\"width: 1000px\" class=\"wp-caption aligncenter\"><img decoding=\"async\" loading=\"lazy\" class=\"size-full wp-image-4917\" src=\"http:\/\/www.emater.ro.gov.br\/ematerro\/wp-content\/uploads\/2018\/04\/Dia-de-Campo-reune-mais-de-500-cafeicultores-em-Alto-Alegre-dos-Parecis_003-fotos-EMATER-RO.jpg\" alt=\"Incentivo do governo de Rond\u00f4nia e distribui\u00e7\u00e3o de mais de tr\u00eas milh\u00f5es de mudas.\" width=\"1000\" height=\"625\" srcset=\"http:\/\/www.emater.ro.gov.br\/ematerro\/wp-content\/uploads\/2018\/04\/Dia-de-Campo-reune-mais-de-500-cafeicultores-em-Alto-Alegre-dos-Parecis_003-fotos-EMATER-RO.jpg 1000w, http:\/\/www.emater.ro.gov.br\/ematerro\/wp-content\/uploads\/2018\/04\/Dia-de-Campo-reune-mais-de-500-cafeicultores-em-Alto-Alegre-dos-Parecis_003-fotos-EMATER-RO-300x188.jpg 300w, http:\/\/www.emater.ro.gov.br\/ematerro\/wp-content\/uploads\/2018\/04\/Dia-de-Campo-reune-mais-de-500-cafeicultores-em-Alto-Alegre-dos-Parecis_003-fotos-EMATER-RO-768x480.jpg 768w\" sizes=\"(max-width: 1000px) 100vw, 1000px\" \/><figcaption id=\"caption-attachment-4917\" class=\"wp-caption-text\">Incentivo do governo de Rond\u00f4nia e distribui\u00e7\u00e3o de mais de tr\u00eas milh\u00f5es de mudas.<\/figcaption><\/figure>\n<p>O evento contou com mais de 500 participantes vindos dos munic\u00edpios circunvizinhos e uma caravana composta por 35 cafeicultores de Ju\u00edna-MT, que vieram exclusivamente para participar do evento em busca de novos conhecimentos. Os produtores de Ju\u00edna ficaram deslumbrados com o que viram. \u201cEu j\u00e1 tinha visto a florada do caf\u00e9 e j\u00e1 conhecia a fam\u00edlia Braun, somo parecidos com Rond\u00f4nia\u201d, diz o cafeicultor Manoel Ribeiro dos Santos, morador da linha 21 distrito de Terra Roxa que fez quest\u00e3o de conhecer o projeto e ver o resultado pessoalmente.<\/p>\n<p>Rond\u00f4nia conta com aproximadamente 22 mil agricultores familiares que trabalham com a cafeicultura e cerca de 90% da \u00e1rea cafeeira do estado \u00e9 plantada com a esp\u00e9cie robusta. Em 2017, Rond\u00f4nia obteve uma produ\u00e7\u00e3o de 2.222.525 mil sacas de caf\u00e9, exclusivamente da variedade conilon, cultivar esta utilizada em aproximadamente 95% das propriedades.<\/p>\n<p>Com o incentivo do governo de Rond\u00f4nia, por meio da Secretaria de Estado da Agricultura (Seagri) e assist\u00eancia t\u00e9cnica da Emater-RO, o resultado obtido em 2017 superou em 66,4% o volume de 1.477,3 mil sacas produzidas na safra 2014. Para chegar a esse resultado o estado ampliou a distribui\u00e7\u00e3o de mudas para mais de tr\u00eas milh\u00f5es mudas.<\/p>\n<p>Por meio da Suder, hoje Superintend\u00eancia Estadual de Desenvolvimento Econ\u00f4mico e Infraestrutura (Sedi), e emendas parlamentares estaduais e federais foram distribu\u00eddas pela Emater-RO, 1.508.757 mudas de caf\u00e9, beneficiando 751 cafeicultores em 27 munic\u00edpios rondonienses. Com isso, a \u00e1rea cultivada com caf\u00e9 no estado soma 81.022 hectares. Destes, 9.084 hectares est\u00e3o em forma\u00e7\u00e3o e 71.938 hectares em produ\u00e7\u00e3o com produtividade de 31 sacas\/ha.<\/p>\n<figure id=\"attachment_4915\" aria-describedby=\"caption-attachment-4915\" style=\"width: 400px\" class=\"wp-caption alignleft\"><img decoding=\"async\" loading=\"lazy\" class=\"wp-image-4915\" src=\"http:\/\/www.emater.ro.gov.br\/ematerro\/wp-content\/uploads\/2018\/04\/Dia-de-Campo-reune-mais-de-500-cafeicultores-em-Alto-Alegre-dos-Parecis_001-fotos-EMATER-RO.jpg\" alt=\"Manoel Ribeiro dos Santos, de Ju\u00edna-MT: &quot;Somo parecido com o de Rond\u00f4nia&quot;\" width=\"400\" height=\"250\" srcset=\"http:\/\/www.emater.ro.gov.br\/ematerro\/wp-content\/uploads\/2018\/04\/Dia-de-Campo-reune-mais-de-500-cafeicultores-em-Alto-Alegre-dos-Parecis_001-fotos-EMATER-RO.jpg 1000w, http:\/\/www.emater.ro.gov.br\/ematerro\/wp-content\/uploads\/2018\/04\/Dia-de-Campo-reune-mais-de-500-cafeicultores-em-Alto-Alegre-dos-Parecis_001-fotos-EMATER-RO-300x188.jpg 300w, http:\/\/www.emater.ro.gov.br\/ematerro\/wp-content\/uploads\/2018\/04\/Dia-de-Campo-reune-mais-de-500-cafeicultores-em-Alto-Alegre-dos-Parecis_001-fotos-EMATER-RO-768x480.jpg 768w\" sizes=\"(max-width: 400px) 100vw, 400px\" \/><figcaption id=\"caption-attachment-4915\" class=\"wp-caption-text\">Manoel Ribeiro dos Santos, de Ju\u00edna-MT: &#8220;Somos parecido com Rond\u00f4nia&#8221;.<\/figcaption><\/figure>\n<p>O Dia de Campo est\u00e1 sendo realizado em Alto Alegre dos Parecis pela parceria entre Sebrae e Governo de Rond\u00f4nia, por meio a Seagri e Emater-RO, e conta com o apoio das prefeituras de Alto Alegre dos Parecis e Alta Floresta do Oeste. Prestigiaram o evento: a diretora-presidente da Emater-RO, Albertina Marangoni, o presidente da C\u00e2mara Setorial do Caf\u00e9, Ezequias Br\u00e1s da Silva (Tuta), o superintendente regional do Sebrae, Valdemar Camata, o diretor t\u00e9cnico e planejamento da Emater-RO, Janderson Dalazen, o secret\u00e1rio municipal de Agricultura de Alto Alegre dos Parecis, Ant\u00f4nio Rigoberto, entre outros<\/p>\n<p>No primeiro dia foram realizados: um Talk Show onde os produtores Laerte Braun e Nilton Marques falaram sobre o sucesso na cafeicultura, e palestras com especialistas sobre colheitas e p\u00f3s-colheita do cafeeiro; proced\u00eancia de mudas na cafeicultura; manejo de condu\u00e7\u00e3o de plantas, poda e desbrotas; e irriga\u00e7\u00e3o do cafeeiro. Amanh\u00e3 (7) ser\u00e1 dada continuidade ao evento com palestras sobre preparo, implanta\u00e7\u00e3o e forma\u00e7\u00e3o de lavoura, controle de brocas, t\u00e9cnicas de amostragem de solo e folhas, gest\u00e3o da propriedade cafeeira, pragas e doen\u00e7as do caf\u00e9 e processos de recupera\u00e7\u00e3o de solo e nascentes.<\/p>\n<h6 style=\"text-align: right;\"><em>Texto: Wania Ressutti<\/em><br \/>\n<em> Jornalista \u2013 SRTE\/DRT\/RO-959<\/em><br \/>\n<em> Informa\u00e7\u00f5es e fotos: Rayne Andrade<\/em><br \/>\n<em> EMATER-RO<\/em><\/h6>\n","protected":false},"excerpt":{"rendered":"<p>O cafeicultor Marcelo Braun, morador da Linha P34, Km 02, do munic\u00edpio de Alto Alegre dos Parecis, abriu as portas de sua propriedade para receber cafeicultores e produtores de Rond\u00f4nia [&hellip;]<\/p>\n","protected":false},"author":9,"featured_media":4920,"comment_status":"closed","ping_status":"closed","sticky":false,"template":"","format":"standard","meta":[],"categories":[10,9,12],"tags":[48,65,176],"_links":{"self":[{"href":"http:\/\/www.emater.ro.gov.br\/ematerro\/wp-json\/wp\/v2\/posts\/4914"}],"collection":[{"href":"http:\/\/www.emater.ro.gov.br\/ematerro\/wp-json\/wp\/v2\/posts"}],"about":[{"href":"http:\/\/www.emater.ro.gov.br\/ematerro\/wp-json\/wp\/v2\/types\/post"}],"author":[{"embeddable":true,"href":"http:\/\/www.emater.ro.gov.br\/ematerro\/wp-json\/wp\/v2\/users\/9"}],"replies":[{"embeddable":true,"href":"http:\/\/www.emater.ro.gov.br\/ematerro\/wp-json\/wp\/v2\/comments?post=4914"}],"version-history":[{"count":6,"href":"http:\/\/www.emater.ro.gov.br\/ematerro\/wp-json\/wp\/v2\/posts\/4914\/revisions"}],"predecessor-version":[{"id":4929,"href":"http:\/\/www.emater.ro.gov.br\/ematerro\/wp-json\/wp\/v2\/posts\/4914\/revisions\/4929"}],"wp:featuredmedia":[{"embeddable":true,"href":"http:\/\/www.emater.ro.gov.br\/ematerro\/wp-json\/wp\/v2\/media\/4920"}],"wp:attachment":[{"href":"http:\/\/www.emater.ro.gov.br\/ematerro\/wp-json\/wp\/v2\/media?parent=4914"}],"wp:term":[{"taxonomy":"category","embeddable":true,"href":"http:\/\/www.emater.ro.gov.br\/ematerro\/wp-json\/wp\/v2\/categories?post=4914"},{"taxonomy":"post_tag","embeddable":true,"href":"http:\/\/www.emater.ro.gov.br\/ematerro\/wp-json\/wp\/v2\/tags?post=4914"}],"curies":[{"name":"wp","href":"https:\/\/api.w.org\/{rel}","templated":true}]}}