{"id":4402,"date":"2017-12-15T11:12:49","date_gmt":"2017-12-15T15:12:49","guid":{"rendered":"http:\/\/www.emater.ro.gov.br\/ematerro\/?p=4402"},"modified":"2017-12-15T11:12:49","modified_gmt":"2017-12-15T15:12:49","slug":"aumento-da-producao-de-inhame-traz-boas-perspectivas-para-a-economia-de-rondonia","status":"publish","type":"post","link":"http:\/\/www.emater.ro.gov.br\/ematerro\/2017\/12\/15\/aumento-da-producao-de-inhame-traz-boas-perspectivas-para-a-economia-de-rondonia\/","title":{"rendered":"Aumento da produ\u00e7\u00e3o de inhame traz boas perspectivas para a economia de Rond\u00f4nia"},"content":{"rendered":"<p>Desde sua consolida\u00e7\u00e3o como alternativa de renda para produtores familiares da regi\u00e3o do Vale do Guapor\u00e9, o inhame vem ganhando novos adeptos no estado. Munic\u00edpios das regi\u00f5es como a do Vale do Jamari, central e centro-sul do estado tamb\u00e9m est\u00e3o investindo na cultura. Com a produ\u00e7\u00e3o em crescimento, investidores s\u00e3o atra\u00eddos ao estado em busca do produto para exporta\u00e7\u00e3o<\/p>\n<figure id=\"attachment_4404\" aria-describedby=\"caption-attachment-4404\" style=\"width: 1000px\" class=\"wp-caption aligncenter\"><img decoding=\"async\" loading=\"lazy\" class=\"size-full wp-image-4404\" src=\"http:\/\/www.emater.ro.gov.br\/ematerro\/wp-content\/uploads\/2017\/12\/Aumento-da-producao-de-inhame-traz-boas-perspectivas_005-foto-IRENE-MENDES.jpg\" alt=\"O inhame de Rond\u00f4nia tem atra\u00eddo investidores ao estado em busca do produto para exporta\u00e7\u00e3o.\" width=\"1000\" height=\"625\" srcset=\"http:\/\/www.emater.ro.gov.br\/ematerro\/wp-content\/uploads\/2017\/12\/Aumento-da-producao-de-inhame-traz-boas-perspectivas_005-foto-IRENE-MENDES.jpg 1000w, http:\/\/www.emater.ro.gov.br\/ematerro\/wp-content\/uploads\/2017\/12\/Aumento-da-producao-de-inhame-traz-boas-perspectivas_005-foto-IRENE-MENDES-300x188.jpg 300w, http:\/\/www.emater.ro.gov.br\/ematerro\/wp-content\/uploads\/2017\/12\/Aumento-da-producao-de-inhame-traz-boas-perspectivas_005-foto-IRENE-MENDES-768x480.jpg 768w\" sizes=\"(max-width: 1000px) 100vw, 1000px\" \/><figcaption id=\"caption-attachment-4404\" class=\"wp-caption-text\">O inhame de Rond\u00f4nia tem atra\u00eddo investidores ao estado em busca do produto para exporta\u00e7\u00e3o.<\/figcaption><\/figure>\n<p>Implantado inicialmente no munic\u00edpio de S\u00e3o Francisco do Guapor\u00e9 a produ\u00e7\u00e3o de inhame vem se consolidando como uma das principais culturas de incremento \u00e0 economia de Rond\u00f4nia. Os n\u00fameros apresentados pela Gerencia T\u00e9cnica da Emater-RO apontam um crescimento na produtividade de inhame nos munic\u00edpios da regi\u00e3o do Vale do Guapor\u00e9 que passou de uma produtividade de 4.869 ton\/ano em 2016 para 8.947 ton\/ano em 2017, um aumento 83,75% em apenas um ano, com destaque para S\u00e3o Miguel do Guapor\u00e9 que teve um aumento de mais de 150% (quadro 1). S\u00e3o eles que det\u00eam a maior produ\u00e7\u00e3o do estado, por\u00e9m outros munic\u00edpios, como: Machadinho do Oeste, Pimenta Bueno, Rolim de Moura, Nova Uni\u00e3o e at\u00e9 produtores da capital come\u00e7am a investir na cultura.<img decoding=\"async\" loading=\"lazy\" class=\"alignright wp-image-4405\" src=\"http:\/\/www.emater.ro.gov.br\/ematerro\/wp-content\/uploads\/2017\/12\/Producao-de-Inhame-Quadro-1-Emater-RO.jpg\" alt=\"Producao-de-Inhame---Quadro-1---Emater-RO\" width=\"400\" height=\"176\" srcset=\"http:\/\/www.emater.ro.gov.br\/ematerro\/wp-content\/uploads\/2017\/12\/Producao-de-Inhame-Quadro-1-Emater-RO.jpg 1000w, http:\/\/www.emater.ro.gov.br\/ematerro\/wp-content\/uploads\/2017\/12\/Producao-de-Inhame-Quadro-1-Emater-RO-300x132.jpg 300w, http:\/\/www.emater.ro.gov.br\/ematerro\/wp-content\/uploads\/2017\/12\/Producao-de-Inhame-Quadro-1-Emater-RO-768x337.jpg 768w\" sizes=\"(max-width: 400px) 100vw, 400px\" \/><\/p>\n<p>As variedades que mais se adaptaram ao solo rondoniense foram: Inhame Da Costa (Dioscorea cayennensis Lam.) e Inhame S\u00e3oTom\u00e9 (Dioscorea alata L.). \u201cDevido as condi\u00e7\u00f5es edafoclim\u00e1ticas favor\u00e1veis a cultura, a primeira experi\u00eancia foi realizada na regi\u00e3o do Porto Murtinho, por agricultores que vieram do nordeste e se instalaram naquele local\u201d, explica o gerente regional da Emater-RO para o Territ\u00f3rio do Vale do Guapor\u00e9, Luciano Brand\u00e3o.<\/p>\n<p>Ao longo dos anos a cultura difundiu-se na regi\u00e3o tornando um neg\u00f3cio rent\u00e1vel para os munic\u00edpios do entorno da BR-429. Luciano conta que, sob orienta\u00e7\u00e3o dos extensionistas da Emater-RO, 375 agricultores familiares assistidos na regi\u00e3o do Vale do Guapor\u00e9 v\u00eam conseguindo melhorar as t\u00e9cnicas de produ\u00e7\u00e3o e comercializa\u00e7\u00e3o do inhame, agregando melhores pre\u00e7os aos produtos. \u201cEsses produtos s\u00e3o comercializados em sua totalidade para fora do estado, em especial para o nordeste, grande compradora da produ\u00e7\u00e3o local, gerando uma renda bruta na regi\u00e3o em torno de R$ 24 milh\u00f5es com uma produ\u00e7\u00e3o, em m\u00e9dia, de 16 mil toneladas ao ano, cerca de 40% a mais que no ano passado\u201d, diz Luciano.<\/p>\n<p>O gerente explica ainda, que apesar de a produ\u00e7\u00e3o ter aumentado, houve uma queda no valor econ\u00f4mico gerado com a venda da produ\u00e7\u00e3o. \u201cIsso se deu devido a uma pequena queda na produ\u00e7\u00e3o do inhame da variedade Da Costa, cujo pre\u00e7o m\u00e9dio \u00e9 bem maior que o da variedade S\u00e3o Tom\u00e9, que teve um aumento na produ\u00e7\u00e3o de mais de 70%, passando de 6.796,25 toneladas em 2016, para 11.700 toneladas em 2017. (quadros 2 e 3)<\/p>\n<p><img decoding=\"async\" loading=\"lazy\" class=\"alignnone size-full wp-image-4406\" src=\"http:\/\/www.emater.ro.gov.br\/ematerro\/wp-content\/uploads\/2017\/12\/Producao-de-Inhame-Quadro-2-e-3-Emater-RO.jpg\" alt=\"Producao-de-Inhame---Quadro-2-e-3---Emater-RO\" width=\"1000\" height=\"486\" srcset=\"http:\/\/www.emater.ro.gov.br\/ematerro\/wp-content\/uploads\/2017\/12\/Producao-de-Inhame-Quadro-2-e-3-Emater-RO.jpg 1000w, http:\/\/www.emater.ro.gov.br\/ematerro\/wp-content\/uploads\/2017\/12\/Producao-de-Inhame-Quadro-2-e-3-Emater-RO-300x146.jpg 300w, http:\/\/www.emater.ro.gov.br\/ematerro\/wp-content\/uploads\/2017\/12\/Producao-de-Inhame-Quadro-2-e-3-Emater-RO-768x373.jpg 768w\" sizes=\"(max-width: 1000px) 100vw, 1000px\" \/><br \/>\n<strong>CULTURA EM EXPANS\u00c3O<\/strong><br \/>\nAs boas perspectivas apresentadas na produ\u00e7\u00e3o de inhame pelos agricultores do Vale do Guapor\u00e9 t\u00eam despertado o interesse pela cultura em produtores de todo o estado. A regi\u00e3o do Vale do Jamari, segunda maior produtora do estado, ganha destaque com a produ\u00e7\u00e3o de Machadinho do Oeste que conta com uma produtividade de 600 toneladas\/ano.<\/p>\n<p>Outras regi\u00f5es tamb\u00e9m t\u00eam buscado no inhame a alternativa para melhoria de renda da fam\u00edlia rural. Segundo dados do Sistema de Gerenciamento de Assist\u00eancia T\u00e9cnica e Extens\u00e3o Rural (Sigater), da Emater, a entidade assiste diretamente, em todo o estado, 4.347 agricultores familiares que exploram uma \u00e1rea de 1.408,5 ha e que juntos produzem 706.128 toneladas\/ano, uma produ\u00e7\u00e3o que est\u00e1 se expandindo.(quadro 4)<\/p>\n<p><img decoding=\"async\" loading=\"lazy\" class=\"alignleft wp-image-4407\" src=\"http:\/\/www.emater.ro.gov.br\/ematerro\/wp-content\/uploads\/2017\/12\/Producao-de-Inhame-Quadro-4-Emater-RO.jpg\" alt=\"Producao-de-Inhame---Quadro-4---Emater-RO\" width=\"400\" height=\"242\" srcset=\"http:\/\/www.emater.ro.gov.br\/ematerro\/wp-content\/uploads\/2017\/12\/Producao-de-Inhame-Quadro-4-Emater-RO.jpg 1000w, http:\/\/www.emater.ro.gov.br\/ematerro\/wp-content\/uploads\/2017\/12\/Producao-de-Inhame-Quadro-4-Emater-RO-300x181.jpg 300w, http:\/\/www.emater.ro.gov.br\/ematerro\/wp-content\/uploads\/2017\/12\/Producao-de-Inhame-Quadro-4-Emater-RO-768x464.jpg 768w\" sizes=\"(max-width: 400px) 100vw, 400px\" \/>Esses resultados t\u00eam atra\u00eddo investidores ao estado em busca do produto visando sua exporta\u00e7\u00e3o. Considerado um dos alimentos medicinais mais eficientes, com in\u00fameros benef\u00edcios \u00e0 sa\u00fade, o inhame \u00e9 um produto muito procurado para consumo de quem quer levar uma vida mais saud\u00e1vel. Pa\u00edses como Paquist\u00e3o, Holanda e Estados Unidos t\u00eam buscado a produ\u00e7\u00e3o rondoniense para satisfazer a necessidade de sua popula\u00e7\u00e3o.<\/p>\n<p>A exportadora \u201cAtl\u00e2ntica Com\u00e9rcio de Gr\u00e3os\u201d, sediada no estado do Esp\u00edrito Santo, visitou recentemente a regi\u00e3o do Vale do Guapor\u00e9 e trouxe grandes perspectivas de compra da produ\u00e7\u00e3o para com\u00e9rcio direto com outros pa\u00edses. Como se pode perceber, a demanda \u00e9 grande e com o mercado aberto os produtores querem investir mais na cultura com a certeza de que esse \u00e9 um bom neg\u00f3cio para a economia local.<\/p>\n<h6 style=\"text-align: right;\">\n<strong><em>Texto: Wania Ressutti<\/em><\/strong><br \/>\n<strong><em>Jornalista \u2013 SRTE\/DRT\/RO-959<\/em><\/strong><br \/>\n<strong><em>Fotos: Irene Mendes<\/em><\/strong><br \/>\n<strong><em>Rep\u00f3rter fotogr\u00e1fica \u2013 SRTE\/DRT\/RO-368<\/em><\/strong><br \/>\n<strong><em>EMATER-RO<\/em><\/strong><\/h6>\n","protected":false},"excerpt":{"rendered":"<p>Desde sua consolida\u00e7\u00e3o como alternativa de renda para produtores familiares da regi\u00e3o do Vale do Guapor\u00e9, o inhame vem ganhando novos adeptos no estado. Munic\u00edpios das regi\u00f5es como a do [&hellip;]<\/p>\n","protected":false},"author":9,"featured_media":4403,"comment_status":"closed","ping_status":"closed","sticky":false,"template":"","format":"standard","meta":[],"categories":[10,9,12],"tags":[],"_links":{"self":[{"href":"http:\/\/www.emater.ro.gov.br\/ematerro\/wp-json\/wp\/v2\/posts\/4402"}],"collection":[{"href":"http:\/\/www.emater.ro.gov.br\/ematerro\/wp-json\/wp\/v2\/posts"}],"about":[{"href":"http:\/\/www.emater.ro.gov.br\/ematerro\/wp-json\/wp\/v2\/types\/post"}],"author":[{"embeddable":true,"href":"http:\/\/www.emater.ro.gov.br\/ematerro\/wp-json\/wp\/v2\/users\/9"}],"replies":[{"embeddable":true,"href":"http:\/\/www.emater.ro.gov.br\/ematerro\/wp-json\/wp\/v2\/comments?post=4402"}],"version-history":[{"count":1,"href":"http:\/\/www.emater.ro.gov.br\/ematerro\/wp-json\/wp\/v2\/posts\/4402\/revisions"}],"predecessor-version":[{"id":4408,"href":"http:\/\/www.emater.ro.gov.br\/ematerro\/wp-json\/wp\/v2\/posts\/4402\/revisions\/4408"}],"wp:featuredmedia":[{"embeddable":true,"href":"http:\/\/www.emater.ro.gov.br\/ematerro\/wp-json\/wp\/v2\/media\/4403"}],"wp:attachment":[{"href":"http:\/\/www.emater.ro.gov.br\/ematerro\/wp-json\/wp\/v2\/media?parent=4402"}],"wp:term":[{"taxonomy":"category","embeddable":true,"href":"http:\/\/www.emater.ro.gov.br\/ematerro\/wp-json\/wp\/v2\/categories?post=4402"},{"taxonomy":"post_tag","embeddable":true,"href":"http:\/\/www.emater.ro.gov.br\/ematerro\/wp-json\/wp\/v2\/tags?post=4402"}],"curies":[{"name":"wp","href":"https:\/\/api.w.org\/{rel}","templated":true}]}}