{"id":413,"date":"2016-07-15T12:13:06","date_gmt":"2016-07-15T16:13:06","guid":{"rendered":"http:\/\/www.emater.ro.gov.br\/ematerro\/?p=413"},"modified":"2016-08-17T09:24:03","modified_gmt":"2016-08-17T13:24:03","slug":"caravana-de-oportunidade-aquece-negocios-para-2a-portoagro","status":"publish","type":"post","link":"http:\/\/www.emater.ro.gov.br\/ematerro\/2016\/07\/15\/caravana-de-oportunidade-aquece-negocios-para-2a-portoagro\/","title":{"rendered":"Caravana de oportunidade aquece neg\u00f3cios para 2\u00aa Portoagro"},"content":{"rendered":"<div style=\"text-align: justify;\">A comiss\u00e3o de cr\u00e9dito rural que integra a coordena\u00e7\u00e3o para realiza\u00e7\u00e3o da 2\u00aa Portoagro j\u00e1 deu in\u00edcio aos eventos pr\u00e9vios da Feira de Agroneg\u00f3cios e Tecnologias Rurais Sustent\u00e1veis de Porto Velho. A caravana de oportunidade de cr\u00e9dito est\u00e1 passando por diversos munic\u00edpios e distritos do Territ\u00f3rio Madeira Mamor\u00e9 com o objetivo de agilizar os tramites das propostas para financiamento de bens agr\u00edcolas.<\/div>\n<div style=\"text-align: justify;\"><\/div>\n<div style=\"text-align: justify;\">O primeiro evento foi realizado em Itapu\u00e3 do Oeste (02\/07), com a contrata\u00e7\u00e3o de 16 projetos no valor de R$ 1.100.000,00, seguido de Porto velho (04\/07), quando houve a contrata\u00e7\u00e3o de 212 projetos totalizando R$ 11.549.196,32. No dia 13 de julho, no munic\u00edpio de Nova Mamor\u00e9, foram contratados 60 projetos em um montante R$ 4.239.525,33. Excepcionalmente, no distrito de Nova Calif\u00f3rnia, o evento que teve in\u00edcio neste dia 14 de julho com a contrata\u00e7\u00e3o de 17 projetos (R$ 2.727.018), foi prorrogado para receber as novas propostas at\u00e9 o dia 17.<\/div>\n<div style=\"text-align: justify;\"><\/div>\n<div style=\"text-align: justify;\">Esses eventos contaram com a participa\u00e7\u00e3o das entidades parceiras, Seagri, Emater e institui\u00e7\u00f5es financeiras oficiais, que ficaram \u00e0 disposi\u00e7\u00e3o para elabora\u00e7\u00e3o de novos projetos para serem contratados durante a 2\u00aa Portoagro. Segundo Hilton Uchoa das Neves, gerente regional da Emater-RO no Territ\u00f3rio Madeira Mamor\u00e9, somente para Porto velho j\u00e1 est\u00e3o previstos a elabora\u00e7\u00e3o de 114 novos projetos.<\/div>\n<div style=\"text-align: justify;\"><\/div>\n<div style=\"text-align: justify;\">A realiza\u00e7\u00e3o da caravana de oportunidade de cr\u00e9dito \u00e9 uma forma de oportunizar os agricultores para conseguirem, em tempo h\u00e1bil, agilizar suas documenta\u00e7\u00f5es junto aos bancos, a fim de obter a libera\u00e7\u00e3o dos projetos elaborados pelos extensionistas da Emater-RO.<\/div>\n<div style=\"text-align: justify;\"><\/div>\n<div style=\"text-align: justify;\">Os recursos financeiros s\u00e3o disponibilizados a juros subsidiados de 5,5% ao ano, para o agroneg\u00f3cio familiar. Com a rodada de neg\u00f3cios antecipada o produtor pode ainda aproveitar os benef\u00edcios oferecidas para a Safra 2016\/2017. \u201cPara custeio em pecu\u00e1ria leiteira, por exemplo, os juros s\u00e3o de 2,5% ao ano\u201d, diz Uchoa, complementando que tamb\u00e9m houve um aumento no limite para financiamento como no caso do Pronaf Mais Alimentos, que passou de R$ 150 mil para R$ 165 mil, e para incremento das atividades frut\u00edferas, av\u00edcolas e su\u00ednas cujo teto hoje \u00e9 de R$ 330 mil.<\/div>\n<div style=\"text-align: justify;\"><\/div>\n<div style=\"text-align: justify;\">A caravana de oportunidade de cr\u00e9dito dever\u00e1 passar ainda por mais seis localidades, levando as facilidades para aquisi\u00e7\u00e3o de m\u00e1quinas, equipamentos, insumos e demais bens agr\u00edcolas, a fim de que a libera\u00e7\u00e3o dos cr\u00e9ditos propostos seja efetivada durante a 2\u00aa Portoagro, j\u00e1 que as institui\u00e7\u00f5es financeiras necessitam de um prazo de cerca de 60 dias para a tramita\u00e7\u00e3o de todo o processo.<\/div>\n<div><\/div>\n<div><\/div>\n<div><em>Wania Ressutti<\/em><\/div>\n<div><em>Jornalista \u2013 SRTE\/DRT\/RO-959<\/em><\/div>\n<div><em>Fotos: Irene Mendes<\/em><\/div>\n<div><em>Rep\u00f3rter fotogr\u00e1fica \u2013 SRTE\/DRT\/RO-368<\/em><\/div>\n<div><em>EMATER-RO<\/em><\/div>\n<div><\/div>\n<div>Abaixo, as datas e localidades onde ser\u00e3o realizados os pr\u00f3ximos eventos da Caravana de Oportunidade de Credito:<\/div>\n<div><\/div>\n<div>02\/07\/2016<\/div>\n<div>Linha 618 \u2013 Embratel (durante o Concurso Leiteiro)<\/div>\n<div>Itapu\u00e3 do Oeste<\/div>\n<div><\/div>\n<div>13\/07\/2016<\/div>\n<div>Gin\u00e1sio Amarel\u00e3o<\/div>\n<div>Nova Mamor\u00e9<\/div>\n<div><\/div>\n<div>14\/07\/2016<\/div>\n<div>Clube dos Pioneiros<\/div>\n<div>Nova Calif\u00f3rnia<\/div>\n<div><\/div>\n<div>19\/07\/2016<\/div>\n<div>C\u00e2mara Municipal<\/div>\n<div>Candeias do Jamari<\/div>\n<div><\/div>\n<div>27\/07\/2016<\/div>\n<div>Linha 631 &#8211; Propriedade Joana<\/div>\n<div>Triunfo<\/div>\n<div><\/div>\n<div>29\/07\/2016<\/div>\n<div>Quadra da Escola Estadual Cesar Freitas Cassol \/ Av. Dos Imigrantes<\/div>\n<div>Uni\u00e3o Bandeirantes<\/div>\n<div><\/div>\n<div>03\/08\/2016<\/div>\n<div>Centro Comunit\u00e1rio de Nova Mutum<\/div>\n<div>Jaci-Paran\u00e1<\/div>\n<div><\/div>\n<div>05\/08\/2016<\/div>\n<div>Associa\u00e7\u00e3o dos Servidores da Emater-RO (Asser-RO)<\/div>\n<div>Porto Velho<\/div>\n<div><\/div>\n<div>12\/08\/2016<\/div>\n<div>Esteio Leil\u00f5es (durante Concurso Leiteiro)<\/div>\n<div>\n<p>Extrema<\/p>\n<p><img decoding=\"async\" loading=\"lazy\" class=\"alignnone size-full wp-image-414\" src=\"http:\/\/www.emater.ro.gov.br\/ematerro\/wp-content\/uploads\/2016\/07\/12362.jpg\" alt=\"12362\" width=\"500\" height=\"360\" srcset=\"http:\/\/www.emater.ro.gov.br\/ematerro\/wp-content\/uploads\/2016\/07\/12362.jpg 500w, http:\/\/www.emater.ro.gov.br\/ematerro\/wp-content\/uploads\/2016\/07\/12362-300x216.jpg 300w\" sizes=\"(max-width: 500px) 100vw, 500px\" \/><\/p>\n<\/div>\n<div><\/div>\n<div><img decoding=\"async\" loading=\"lazy\" class=\"alignnone size-full wp-image-415\" src=\"http:\/\/www.emater.ro.gov.br\/ematerro\/wp-content\/uploads\/2016\/07\/12363.jpg\" alt=\"12363\" width=\"500\" height=\"361\" srcset=\"http:\/\/www.emater.ro.gov.br\/ematerro\/wp-content\/uploads\/2016\/07\/12363.jpg 500w, http:\/\/www.emater.ro.gov.br\/ematerro\/wp-content\/uploads\/2016\/07\/12363-300x217.jpg 300w\" sizes=\"(max-width: 500px) 100vw, 500px\" \/><\/div>\n","protected":false},"excerpt":{"rendered":"<p>A comiss\u00e3o de cr\u00e9dito rural que integra a coordena\u00e7\u00e3o para realiza\u00e7\u00e3o da 2\u00aa Portoagro j\u00e1 deu in\u00edcio aos eventos pr\u00e9vios da Feira de Agroneg\u00f3cios e Tecnologias Rurais Sustent\u00e1veis de Porto [&hellip;]<\/p>\n","protected":false},"author":1,"featured_media":416,"comment_status":"closed","ping_status":"open","sticky":false,"template":"","format":"standard","meta":[],"categories":[9,12],"tags":[],"_links":{"self":[{"href":"http:\/\/www.emater.ro.gov.br\/ematerro\/wp-json\/wp\/v2\/posts\/413"}],"collection":[{"href":"http:\/\/www.emater.ro.gov.br\/ematerro\/wp-json\/wp\/v2\/posts"}],"about":[{"href":"http:\/\/www.emater.ro.gov.br\/ematerro\/wp-json\/wp\/v2\/types\/post"}],"author":[{"embeddable":true,"href":"http:\/\/www.emater.ro.gov.br\/ematerro\/wp-json\/wp\/v2\/users\/1"}],"replies":[{"embeddable":true,"href":"http:\/\/www.emater.ro.gov.br\/ematerro\/wp-json\/wp\/v2\/comments?post=413"}],"version-history":[{"count":2,"href":"http:\/\/www.emater.ro.gov.br\/ematerro\/wp-json\/wp\/v2\/posts\/413\/revisions"}],"predecessor-version":[{"id":462,"href":"http:\/\/www.emater.ro.gov.br\/ematerro\/wp-json\/wp\/v2\/posts\/413\/revisions\/462"}],"wp:featuredmedia":[{"embeddable":true,"href":"http:\/\/www.emater.ro.gov.br\/ematerro\/wp-json\/wp\/v2\/media\/416"}],"wp:attachment":[{"href":"http:\/\/www.emater.ro.gov.br\/ematerro\/wp-json\/wp\/v2\/media?parent=413"}],"wp:term":[{"taxonomy":"category","embeddable":true,"href":"http:\/\/www.emater.ro.gov.br\/ematerro\/wp-json\/wp\/v2\/categories?post=413"},{"taxonomy":"post_tag","embeddable":true,"href":"http:\/\/www.emater.ro.gov.br\/ematerro\/wp-json\/wp\/v2\/tags?post=413"}],"curies":[{"name":"wp","href":"https:\/\/api.w.org\/{rel}","templated":true}]}}